{"id":3813,"date":"2026-09-02T16:11:35","date_gmt":"2026-09-02T19:11:35","guid":{"rendered":"https:\/\/pcimt.org\/?p=3813"},"modified":"2026-09-02T18:42:45","modified_gmt":"2026-09-02T21:42:45","slug":"avancos-nos-pactos-pci-mato-grosso","status":"publish","type":"post","link":"https:\/\/pcimt.org\/en\/avancos-nos-pactos-pci-mato-grosso\/","title":{"rendered":"Avan\u00e7os nos Pactos PCI fortalecem governan\u00e7a e desenvolvimento sustent\u00e1vel em Mato Grosso"},"content":{"rendered":"<p><span style=\"font-weight: 400;\">Quando diferentes setores de um territ\u00f3rio compartilham desafios e constroem respostas conjuntas, o planejamento ganha for\u00e7a e se transforma em a\u00e7\u00e3o. \u00c9 nesse movimento que os Pactos PCI v\u00eam ampliando sua atua\u00e7\u00e3o em Mato Grosso, aproximando institui\u00e7\u00f5es, comunidades, produtores e gestores p\u00fablicos em torno de prioridades comuns.<\/span><\/p>\n<p><span style=\"font-weight: 400;\">Nos \u00faltimos meses, essa articula\u00e7\u00e3o avan\u00e7ou com a expans\u00e3o para munic\u00edpios como Nova Mutum e Nova Xavantina, o fortalecimento dos Comit\u00eas Gestores e a constru\u00e7\u00e3o de planos voltados \u00e0 agricultura familiar e aos povos ind\u00edgenas.\u00a0<\/span><\/p>\n<p><span style=\"font-weight: 400;\">As iniciativas mostram uma governan\u00e7a cada vez mais voltada \u00e0 transforma\u00e7\u00e3o das demandas locais em projetos, parcerias e oportunidades. Os avan\u00e7os tamb\u00e9m envolvem regulariza\u00e7\u00e3o ambiental, capacita\u00e7\u00e3o, fortalecimento de organiza\u00e7\u00f5es produtivas e aproxima\u00e7\u00e3o com fontes de financiamento.\u00a0<\/span><\/p>\n<p><span style=\"font-weight: 400;\">Ao conectar diferentes atores e experi\u00eancias, os Pactos refor\u00e7am uma das principais caracter\u00edsticas da Estrat\u00e9gia Produzir, Conservar e Incluir (PCI): construir solu\u00e7\u00f5es a partir da realidade de cada munic\u00edpio, articulando prioridades locais e regionais em favor do desenvolvimento sustent\u00e1vel.<\/span><\/p>\n<h2><span style=\"font-weight: 400;\">Expans\u00e3o territorial amplia a presen\u00e7a dos Pactos PCI<\/span><\/h2>\n<p><span style=\"font-weight: 400;\">A expans\u00e3o dos Pactos PCI n\u00e3o representa apenas a chegada da estrat\u00e9gia a novos munic\u00edpios. Ela amplia a possibilidade de construir respostas diferentes para realidades que tamb\u00e9m s\u00e3o diferentes.<\/span><\/p>\n<p><span style=\"font-weight: 400;\">Em 2026, esse movimento ganhou novos cap\u00edtulos com a formaliza\u00e7\u00e3o dos Pactos de Nova Mutum e Nova Xavantina, enquanto o Pacto de Quer\u00eancia, formalizado em 2025, avan\u00e7ou na consolida\u00e7\u00e3o de sua atua\u00e7\u00e3o.<\/span><\/p>\n<p><span style=\"font-weight: 400;\">Com as novas formaliza\u00e7\u00f5es, a Estrat\u00e9gia PCI alcan\u00e7a 14 Pactos PCI em Mato Grosso, em um processo iniciado em 2018 e constru\u00eddo gradualmente ao longo dos anos. A expans\u00e3o tamb\u00e9m cria novas possibilidades de articula\u00e7\u00e3o nas regi\u00f5es do Araguaia e Teles Pires, condicionadas \u00e0 forma\u00e7\u00e3o de parcerias e \u00e0 capacidade de mobiliza\u00e7\u00e3o de recursos para transformar a governan\u00e7a em a\u00e7\u00f5es concretas.\u00a0<\/span><\/p>\n<figure id=\"attachment_3814\" aria-describedby=\"caption-attachment-3814\" style=\"width: 1024px\" class=\"wp-caption alignnone\"><img fetchpriority=\"high\" decoding=\"async\" class=\"wp-image-3814 size-large\" src=\"http:\/\/pcimt.org\/wp-content\/uploads\/2026\/09\/Foto-01-\u2014-Formalizac\u0327a\u0303o-do-Pacto-de-Nova-Xavantina-1024x768.jpeg\" alt=\"\" width=\"1024\" height=\"768\" srcset=\"https:\/\/pcimt.org\/wp-content\/uploads\/2026\/09\/Foto-01-\u2014-Formalizac\u0327a\u0303o-do-Pacto-de-Nova-Xavantina-1024x768.jpeg 1024w, https:\/\/pcimt.org\/wp-content\/uploads\/2026\/09\/Foto-01-\u2014-Formalizac\u0327a\u0303o-do-Pacto-de-Nova-Xavantina-300x225.jpeg 300w, https:\/\/pcimt.org\/wp-content\/uploads\/2026\/09\/Foto-01-\u2014-Formalizac\u0327a\u0303o-do-Pacto-de-Nova-Xavantina-768x576.jpeg 768w, https:\/\/pcimt.org\/wp-content\/uploads\/2026\/09\/Foto-01-\u2014-Formalizac\u0327a\u0303o-do-Pacto-de-Nova-Xavantina-1536x1152.jpeg 1536w, https:\/\/pcimt.org\/wp-content\/uploads\/2026\/09\/Foto-01-\u2014-Formalizac\u0327a\u0303o-do-Pacto-de-Nova-Xavantina-16x12.jpeg 16w, https:\/\/pcimt.org\/wp-content\/uploads\/2026\/09\/Foto-01-\u2014-Formalizac\u0327a\u0303o-do-Pacto-de-Nova-Xavantina.jpeg 1600w\" sizes=\"(max-width: 1024px) 100vw, 1024px\" \/><figcaption id=\"caption-attachment-3814\" class=\"wp-caption-text\">Formaliza\u00e7\u00e3o do Pacto de Nova Xavantina<\/figcaption><\/figure>\n<p>&nbsp;<\/p>\n<p><span style=\"font-weight: 400;\">A imagem da formaliza\u00e7\u00e3o em Nova Xavantina representa, nesse contexto, mais do que um novo registro institucional. Ela marca a entrada de mais um territ\u00f3rio em uma rede que busca articular produ\u00e7\u00e3o, conserva\u00e7\u00e3o e inclus\u00e3o a partir das prioridades locais.<\/span><\/p>\n<h2><span style=\"font-weight: 400;\">Governan\u00e7as locais mais estruturadas e atuantes<\/span><\/h2>\n<p><span style=\"font-weight: 400;\">A expans\u00e3o territorial veio acompanhada de uma mudan\u00e7a na forma como os Pactos organizam sua governan\u00e7a. Em 2025, foram estabelecidos e sistematizados procedimentos para cria\u00e7\u00e3o, formaliza\u00e7\u00e3o e gest\u00e3o dos Pactos, tendo como refer\u00eancia as Diretrizes para Cria\u00e7\u00e3o e Gest\u00e3o dos Pactos PCI.\u00a0<\/span><\/p>\n<p><span style=\"font-weight: 400;\">A estrutura passou a buscar maior representatividade e participa\u00e7\u00e3o dos diferentes setores presentes nos munic\u00edpios. Entre os principais avan\u00e7os est\u00e3o:<\/span><\/p>\n<ul>\n<li style=\"font-weight: 400;\" aria-level=\"1\"><span style=\"font-weight: 400;\">Comit\u00eas Gestores ampliados: a estrutura, que anteriormente reunia aproximadamente sete integrantes, passou a contar com m\u00e9dia de 12 a 20 membros por Pacto.\u00a0<\/span><\/li>\n<li style=\"font-weight: 400;\" aria-level=\"1\"><span style=\"font-weight: 400;\">Participa\u00e7\u00e3o dos tr\u00eas setores: poder p\u00fablico, setor privado e sociedade civil passaram a ter presen\u00e7a ampliada nos espa\u00e7os de constru\u00e7\u00e3o e acompanhamento das agendas.\u00a0<\/span><\/li>\n<li style=\"font-weight: 400;\" aria-level=\"1\"><span style=\"font-weight: 400;\">Maior diversidade na lideran\u00e7a: representantes do setor produtivo ocupam posi\u00e7\u00f5es de presid\u00eancia e vice-presid\u00eancia em diferentes Comit\u00eas Gestores.\u00a0<\/span><\/li>\n<li style=\"font-weight: 400;\" aria-level=\"1\"><span style=\"font-weight: 400;\">Participa\u00e7\u00e3o no eixo Incluir: agricultores familiares e representantes dos povos ind\u00edgenas est\u00e3o presentes nos espa\u00e7os de planejamento e tomada de decis\u00e3o.\u00a0<\/span><\/li>\n<li style=\"font-weight: 400;\" aria-level=\"1\"><span style=\"font-weight: 400;\">Governan\u00e7a regional: os 14 Pactos municipais s\u00e3o organizados em quatro agrupamentos territoriais, considerando din\u00e2micas produtivas, ambientais, sociais e desafios compartilhados.\u00a0<\/span><\/li>\n<li style=\"font-weight: 400;\" aria-level=\"1\"><span style=\"font-weight: 400;\">Rede com mais de 120 integrantes: os 12 Pactos que j\u00e1 possuem governan\u00e7as formalizadas re\u00fanem atualmente mais de 120 membros.\u00a0<\/span><\/li>\n<li style=\"font-weight: 400;\" aria-level=\"1\"><span style=\"font-weight: 400;\">Organiza\u00e7\u00e3o dos Comit\u00eas: reuni\u00f5es peri\u00f3dicas, atualiza\u00e7\u00e3o de signat\u00e1rios, constru\u00e7\u00e3o de regimentos internos, defini\u00e7\u00e3o de responsabilidades e calend\u00e1rios anuais passaram a fazer parte do processo de estrutura\u00e7\u00e3o.\u00a0<\/span><\/li>\n<\/ul>\n<p><span style=\"font-weight: 400;\">A mudan\u00e7a altera a pr\u00f3pria din\u00e2mica dos Pactos. Ao reunir mais institui\u00e7\u00f5es e diferentes perspectivas em torno das decis\u00f5es, os Comit\u00eas Gestores deixam de ser apenas espa\u00e7os de representa\u00e7\u00e3o e passam a ter um papel mais direto na defini\u00e7\u00e3o e no acompanhamento das prioridades de cada territ\u00f3rio.<\/span><\/p>\n<figure id=\"attachment_3815\" aria-describedby=\"caption-attachment-3815\" style=\"width: 1024px\" class=\"wp-caption alignnone\"><img decoding=\"async\" class=\"wp-image-3815 size-large\" src=\"http:\/\/pcimt.org\/wp-content\/uploads\/2026\/09\/Foto-02-\u2014-Reunia\u0303o-BG-1024x683.jpg\" alt=\"\" width=\"1024\" height=\"683\" srcset=\"https:\/\/pcimt.org\/wp-content\/uploads\/2026\/09\/Foto-02-\u2014-Reunia\u0303o-BG-1024x683.jpg 1024w, https:\/\/pcimt.org\/wp-content\/uploads\/2026\/09\/Foto-02-\u2014-Reunia\u0303o-BG-300x200.jpg 300w, https:\/\/pcimt.org\/wp-content\/uploads\/2026\/09\/Foto-02-\u2014-Reunia\u0303o-BG-768x512.jpg 768w, https:\/\/pcimt.org\/wp-content\/uploads\/2026\/09\/Foto-02-\u2014-Reunia\u0303o-BG-1536x1024.jpg 1536w, https:\/\/pcimt.org\/wp-content\/uploads\/2026\/09\/Foto-02-\u2014-Reunia\u0303o-BG-2048x1365.jpg 2048w, https:\/\/pcimt.org\/wp-content\/uploads\/2026\/09\/Foto-02-\u2014-Reunia\u0303o-BG-18x12.jpg 18w\" sizes=\"(max-width: 1024px) 100vw, 1024px\" \/><figcaption id=\"caption-attachment-3815\" class=\"wp-caption-text\">Reuni\u00e3o do Comit\u00ea Gestor do Pacto de Barra do Gar\u00e7as<\/figcaption><\/figure>\n<p>&nbsp;<\/p>\n<figure id=\"attachment_3816\" aria-describedby=\"caption-attachment-3816\" style=\"width: 1024px\" class=\"wp-caption alignnone\"><img decoding=\"async\" class=\"wp-image-3816 size-large\" src=\"http:\/\/pcimt.org\/wp-content\/uploads\/2026\/09\/Foto-03-\u2014-Reunia\u0303o-1024x768.jpeg\" alt=\"\" width=\"1024\" height=\"768\" srcset=\"https:\/\/pcimt.org\/wp-content\/uploads\/2026\/09\/Foto-03-\u2014-Reunia\u0303o-1024x768.jpeg 1024w, https:\/\/pcimt.org\/wp-content\/uploads\/2026\/09\/Foto-03-\u2014-Reunia\u0303o-300x225.jpeg 300w, https:\/\/pcimt.org\/wp-content\/uploads\/2026\/09\/Foto-03-\u2014-Reunia\u0303o-768x576.jpeg 768w, https:\/\/pcimt.org\/wp-content\/uploads\/2026\/09\/Foto-03-\u2014-Reunia\u0303o-16x12.jpeg 16w, https:\/\/pcimt.org\/wp-content\/uploads\/2026\/09\/Foto-03-\u2014-Reunia\u0303o.jpeg 1280w\" sizes=\"(max-width: 1024px) 100vw, 1024px\" \/><figcaption id=\"caption-attachment-3816\" class=\"wp-caption-text\">Reuni\u00e3o do Comit\u00ea Gestor do Pacto de Quer\u00eancia<\/figcaption><\/figure>\n<p><span style=\"font-weight: 400;\"><br \/>\nAs reuni\u00f5es de Barra do Gar\u00e7as e Quer\u00eancia ajudam a traduzir essa transforma\u00e7\u00e3o para a pr\u00e1tica: a governan\u00e7a acontece no encontro entre os diferentes atores que participam da constru\u00e7\u00e3o das agendas municipais.<\/span><\/p>\n<h2><span style=\"font-weight: 400;\">PMAFIs levam a constru\u00e7\u00e3o das pol\u00edticas para dentro dos territ\u00f3rios<\/span><\/h2>\n<p><span style=\"font-weight: 400;\">Se os Comit\u00eas Gestores ampliaram a participa\u00e7\u00e3o institucional, os Planos Municipais de Agricultura Familiar e Ind\u00edgena (PMAFIs) levaram essa l\u00f3gica de participa\u00e7\u00e3o diretamente \u00e0s comunidades.<\/span><\/p>\n<p><span style=\"font-weight: 400;\">Nos \u00faltimos 12 meses, o trabalho alcan\u00e7ou nove munic\u00edpios, com mais de 30 oficinas participativas e mais de 900 participantes, entre agricultores familiares, povos ind\u00edgenas, lideran\u00e7as comunit\u00e1rias, associa\u00e7\u00f5es, cooperativas, representantes do poder p\u00fablico e institui\u00e7\u00f5es parceiras.\u00a0<\/span><\/p>\n<p><span style=\"font-weight: 400;\">A escolha dos locais tamb\u00e9m faz diferen\u00e7a. As oficinas foram realizadas prioritariamente em assentamentos, comunidades rurais, aldeias e outros espa\u00e7os de organiza\u00e7\u00e3o local.\u00a0<\/span><\/p>\n<p><span style=\"font-weight: 400;\">Com isso, o planejamento parte da experi\u00eancia de quem vive, produz e conhece os desafios do territ\u00f3rio. Os PMAFIs trabalham com um horizonte de 12 anos e contemplam cinco eixos:\u00a0<\/span><\/p>\n<ol>\n<li style=\"font-weight: 400;\" aria-level=\"1\"><span style=\"font-weight: 400;\">Produ\u00e7\u00e3o Sustent\u00e1vel;\u00a0<\/span><\/li>\n<li style=\"font-weight: 400;\" aria-level=\"1\"><span style=\"font-weight: 400;\">Agrega\u00e7\u00e3o de Valor e Comercializa\u00e7\u00e3o;\u00a0<\/span><\/li>\n<li style=\"font-weight: 400;\" aria-level=\"1\"><span style=\"font-weight: 400;\">Assist\u00eancia T\u00e9cnica e Extens\u00e3o Rural;\u00a0<\/span><\/li>\n<li style=\"font-weight: 400;\" aria-level=\"1\"><span style=\"font-weight: 400;\">Regulariza\u00e7\u00e3o Ambiental e Fundi\u00e1ria;\u00a0<\/span><\/li>\n<li style=\"font-weight: 400;\" aria-level=\"1\"><span style=\"font-weight: 400;\">Governan\u00e7a.\u00a0<\/span><\/li>\n<\/ol>\n<figure id=\"attachment_3817\" aria-describedby=\"caption-attachment-3817\" style=\"width: 1024px\" class=\"wp-caption alignnone\"><img loading=\"lazy\" decoding=\"async\" class=\"wp-image-3817 size-large\" src=\"http:\/\/pcimt.org\/wp-content\/uploads\/2026\/09\/Foto-04-\u2014-Oficina-do-PMAFI-em-Diamantino-1024x461.jpeg\" alt=\"\" width=\"1024\" height=\"461\" srcset=\"https:\/\/pcimt.org\/wp-content\/uploads\/2026\/09\/Foto-04-\u2014-Oficina-do-PMAFI-em-Diamantino-1024x461.jpeg 1024w, https:\/\/pcimt.org\/wp-content\/uploads\/2026\/09\/Foto-04-\u2014-Oficina-do-PMAFI-em-Diamantino-300x135.jpeg 300w, https:\/\/pcimt.org\/wp-content\/uploads\/2026\/09\/Foto-04-\u2014-Oficina-do-PMAFI-em-Diamantino-768x346.jpeg 768w, https:\/\/pcimt.org\/wp-content\/uploads\/2026\/09\/Foto-04-\u2014-Oficina-do-PMAFI-em-Diamantino-1536x691.jpeg 1536w, https:\/\/pcimt.org\/wp-content\/uploads\/2026\/09\/Foto-04-\u2014-Oficina-do-PMAFI-em-Diamantino-18x8.jpeg 18w, https:\/\/pcimt.org\/wp-content\/uploads\/2026\/09\/Foto-04-\u2014-Oficina-do-PMAFI-em-Diamantino.jpeg 1600w\" sizes=\"(max-width: 1024px) 100vw, 1024px\" \/><figcaption id=\"caption-attachment-3817\" class=\"wp-caption-text\">Oficina do PMAFI em Diamantino<\/figcaption><\/figure>\n<p>&nbsp;<\/p>\n<p><span style=\"font-weight: 400;\">A oficina registrada em Diamantino representa essa mudan\u00e7a de perspectiva: o planejamento municipal deixa de ser constru\u00eddo somente dentro das estruturas administrativas e passa a incorporar a escuta direta das comunidades.<\/span><\/p>\n<h2><span style=\"font-weight: 400;\">Da demanda identificada \u00e0 busca por recursos<\/span><\/h2>\n<p><span style=\"font-weight: 400;\">O fortalecimento da governan\u00e7a tamb\u00e9m come\u00e7a a produzir uma conex\u00e3o mais direta entre as necessidades apontadas nos munic\u00edpios e as oportunidades de financiamento.<\/span><\/p>\n<p><span style=\"font-weight: 400;\">O Instituto PCI intensificou o mapeamento e a divulga\u00e7\u00e3o de editais e passou a apoiar organiza\u00e7\u00f5es locais na an\u00e1lise das chamadas, estrutura\u00e7\u00e3o de ideias e elabora\u00e7\u00e3o das propostas.<\/span><\/p>\n<p><span style=\"font-weight: 400;\">No per\u00edodo analisado, foram mais de 23 propostas elaboradas com apoio da equipe do Instituto PCI, submetidas por organiza\u00e7\u00f5es dos territ\u00f3rios dos Pactos. Desse total, sete propostas j\u00e1 foram aprovadas.\u00a0<\/span><\/p>\n<p><span style=\"font-weight: 400;\">Os projetos est\u00e3o relacionados a demandas como equipamentos, infraestrutura, melhoria da produ\u00e7\u00e3o, beneficiamento, agrega\u00e7\u00e3o de valor e comercializa\u00e7\u00e3o. O resultado mostra uma consequ\u00eancia pr\u00e1tica da aproxima\u00e7\u00e3o entre governan\u00e7a e territ\u00f3rio: identificar um problema passa a ser tamb\u00e9m o primeiro passo para buscar meios de enfrent\u00e1-lo.<\/span><\/p>\n<figure id=\"attachment_3837\" aria-describedby=\"caption-attachment-3837\" style=\"width: 1024px\" class=\"wp-caption alignnone\"><img loading=\"lazy\" decoding=\"async\" class=\"wp-image-3837 size-large\" src=\"http:\/\/pcimt.org\/wp-content\/uploads\/2026\/09\/Foto-05-\u2014-Oficina-do-PMAFI-no-Enawene\u0302-Nawe\u0302-em-Jui\u0301na-1024x576.png\" alt=\"\" width=\"1024\" height=\"576\" srcset=\"https:\/\/pcimt.org\/wp-content\/uploads\/2026\/09\/Foto-05-\u2014-Oficina-do-PMAFI-no-Enawene\u0302-Nawe\u0302-em-Jui\u0301na-1024x576.png 1024w, https:\/\/pcimt.org\/wp-content\/uploads\/2026\/09\/Foto-05-\u2014-Oficina-do-PMAFI-no-Enawene\u0302-Nawe\u0302-em-Jui\u0301na-300x169.png 300w, https:\/\/pcimt.org\/wp-content\/uploads\/2026\/09\/Foto-05-\u2014-Oficina-do-PMAFI-no-Enawene\u0302-Nawe\u0302-em-Jui\u0301na-768x432.png 768w, https:\/\/pcimt.org\/wp-content\/uploads\/2026\/09\/Foto-05-\u2014-Oficina-do-PMAFI-no-Enawene\u0302-Nawe\u0302-em-Jui\u0301na-18x10.png 18w, https:\/\/pcimt.org\/wp-content\/uploads\/2026\/09\/Foto-05-\u2014-Oficina-do-PMAFI-no-Enawene\u0302-Nawe\u0302-em-Jui\u0301na-800x450.png 800w, https:\/\/pcimt.org\/wp-content\/uploads\/2026\/09\/Foto-05-\u2014-Oficina-do-PMAFI-no-Enawene\u0302-Nawe\u0302-em-Jui\u0301na.png 1400w\" sizes=\"(max-width: 1024px) 100vw, 1024px\" \/><figcaption id=\"caption-attachment-3837\" class=\"wp-caption-text\">Oficina do PMAFI no Enawen\u00ea Naw\u00ea, em Ju\u00edna<\/figcaption><\/figure>\n<h2><span style=\"font-weight: 400;\">Regulariza\u00e7\u00e3o ambiental ganha escala a partir da articula\u00e7\u00e3o<\/span><\/h2>\n<p><span style=\"font-weight: 400;\">Em Tangar\u00e1 da Serra, a regulariza\u00e7\u00e3o ambiental mostra como uma demanda local pode mobilizar diferentes institui\u00e7\u00f5es.<\/span><\/p>\n<p><span style=\"font-weight: 400;\">A articula\u00e7\u00e3o entre Instituto PCI, Secretaria de Estado de Meio Ambiente de Mato Grosso (SEMA), Secretaria de Estado de Agricultura Familiar (SEAF), Empresa Mato-grossense de Pesquisa, Assist\u00eancia e Extens\u00e3o Rural (EMPAER), REM-MT, Prefeitura Municipal e Sindicato Rural resultou na formaliza\u00e7\u00e3o de um Acordo de Coopera\u00e7\u00e3o T\u00e9cnica para apoiar a elabora\u00e7\u00e3o do Cadastro Ambiental Rural (CAR).<\/span><\/p>\n<p><span style=\"font-weight: 400;\">A partir da parceria, foram viabilizados recursos para a elabora\u00e7\u00e3o de mais de 170 CARs. O movimento ganhou uma nova dimens\u00e3o com a previs\u00e3o de aproximadamente 1.300 novos CARs em Tangar\u00e1 da Serra, por meio de iniciativa da SEMA com recursos do KfW CAR.\u00a0<\/span><\/p>\n<figure id=\"attachment_3826\" aria-describedby=\"caption-attachment-3826\" style=\"width: 1024px\" class=\"wp-caption alignnone\"><img loading=\"lazy\" decoding=\"async\" class=\"wp-image-3826 size-large\" src=\"http:\/\/pcimt.org\/wp-content\/uploads\/2026\/09\/Foto-06-\u2014-Entrega-do-CAR--1024x576.png\" alt=\"\" width=\"1024\" height=\"576\" srcset=\"https:\/\/pcimt.org\/wp-content\/uploads\/2026\/09\/Foto-06-\u2014-Entrega-do-CAR--1024x576.png 1024w, https:\/\/pcimt.org\/wp-content\/uploads\/2026\/09\/Foto-06-\u2014-Entrega-do-CAR--300x169.png 300w, https:\/\/pcimt.org\/wp-content\/uploads\/2026\/09\/Foto-06-\u2014-Entrega-do-CAR--768x432.png 768w, https:\/\/pcimt.org\/wp-content\/uploads\/2026\/09\/Foto-06-\u2014-Entrega-do-CAR--18x10.png 18w, https:\/\/pcimt.org\/wp-content\/uploads\/2026\/09\/Foto-06-\u2014-Entrega-do-CAR--800x450.png 800w, https:\/\/pcimt.org\/wp-content\/uploads\/2026\/09\/Foto-06-\u2014-Entrega-do-CAR-.png 1200w\" sizes=\"(max-width: 1024px) 100vw, 1024px\" \/><figcaption id=\"caption-attachment-3826\" class=\"wp-caption-text\">Entrega do CAR realizado pelo Instituto PCI em parceria com SEMA, Sindicato Rural e Prefeitura de Tangar\u00e1 da Serra<\/figcaption><\/figure>\n<p>&nbsp;<\/p>\n<figure id=\"attachment_3820\" aria-describedby=\"caption-attachment-3820\" style=\"width: 1024px\" class=\"wp-caption alignnone\"><img loading=\"lazy\" decoding=\"async\" class=\"wp-image-3820 size-large\" src=\"http:\/\/pcimt.org\/wp-content\/uploads\/2026\/09\/Foto-07-\u2014-Mutira\u0303o-do-CAR--1024x576.jpeg\" alt=\"\" width=\"1024\" height=\"576\" srcset=\"https:\/\/pcimt.org\/wp-content\/uploads\/2026\/09\/Foto-07-\u2014-Mutira\u0303o-do-CAR--1024x576.jpeg 1024w, https:\/\/pcimt.org\/wp-content\/uploads\/2026\/09\/Foto-07-\u2014-Mutira\u0303o-do-CAR--300x169.jpeg 300w, https:\/\/pcimt.org\/wp-content\/uploads\/2026\/09\/Foto-07-\u2014-Mutira\u0303o-do-CAR--768x432.jpeg 768w, https:\/\/pcimt.org\/wp-content\/uploads\/2026\/09\/Foto-07-\u2014-Mutira\u0303o-do-CAR--1536x864.jpeg 1536w, https:\/\/pcimt.org\/wp-content\/uploads\/2026\/09\/Foto-07-\u2014-Mutira\u0303o-do-CAR--18x10.jpeg 18w, https:\/\/pcimt.org\/wp-content\/uploads\/2026\/09\/Foto-07-\u2014-Mutira\u0303o-do-CAR--800x450.jpeg 800w, https:\/\/pcimt.org\/wp-content\/uploads\/2026\/09\/Foto-07-\u2014-Mutira\u0303o-do-CAR-.jpeg 1600w\" sizes=\"(max-width: 1024px) 100vw, 1024px\" \/><figcaption id=\"caption-attachment-3820\" class=\"wp-caption-text\">Mutir\u00e3o do CAR em Barra do Gar\u00e7as<\/figcaption><\/figure>\n<p>&nbsp;<\/p>\n<figure id=\"attachment_3821\" aria-describedby=\"caption-attachment-3821\" style=\"width: 1024px\" class=\"wp-caption alignnone\"><img loading=\"lazy\" decoding=\"async\" class=\"wp-image-3821 size-large\" src=\"http:\/\/pcimt.org\/wp-content\/uploads\/2026\/09\/Foto-08-\u2014-Evento-de-lanc\u0327amento-do-Regulariza-Rural--1024x576.jpg\" alt=\"\" width=\"1024\" height=\"576\" srcset=\"https:\/\/pcimt.org\/wp-content\/uploads\/2026\/09\/Foto-08-\u2014-Evento-de-lanc\u0327amento-do-Regulariza-Rural--1024x576.jpg 1024w, https:\/\/pcimt.org\/wp-content\/uploads\/2026\/09\/Foto-08-\u2014-Evento-de-lanc\u0327amento-do-Regulariza-Rural--300x169.jpg 300w, https:\/\/pcimt.org\/wp-content\/uploads\/2026\/09\/Foto-08-\u2014-Evento-de-lanc\u0327amento-do-Regulariza-Rural--768x432.jpg 768w, https:\/\/pcimt.org\/wp-content\/uploads\/2026\/09\/Foto-08-\u2014-Evento-de-lanc\u0327amento-do-Regulariza-Rural--1536x864.jpg 1536w, https:\/\/pcimt.org\/wp-content\/uploads\/2026\/09\/Foto-08-\u2014-Evento-de-lanc\u0327amento-do-Regulariza-Rural--18x10.jpg 18w, https:\/\/pcimt.org\/wp-content\/uploads\/2026\/09\/Foto-08-\u2014-Evento-de-lanc\u0327amento-do-Regulariza-Rural--800x450.jpg 800w, https:\/\/pcimt.org\/wp-content\/uploads\/2026\/09\/Foto-08-\u2014-Evento-de-lanc\u0327amento-do-Regulariza-Rural-.jpg 1600w\" sizes=\"(max-width: 1024px) 100vw, 1024px\" \/><figcaption id=\"caption-attachment-3821\" class=\"wp-caption-text\">Evento de lan\u00e7amento do Regulariza Rural em Tangar\u00e1 da Serra<\/figcaption><\/figure>\n<p>A sequ\u00eancia de registros ajuda a contar a evolu\u00e7\u00e3o da agenda: da articula\u00e7\u00e3o entre institui\u00e7\u00f5es \u00e0 execu\u00e7\u00e3o de a\u00e7\u00f5es de regulariza\u00e7\u00e3o e, posteriormente, \u00e0 amplia\u00e7\u00e3o da escala de atendimento.<\/p>\n<h2><span style=\"font-weight: 400;\">Projetos e a\u00e7\u00f5es come\u00e7am a ocupar o territ\u00f3rio<\/span><\/h2>\n<p><span style=\"font-weight: 400;\">A atua\u00e7\u00e3o dos Pactos tamb\u00e9m se materializa em atividades realizadas diretamente com produtores e comunidades.<\/span><\/p>\n<p><span style=\"font-weight: 400;\">Nos \u00faltimos meses, foram promovidas capacita\u00e7\u00f5es, dias de campo e interc\u00e2mbios relacionados a diferentes cadeias produtivas e pr\u00e1ticas sustent\u00e1veis, incluindo meliponicultura, pecu\u00e1ria leiteira e fruticultura.\u00a0<\/span><\/p>\n<p><span style=\"font-weight: 400;\">Tamb\u00e9m avan\u00e7aram agendas relacionadas \u00e0 restaura\u00e7\u00e3o ambiental, recupera\u00e7\u00e3o de \u00e1reas, viveiros, uso sustent\u00e1vel dos recursos naturais, Pagamento por Servi\u00e7os Ambientais (PSA) e infraestrutura produtiva.\u00a0<\/span><\/p>\n<figure id=\"attachment_3839\" aria-describedby=\"caption-attachment-3839\" style=\"width: 1024px\" class=\"wp-caption alignnone\"><img loading=\"lazy\" decoding=\"async\" class=\"wp-image-3839 size-large\" src=\"http:\/\/pcimt.org\/wp-content\/uploads\/2026\/09\/Foto-09-Dias-de-campo-1024x576.jpeg\" alt=\"\" width=\"1024\" height=\"576\" srcset=\"https:\/\/pcimt.org\/wp-content\/uploads\/2026\/09\/Foto-09-Dias-de-campo-1024x576.jpeg 1024w, https:\/\/pcimt.org\/wp-content\/uploads\/2026\/09\/Foto-09-Dias-de-campo-300x169.jpeg 300w, https:\/\/pcimt.org\/wp-content\/uploads\/2026\/09\/Foto-09-Dias-de-campo-768x432.jpeg 768w, https:\/\/pcimt.org\/wp-content\/uploads\/2026\/09\/Foto-09-Dias-de-campo-1536x864.jpeg 1536w, https:\/\/pcimt.org\/wp-content\/uploads\/2026\/09\/Foto-09-Dias-de-campo-18x10.jpeg 18w, https:\/\/pcimt.org\/wp-content\/uploads\/2026\/09\/Foto-09-Dias-de-campo-800x450.jpeg 800w, https:\/\/pcimt.org\/wp-content\/uploads\/2026\/09\/Foto-09-Dias-de-campo.jpeg 1600w\" sizes=\"(max-width: 1024px) 100vw, 1024px\" \/><figcaption id=\"caption-attachment-3839\" class=\"wp-caption-text\">Dias de campo para pequenos produtores da regi\u00e3o Oeste de Mato Grosso<\/figcaption><\/figure>\n<p>&nbsp;<\/p>\n<figure id=\"attachment_3823\" aria-describedby=\"caption-attachment-3823\" style=\"width: 1024px\" class=\"wp-caption alignnone\"><img loading=\"lazy\" decoding=\"async\" class=\"wp-image-3823 size-large\" src=\"http:\/\/pcimt.org\/wp-content\/uploads\/2026\/09\/Foto-10-\u2014-Dia-de-Campo-1024x473.jpg\" alt=\"\" width=\"1024\" height=\"473\" srcset=\"https:\/\/pcimt.org\/wp-content\/uploads\/2026\/09\/Foto-10-\u2014-Dia-de-Campo-1024x473.jpg 1024w, https:\/\/pcimt.org\/wp-content\/uploads\/2026\/09\/Foto-10-\u2014-Dia-de-Campo-300x139.jpg 300w, https:\/\/pcimt.org\/wp-content\/uploads\/2026\/09\/Foto-10-\u2014-Dia-de-Campo-768x355.jpg 768w, https:\/\/pcimt.org\/wp-content\/uploads\/2026\/09\/Foto-10-\u2014-Dia-de-Campo-1536x709.jpg 1536w, https:\/\/pcimt.org\/wp-content\/uploads\/2026\/09\/Foto-10-\u2014-Dia-de-Campo-18x8.jpg 18w, https:\/\/pcimt.org\/wp-content\/uploads\/2026\/09\/Foto-10-\u2014-Dia-de-Campo.jpg 1600w\" sizes=\"(max-width: 1024px) 100vw, 1024px\" \/><figcaption id=\"caption-attachment-3823\" class=\"wp-caption-text\">Dia de Campo \u201cCria\u00e7\u00e3o e Manejo de Gado de Leite na Agricultura Familiar\u201d<\/figcaption><\/figure>\n<p>&nbsp;<\/p>\n<figure id=\"attachment_3824\" aria-describedby=\"caption-attachment-3824\" style=\"width: 1024px\" class=\"wp-caption alignnone\"><img loading=\"lazy\" decoding=\"async\" class=\"wp-image-3824 size-large\" src=\"http:\/\/pcimt.org\/wp-content\/uploads\/2026\/09\/Foto-11-\u2014-Dia-de-Campo2-1024x768.jpeg\" alt=\"\" width=\"1024\" height=\"768\" srcset=\"https:\/\/pcimt.org\/wp-content\/uploads\/2026\/09\/Foto-11-\u2014-Dia-de-Campo2-1024x768.jpeg 1024w, https:\/\/pcimt.org\/wp-content\/uploads\/2026\/09\/Foto-11-\u2014-Dia-de-Campo2-300x225.jpeg 300w, https:\/\/pcimt.org\/wp-content\/uploads\/2026\/09\/Foto-11-\u2014-Dia-de-Campo2-768x576.jpeg 768w, https:\/\/pcimt.org\/wp-content\/uploads\/2026\/09\/Foto-11-\u2014-Dia-de-Campo2-1536x1152.jpeg 1536w, https:\/\/pcimt.org\/wp-content\/uploads\/2026\/09\/Foto-11-\u2014-Dia-de-Campo2-16x12.jpeg 16w, https:\/\/pcimt.org\/wp-content\/uploads\/2026\/09\/Foto-11-\u2014-Dia-de-Campo2.jpeg 1600w\" sizes=\"(max-width: 1024px) 100vw, 1024px\" \/><figcaption id=\"caption-attachment-3824\" class=\"wp-caption-text\">Dia de Campo \u201cManejo de Frut\u00edferas na Agricultura Familiar\u201d<\/figcaption><\/figure>\n<p>&nbsp;<\/p>\n<figure id=\"attachment_3838\" aria-describedby=\"caption-attachment-3838\" style=\"width: 1024px\" class=\"wp-caption alignnone\"><img loading=\"lazy\" decoding=\"async\" class=\"wp-image-3838 size-large\" src=\"http:\/\/pcimt.org\/wp-content\/uploads\/2026\/09\/Foto-11-\u2014-Dia-de-Campo-1024x768.png\" alt=\"\" width=\"1024\" height=\"768\" srcset=\"https:\/\/pcimt.org\/wp-content\/uploads\/2026\/09\/Foto-11-\u2014-Dia-de-Campo-1024x768.png 1024w, https:\/\/pcimt.org\/wp-content\/uploads\/2026\/09\/Foto-11-\u2014-Dia-de-Campo-300x225.png 300w, https:\/\/pcimt.org\/wp-content\/uploads\/2026\/09\/Foto-11-\u2014-Dia-de-Campo-768x576.png 768w, https:\/\/pcimt.org\/wp-content\/uploads\/2026\/09\/Foto-11-\u2014-Dia-de-Campo-16x12.png 16w, https:\/\/pcimt.org\/wp-content\/uploads\/2026\/09\/Foto-11-\u2014-Dia-de-Campo.png 1040w\" sizes=\"(max-width: 1024px) 100vw, 1024px\" \/><figcaption id=\"caption-attachment-3838\" class=\"wp-caption-text\">Dia de Campo \u201cManejo de Frut\u00edferas na Agricultura Familiar\u201d<\/figcaption><\/figure>\n<p>&nbsp;<\/p>\n<p><span style=\"font-weight: 400;\">Os registros mostram uma dimens\u00e3o importante dessa estrat\u00e9gia: a governan\u00e7a n\u00e3o termina quando uma prioridade \u00e9 definida. O objetivo \u00e9 criar conex\u00f5es que permitam que aquela prioridade se transforme em conhecimento, assist\u00eancia, investimento ou a\u00e7\u00e3o no territ\u00f3rio.<\/span><\/p>\n<h3><span style=\"font-weight: 400;\">Cooperativas ganham espa\u00e7o na inclus\u00e3o produtiva<\/span><\/h3>\n<p><span style=\"font-weight: 400;\">O fortalecimento das cooperativas e associa\u00e7\u00f5es passou a ocupar uma posi\u00e7\u00e3o estrat\u00e9gica no Eixo Incluir. A atua\u00e7\u00e3o envolve desde diagn\u00f3sticos e planejamento at\u00e9 regulariza\u00e7\u00e3o documental, elabora\u00e7\u00e3o de projetos, aquisi\u00e7\u00e3o de equipamentos e aproxima\u00e7\u00e3o com compradores.<\/span><\/p>\n<p><span style=\"font-weight: 400;\">O desafio \u00e9 estrutural. Uma organiza\u00e7\u00e3o local mais preparada pode organizar melhor a produ\u00e7\u00e3o, ampliar sua capacidade de comercializa\u00e7\u00e3o e criar condi\u00e7\u00f5es para atender um n\u00famero maior de fam\u00edlias.<\/span><\/p>\n<p><span style=\"font-weight: 400;\">Nesse processo, as cooperativas tamb\u00e9m passam a participar de maneira mais ativa da pr\u00f3pria governan\u00e7a. Em vez de apenas apresentar suas demandas, podem contribuir para a constru\u00e7\u00e3o das solu\u00e7\u00f5es e acessar apoio para transformar essas necessidades em projetos e investimentos.\u00a0<\/span><\/p>\n<figure id=\"attachment_3827\" aria-describedby=\"caption-attachment-3827\" style=\"width: 1024px\" class=\"wp-caption alignnone\"><img loading=\"lazy\" decoding=\"async\" class=\"wp-image-3827 size-large\" src=\"http:\/\/pcimt.org\/wp-content\/uploads\/2026\/09\/Foto-12-\u2014-Oficina-de-gesta\u0303o-financeira-1024x768.png\" alt=\"\" width=\"1024\" height=\"768\" srcset=\"https:\/\/pcimt.org\/wp-content\/uploads\/2026\/09\/Foto-12-\u2014-Oficina-de-gesta\u0303o-financeira-1024x768.png 1024w, https:\/\/pcimt.org\/wp-content\/uploads\/2026\/09\/Foto-12-\u2014-Oficina-de-gesta\u0303o-financeira-300x225.png 300w, https:\/\/pcimt.org\/wp-content\/uploads\/2026\/09\/Foto-12-\u2014-Oficina-de-gesta\u0303o-financeira-768x576.png 768w, https:\/\/pcimt.org\/wp-content\/uploads\/2026\/09\/Foto-12-\u2014-Oficina-de-gesta\u0303o-financeira-16x12.png 16w, https:\/\/pcimt.org\/wp-content\/uploads\/2026\/09\/Foto-12-\u2014-Oficina-de-gesta\u0303o-financeira.png 1280w\" sizes=\"(max-width: 1024px) 100vw, 1024px\" \/><figcaption id=\"caption-attachment-3827\" class=\"wp-caption-text\">Oficina de gest\u00e3o financeira com organiza\u00e7\u00f5es de base da agricultura familiar apoiadas na Regi\u00e3o Oeste de Mato Grosso<\/figcaption><\/figure>\n<p>&nbsp;<\/p>\n<figure id=\"attachment_3828\" aria-describedby=\"caption-attachment-3828\" style=\"width: 1024px\" class=\"wp-caption alignnone\"><img loading=\"lazy\" decoding=\"async\" class=\"wp-image-3828 size-large\" src=\"http:\/\/pcimt.org\/wp-content\/uploads\/2026\/09\/Foto-13-\u2014-Oficina-de-planejamento-1024x473.png\" alt=\"\" width=\"1024\" height=\"473\" srcset=\"https:\/\/pcimt.org\/wp-content\/uploads\/2026\/09\/Foto-13-\u2014-Oficina-de-planejamento-1024x473.png 1024w, https:\/\/pcimt.org\/wp-content\/uploads\/2026\/09\/Foto-13-\u2014-Oficina-de-planejamento-300x139.png 300w, https:\/\/pcimt.org\/wp-content\/uploads\/2026\/09\/Foto-13-\u2014-Oficina-de-planejamento-768x355.png 768w, https:\/\/pcimt.org\/wp-content\/uploads\/2026\/09\/Foto-13-\u2014-Oficina-de-planejamento-18x8.png 18w, https:\/\/pcimt.org\/wp-content\/uploads\/2026\/09\/Foto-13-\u2014-Oficina-de-planejamento.png 1280w\" sizes=\"(max-width: 1024px) 100vw, 1024px\" \/><figcaption id=\"caption-attachment-3828\" class=\"wp-caption-text\">Oficina de planejamento estrat\u00e9gico e capta\u00e7\u00e3o de recursos com organiza\u00e7\u00f5es de base da agricultura familiar apoiadas na Regi\u00e3o Oeste de Mato Grosso<\/figcaption><\/figure>\n<p><span style=\"font-weight: 400;\">\u00a0<\/span><\/p>\n<h3><span style=\"font-weight: 400;\">Secretarias Executivas mant\u00eam a agenda ativa nos munic\u00edpios<\/span><\/h3>\n<p><span style=\"font-weight: 400;\">Por tr\u00e1s de uma governan\u00e7a que precisa funcionar ao longo do ano existe tamb\u00e9m o trabalho de acompanhamento das agendas.<\/span><\/p>\n<p><span style=\"font-weight: 400;\">Os secret\u00e1rios executivos locais atuam na mobiliza\u00e7\u00e3o dos participantes, organiza\u00e7\u00e3o das reuni\u00f5es, acompanhamento dos encaminhamentos e identifica\u00e7\u00e3o de demandas e oportunidades. Tamb\u00e9m fazem a conex\u00e3o entre o Instituto PCI e os territ\u00f3rios.<\/span><\/p>\n<p><span style=\"font-weight: 400;\">A fun\u00e7\u00e3o ganha import\u00e2ncia justamente no intervalo entre as reuni\u00f5es dos Comit\u00eas Gestores. \u00c9 esse acompanhamento que ajuda a evitar que decis\u00f5es fiquem restritas \u00e0s atas e contribui para dar continuidade aos encaminhamentos.\u00a0<\/span><\/p>\n<figure id=\"attachment_3829\" aria-describedby=\"caption-attachment-3829\" style=\"width: 1024px\" class=\"wp-caption alignnone\"><img loading=\"lazy\" decoding=\"async\" class=\"wp-image-3829 size-large\" src=\"http:\/\/pcimt.org\/wp-content\/uploads\/2026\/09\/Foto-14-\u2014-Equipe-de-secreta\u0301rios-dos-Pactos-1024x473.jpeg\" alt=\"\" width=\"1024\" height=\"473\" srcset=\"https:\/\/pcimt.org\/wp-content\/uploads\/2026\/09\/Foto-14-\u2014-Equipe-de-secreta\u0301rios-dos-Pactos-1024x473.jpeg 1024w, https:\/\/pcimt.org\/wp-content\/uploads\/2026\/09\/Foto-14-\u2014-Equipe-de-secreta\u0301rios-dos-Pactos-300x139.jpeg 300w, https:\/\/pcimt.org\/wp-content\/uploads\/2026\/09\/Foto-14-\u2014-Equipe-de-secreta\u0301rios-dos-Pactos-768x355.jpeg 768w, https:\/\/pcimt.org\/wp-content\/uploads\/2026\/09\/Foto-14-\u2014-Equipe-de-secreta\u0301rios-dos-Pactos-1536x709.jpeg 1536w, https:\/\/pcimt.org\/wp-content\/uploads\/2026\/09\/Foto-14-\u2014-Equipe-de-secreta\u0301rios-dos-Pactos-18x8.jpeg 18w, https:\/\/pcimt.org\/wp-content\/uploads\/2026\/09\/Foto-14-\u2014-Equipe-de-secreta\u0301rios-dos-Pactos.jpeg 1600w\" sizes=\"(max-width: 1024px) 100vw, 1024px\" \/><figcaption id=\"caption-attachment-3829\" class=\"wp-caption-text\">Equipe de secret\u00e1rios dos Pactos<\/figcaption><\/figure>\n<h3><span style=\"font-weight: 400;\">Governan\u00e7a se transforma em ponte para investimentos<\/span><\/h3>\n<p><span style=\"font-weight: 400;\">Com prioridades mais organizadas e projetos estruturados, os Pactos passam a reunir condi\u00e7\u00f5es para aproximar territ\u00f3rios de parceiros e potenciais financiadores.<\/span><\/p>\n<p><span style=\"font-weight: 400;\">A l\u00f3gica \u00e9 direta: quanto mais clara estiver a demanda e mais organizada estiver a governan\u00e7a respons\u00e1vel por acompanh\u00e1-la, maior \u00e9 a capacidade de apresentar projetos e construir parcerias.<\/span><\/p>\n<p><span style=\"font-weight: 400;\">Nesse sentido, os Pactos avan\u00e7am de espa\u00e7os de discuss\u00e3o para estruturas de articula\u00e7\u00e3o capazes de conectar necessidades locais, conhecimento t\u00e9cnico e oportunidades de investimento.\u00a0<\/span><\/p>\n<figure id=\"attachment_3840\" aria-describedby=\"caption-attachment-3840\" style=\"width: 1024px\" class=\"wp-caption alignnone\"><img loading=\"lazy\" decoding=\"async\" class=\"wp-image-3840 size-large\" src=\"http:\/\/pcimt.org\/wp-content\/uploads\/2026\/09\/Foto-15-\u2014-Missa\u0303o-OESTE-1-1024x783.jpeg\" alt=\"\" width=\"1024\" height=\"783\" srcset=\"https:\/\/pcimt.org\/wp-content\/uploads\/2026\/09\/Foto-15-\u2014-Missa\u0303o-OESTE-1-1024x783.jpeg 1024w, https:\/\/pcimt.org\/wp-content\/uploads\/2026\/09\/Foto-15-\u2014-Missa\u0303o-OESTE-1-300x230.jpeg 300w, https:\/\/pcimt.org\/wp-content\/uploads\/2026\/09\/Foto-15-\u2014-Missa\u0303o-OESTE-1-768x588.jpeg 768w, https:\/\/pcimt.org\/wp-content\/uploads\/2026\/09\/Foto-15-\u2014-Missa\u0303o-OESTE-1-16x12.jpeg 16w, https:\/\/pcimt.org\/wp-content\/uploads\/2026\/09\/Foto-15-\u2014-Missa\u0303o-OESTE-1.jpeg 1200w\" sizes=\"(max-width: 1024px) 100vw, 1024px\" \/><figcaption id=\"caption-attachment-3840\" class=\"wp-caption-text\">Miss\u00e3o com uma das financiadoras do Pacto Oeste de Mato Grosso<\/figcaption><\/figure>\n<h3><span style=\"font-weight: 400;\">Preven\u00e7\u00e3o de inc\u00eandios amplia a agenda de articula\u00e7\u00e3o<\/span><\/h3>\n<p><span style=\"font-weight: 400;\">Alguns desafios, por\u00e9m, n\u00e3o terminam na divisa de um munic\u00edpio. A preven\u00e7\u00e3o e o combate aos inc\u00eandios florestais s\u00e3o exemplos de temas que exigem a participa\u00e7\u00e3o coordenada de \u00f3rg\u00e3os ambientais, Corpo de Bombeiros, munic\u00edpios, produtores rurais, comunidades, povos ind\u00edgenas e institui\u00e7\u00f5es ligadas a rodovias, estradas e linhas de transmiss\u00e3o.<\/span><\/p>\n<p><span style=\"font-weight: 400;\">A constru\u00e7\u00e3o de espa\u00e7os para discutir preven\u00e7\u00e3o, prepara\u00e7\u00e3o, resposta e responsabilidades institucionais amplia o campo de atua\u00e7\u00e3o dos Pactos e mostra como a governan\u00e7a territorial pode contribuir para enfrentar problemas que afetam diferentes munic\u00edpios simultaneamente.<\/span><\/p>\n<figure id=\"attachment_3831\" aria-describedby=\"caption-attachment-3831\" style=\"width: 1024px\" class=\"wp-caption alignnone\"><img loading=\"lazy\" decoding=\"async\" class=\"wp-image-3831 size-large\" src=\"http:\/\/pcimt.org\/wp-content\/uploads\/2026\/09\/Foto-16-\u2014-Curso-de-brigadista-em-Quere\u0302ncia-1024x576.jpeg\" alt=\"\" width=\"1024\" height=\"576\" srcset=\"https:\/\/pcimt.org\/wp-content\/uploads\/2026\/09\/Foto-16-\u2014-Curso-de-brigadista-em-Quere\u0302ncia-1024x576.jpeg 1024w, https:\/\/pcimt.org\/wp-content\/uploads\/2026\/09\/Foto-16-\u2014-Curso-de-brigadista-em-Quere\u0302ncia-300x169.jpeg 300w, https:\/\/pcimt.org\/wp-content\/uploads\/2026\/09\/Foto-16-\u2014-Curso-de-brigadista-em-Quere\u0302ncia-768x432.jpeg 768w, https:\/\/pcimt.org\/wp-content\/uploads\/2026\/09\/Foto-16-\u2014-Curso-de-brigadista-em-Quere\u0302ncia-1536x864.jpeg 1536w, https:\/\/pcimt.org\/wp-content\/uploads\/2026\/09\/Foto-16-\u2014-Curso-de-brigadista-em-Quere\u0302ncia-18x10.jpeg 18w, https:\/\/pcimt.org\/wp-content\/uploads\/2026\/09\/Foto-16-\u2014-Curso-de-brigadista-em-Quere\u0302ncia-800x450.jpeg 800w, https:\/\/pcimt.org\/wp-content\/uploads\/2026\/09\/Foto-16-\u2014-Curso-de-brigadista-em-Quere\u0302ncia.jpeg 1600w\" sizes=\"(max-width: 1024px) 100vw, 1024px\" \/><figcaption id=\"caption-attachment-3831\" class=\"wp-caption-text\">Curso de brigadista em Quer\u00eancia<\/figcaption><\/figure>\n<h2><span style=\"font-weight: 400;\">Di\u00e1logos PCI aproximam programas e oportunidades<\/span><\/h2>\n<p><span style=\"font-weight: 400;\">A articula\u00e7\u00e3o tamb\u00e9m ganhou uma frente espec\u00edfica de conex\u00e3o entre institui\u00e7\u00f5es: os Di\u00e1logos PCI.<\/span><\/p>\n<p><span style=\"font-weight: 400;\">Os encontros aproximaram os Pactos de iniciativas da SEAF, IDH, MT Produtivo e Programa REM MT, permitindo compartilhar metodologias, conhecer projetos, divulgar oportunidades e identificar possibilidades de atua\u00e7\u00e3o conjunta.<\/span><\/p>\n<p><span style=\"font-weight: 400;\">No caso da SEAF, o di\u00e1logo teve foco nos PMAFIs. Com o IDH, a conversa aproximou os atores locais das a\u00e7\u00f5es desenvolvidas no Vale do Juruena. O encontro com o MT Produtivo buscou identificar oportunidades para as organiza\u00e7\u00f5es dos territ\u00f3rios, enquanto o di\u00e1logo com o REM MT aproximou editais e oportunidades de financiamento das organiza\u00e7\u00f5es de base.\u00a0<\/span><\/p>\n<figure id=\"attachment_3832\" aria-describedby=\"caption-attachment-3832\" style=\"width: 1024px\" class=\"wp-caption alignnone\"><img loading=\"lazy\" decoding=\"async\" class=\"wp-image-3832 size-large\" src=\"http:\/\/pcimt.org\/wp-content\/uploads\/2026\/09\/Foto-17-\u2014-Dia\u0301logos-PCI--1024x555.jpeg\" alt=\"\" width=\"1024\" height=\"555\" srcset=\"https:\/\/pcimt.org\/wp-content\/uploads\/2026\/09\/Foto-17-\u2014-Dia\u0301logos-PCI--1024x555.jpeg 1024w, https:\/\/pcimt.org\/wp-content\/uploads\/2026\/09\/Foto-17-\u2014-Dia\u0301logos-PCI--300x163.jpeg 300w, https:\/\/pcimt.org\/wp-content\/uploads\/2026\/09\/Foto-17-\u2014-Dia\u0301logos-PCI--768x416.jpeg 768w, https:\/\/pcimt.org\/wp-content\/uploads\/2026\/09\/Foto-17-\u2014-Dia\u0301logos-PCI--1536x832.jpeg 1536w, https:\/\/pcimt.org\/wp-content\/uploads\/2026\/09\/Foto-17-\u2014-Dia\u0301logos-PCI--18x10.jpeg 18w, https:\/\/pcimt.org\/wp-content\/uploads\/2026\/09\/Foto-17-\u2014-Dia\u0301logos-PCI-.jpeg 1600w\" sizes=\"(max-width: 1024px) 100vw, 1024px\" \/><figcaption id=\"caption-attachment-3832\" class=\"wp-caption-text\">Di\u00e1logos PCI com REM MT<\/figcaption><\/figure>\n<p><span style=\"font-weight: 400;\"><br \/>\nA proposta \u00e9 fazer com que programas e iniciativas que j\u00e1 existem encontrem os territ\u00f3rios onde suas a\u00e7\u00f5es podem gerar resultados, ao mesmo tempo em que as demandas locais ganham acesso a novas possibilidades de parceria.<\/span><\/p>\n<h3><span style=\"font-weight: 400;\">De iniciativas municipais a uma rede territorial<\/span><\/h3>\n<p><span style=\"font-weight: 400;\">Com a amplia\u00e7\u00e3o dos Pactos, outro movimento come\u00e7a a ganhar for\u00e7a: a conex\u00e3o entre os pr\u00f3prios munic\u00edpios.<\/span><\/p>\n<p><span style=\"font-weight: 400;\">Experi\u00eancias desenvolvidas em um territ\u00f3rio podem servir de refer\u00eancia para outros. Metodologias podem ser aprimoradas, parceiros podem ampliar sua atua\u00e7\u00e3o e desafios semelhantes podem ser discutidos de maneira regional.<\/span><\/p>\n<p><span style=\"font-weight: 400;\">Esse processo contribui para que os Pactos deixem de funcionar como iniciativas isoladas e avancem na forma\u00e7\u00e3o de uma rede territorial de governan\u00e7a PCI em Mato Grosso.\u00a0<\/span><\/p>\n<figure id=\"attachment_3833\" aria-describedby=\"caption-attachment-3833\" style=\"width: 1024px\" class=\"wp-caption alignnone\"><img loading=\"lazy\" decoding=\"async\" class=\"wp-image-3833 size-large\" src=\"http:\/\/pcimt.org\/wp-content\/uploads\/2026\/09\/Foto-18-\u2014-Semina\u0301rio-Pre\u0301-COP30-1-1024x473.jpeg\" alt=\"\" width=\"1024\" height=\"473\" srcset=\"https:\/\/pcimt.org\/wp-content\/uploads\/2026\/09\/Foto-18-\u2014-Semina\u0301rio-Pre\u0301-COP30-1-1024x473.jpeg 1024w, https:\/\/pcimt.org\/wp-content\/uploads\/2026\/09\/Foto-18-\u2014-Semina\u0301rio-Pre\u0301-COP30-1-300x139.jpeg 300w, https:\/\/pcimt.org\/wp-content\/uploads\/2026\/09\/Foto-18-\u2014-Semina\u0301rio-Pre\u0301-COP30-1-768x355.jpeg 768w, https:\/\/pcimt.org\/wp-content\/uploads\/2026\/09\/Foto-18-\u2014-Semina\u0301rio-Pre\u0301-COP30-1-1536x709.jpeg 1536w, https:\/\/pcimt.org\/wp-content\/uploads\/2026\/09\/Foto-18-\u2014-Semina\u0301rio-Pre\u0301-COP30-1-18x8.jpeg 18w, https:\/\/pcimt.org\/wp-content\/uploads\/2026\/09\/Foto-18-\u2014-Semina\u0301rio-Pre\u0301-COP30-1.jpeg 1600w\" sizes=\"(max-width: 1024px) 100vw, 1024px\" \/><figcaption id=\"caption-attachment-3833\" class=\"wp-caption-text\">Semin\u00e1rio Pr\u00e9-COP30 em Bras\u00edlia<\/figcaption><\/figure>\n<h2><span style=\"font-weight: 400;\">Um novo ciclo para os Pactos PCI<\/span><\/h2>\n<p><span style=\"font-weight: 400;\">O avan\u00e7o dos \u00faltimos 12 meses coloca os Pactos diante de uma nova etapa. A expans\u00e3o territorial e o fortalecimento das governan\u00e7as criaram uma estrutura que agora precisa ganhar ainda mais institucionalidade e capacidade de continuidade.<\/span><\/p>\n<p><span style=\"font-weight: 400;\">Entre os pr\u00f3ximos passos est\u00e1 a regulamenta\u00e7\u00e3o dos Pactos por meio de leis municipais, al\u00e9m da consolida\u00e7\u00e3o dos Regimentos Internos, que devem estabelecer regras de funcionamento, responsabilidades, composi\u00e7\u00e3o e processos decis\u00f3rios.\u00a0<\/span><\/p>\n<p><span style=\"font-weight: 400;\">Outro movimento previsto \u00e9 a aproxima\u00e7\u00e3o com o setor privado e potenciais parceiros financiadores. A inten\u00e7\u00e3o \u00e9 conectar as prioridades identificadas nos munic\u00edpios a institui\u00e7\u00f5es capazes de oferecer recursos, conhecimento, tecnologia, mercados ou outras formas de apoio.<\/span><\/p>\n<p><span style=\"font-weight: 400;\">J\u00e1 no pr\u00f3ximo m\u00eas, est\u00e1 prevista a estrutura\u00e7\u00e3o de uma inst\u00e2ncia de governan\u00e7a dos signat\u00e1rios dos Pactos PCI. A proposta \u00e9 criar um espa\u00e7o para compartilhar avan\u00e7os, apresentar projetos, identificar oportunidades de coopera\u00e7\u00e3o e estimular novas parcerias.\u00a0<\/span><\/p>\n<p><span style=\"font-weight: 400;\">O pr\u00f3ximo cap\u00edtulo, portanto, n\u00e3o est\u00e1 apenas na cria\u00e7\u00e3o de novos Pactos. Est\u00e1 na capacidade de fazer com que as estruturas j\u00e1 constru\u00eddas permane\u00e7am ativas, conectadas e capazes de transformar planejamento em implementa\u00e7\u00e3o.<\/span><\/p>\n<p><span style=\"font-weight: 400;\">\u00c9 nesse ponto que os avan\u00e7os dos Pactos PCI ganham sua dimens\u00e3o mais concreta: fortalecer a governan\u00e7a para que as decis\u00f5es tomadas nos territ\u00f3rios tenham continuidade e possam se transformar em a\u00e7\u00f5es de Produzir, Conservar e Incluir em Mato Grosso.<\/span><\/p>","protected":false},"excerpt":{"rendered":"<p>Quando diferentes setores de um territ\u00f3rio compartilham desafios e constroem respostas conjuntas, o planejamento ganha for\u00e7a e se transforma em a\u00e7\u00e3o. \u00c9 nesse movimento que os Pactos PCI v\u00eam ampliando sua atua\u00e7\u00e3o em Mato Grosso, aproximando institui\u00e7\u00f5es, comunidades, produtores e gestores p\u00fablicos em torno de prioridades comuns. Nos \u00faltimos meses, essa articula\u00e7\u00e3o avan\u00e7ou com a [&hellip;]<\/p>\n","protected":false},"author":2,"featured_media":3834,"comment_status":"closed","ping_status":"closed","sticky":false,"template":"","format":"standard","meta":{"ocean_post_layout":"","ocean_both_sidebars_style":"","ocean_both_sidebars_content_width":0,"ocean_both_sidebars_sidebars_width":0,"ocean_sidebar":"0","ocean_second_sidebar":"0","ocean_disable_margins":"enable","ocean_add_body_class":"","ocean_shortcode_before_top_bar":"","ocean_shortcode_after_top_bar":"","ocean_shortcode_before_header":"","ocean_shortcode_after_header":"","ocean_has_shortcode":"","ocean_shortcode_after_title":"","ocean_shortcode_before_footer_widgets":"","ocean_shortcode_after_footer_widgets":"","ocean_shortcode_before_footer_bottom":"","ocean_shortcode_after_footer_bottom":"","ocean_display_top_bar":"default","ocean_display_header":"default","ocean_header_style":"","ocean_center_header_left_menu":"0","ocean_custom_header_template":"0","ocean_custom_logo":0,"ocean_custom_retina_logo":0,"ocean_custom_logo_max_width":0,"ocean_custom_logo_tablet_max_width":0,"ocean_custom_logo_mobile_max_width":0,"ocean_custom_logo_max_height":0,"ocean_custom_logo_tablet_max_height":0,"ocean_custom_logo_mobile_max_height":0,"ocean_header_custom_menu":"0","ocean_menu_typo_font_family":"0","ocean_menu_typo_font_subset":"","ocean_menu_typo_font_size":0,"ocean_menu_typo_font_size_tablet":0,"ocean_menu_typo_font_size_mobile":0,"ocean_menu_typo_font_size_unit":"px","ocean_menu_typo_font_weight":"","ocean_menu_typo_font_weight_tablet":"","ocean_menu_typo_font_weight_mobile":"","ocean_menu_typo_transform":"","ocean_menu_typo_transform_tablet":"","ocean_menu_typo_transform_mobile":"","ocean_menu_typo_line_height":0,"ocean_menu_typo_line_height_tablet":0,"ocean_menu_typo_line_height_mobile":0,"ocean_menu_typo_line_height_unit":"","ocean_menu_typo_spacing":0,"ocean_menu_typo_spacing_tablet":0,"ocean_menu_typo_spacing_mobile":0,"ocean_menu_typo_spacing_unit":"","ocean_menu_link_color":"","ocean_menu_link_color_hover":"","ocean_menu_link_color_active":"","ocean_menu_link_background":"","ocean_menu_link_hover_background":"","ocean_menu_link_active_background":"","ocean_menu_social_links_bg":"","ocean_menu_social_hover_links_bg":"","ocean_menu_social_links_color":"","ocean_menu_social_hover_links_color":"","ocean_disable_title":"default","ocean_disable_heading":"default","ocean_post_title":"","ocean_post_subheading":"","ocean_post_title_style":"","ocean_post_title_background_color":"","ocean_post_title_background":0,"ocean_post_title_bg_image_position":"","ocean_post_title_bg_image_attachment":"","ocean_post_title_bg_image_repeat":"","ocean_post_title_bg_image_size":"","ocean_post_title_height":0,"ocean_post_title_bg_overlay":0.5,"ocean_post_title_bg_overlay_color":"","ocean_disable_breadcrumbs":"default","ocean_breadcrumbs_color":"","ocean_breadcrumbs_separator_color":"","ocean_breadcrumbs_links_color":"","ocean_breadcrumbs_links_hover_color":"","ocean_display_footer_widgets":"default","ocean_display_footer_bottom":"default","ocean_custom_footer_template":"0","ocean_post_oembed":"","ocean_post_self_hosted_media":"","ocean_post_video_embed":"","ocean_link_format":"","ocean_link_format_target":"self","ocean_quote_format":"","ocean_quote_format_link":"post","ocean_gallery_link_images":"on","ocean_gallery_id":[],"footnotes":""},"categories":[28,26],"tags":[50,49,47],"class_list":["post-3813","post","type-post","status-publish","format-standard","has-post-thumbnail","hentry","category-institucional","category-noticias-pci","tag-avancos-pactos-pci-mt","tag-ipci","tag-pactos-pci","entry","has-media"],"yoast_head":"<!-- This site is optimized with the Yoast SEO plugin v27.1.1 - https:\/\/yoast.com\/product\/yoast-seo-wordpress\/ -->\n<title>Avan\u00e7os nos Pactos PCI fortalecem governan\u00e7a e desenvolvimento sustent\u00e1vel em Mato Grosso - PCI<\/title>\n<meta name=\"description\" content=\"Avan\u00e7os nos Pactos PCI ampliam a governan\u00e7a territorial, fortalecem a agricultura familiar e conectam munic\u00edpios a projetos e investimentos sustent\u00e1veis.\" \/>\n<meta name=\"robots\" content=\"index, follow, max-snippet:-1, max-image-preview:large, max-video-preview:-1\" \/>\n<link rel=\"canonical\" href=\"https:\/\/pcimt.org\/en\/avancos-nos-pactos-pci-mato-grosso\/\" \/>\n<meta property=\"og:locale\" content=\"en_US\" \/>\n<meta property=\"og:type\" content=\"article\" \/>\n<meta property=\"og:title\" content=\"Avan\u00e7os nos Pactos PCI fortalecem governan\u00e7a e desenvolvimento sustent\u00e1vel em Mato Grosso - PCI\" \/>\n<meta property=\"og:description\" content=\"Avan\u00e7os nos Pactos PCI ampliam a governan\u00e7a territorial, fortalecem a agricultura familiar e conectam munic\u00edpios a projetos e investimentos sustent\u00e1veis.\" \/>\n<meta property=\"og:url\" content=\"https:\/\/pcimt.org\/en\/avancos-nos-pactos-pci-mato-grosso\/\" \/>\n<meta property=\"og:site_name\" content=\"PCI\" \/>\n<meta property=\"article:published_time\" content=\"2026-09-02T19:11:35+00:00\" \/>\n<meta property=\"article:modified_time\" content=\"2026-09-02T21:42:45+00:00\" \/>\n<meta property=\"og:image\" content=\"http:\/\/pcimt.org\/wp-content\/uploads\/2026\/09\/Foto-18-\u2014-Semina\u0301rio-Pre\u0301-COP30-2.jpeg\" \/>\n\t<meta property=\"og:image:width\" content=\"1600\" \/>\n\t<meta property=\"og:image:height\" content=\"739\" \/>\n\t<meta property=\"og:image:type\" content=\"image\/jpeg\" \/>\n<meta name=\"author\" content=\"Nvlo\" \/>\n<meta name=\"twitter:card\" content=\"summary_large_image\" \/>\n<meta name=\"twitter:label1\" content=\"Written by\" \/>\n\t<meta name=\"twitter:data1\" content=\"Nvlo\" \/>\n\t<meta name=\"twitter:label2\" content=\"Est. reading time\" \/>\n\t<meta name=\"twitter:data2\" content=\"17 minutes\" \/>\n<script type=\"application\/ld+json\" class=\"yoast-schema-graph\">{\"@context\":\"https:\/\/schema.org\",\"@graph\":[{\"@type\":\"Article\",\"@id\":\"https:\/\/pcimt.org\/avancos-nos-pactos-pci-mato-grosso\/#article\",\"isPartOf\":{\"@id\":\"https:\/\/pcimt.org\/avancos-nos-pactos-pci-mato-grosso\/\"},\"author\":{\"name\":\"Nvlo\",\"@id\":\"https:\/\/pcimt.org\/#\/schema\/person\/0157b9ecd4b40c936045ea21257e1ba2\"},\"headline\":\"Avan\u00e7os nos Pactos PCI fortalecem governan\u00e7a e desenvolvimento sustent\u00e1vel em Mato Grosso\",\"datePublished\":\"2026-09-02T19:11:35+00:00\",\"dateModified\":\"2026-09-02T21:42:45+00:00\",\"mainEntityOfPage\":{\"@id\":\"https:\/\/pcimt.org\/avancos-nos-pactos-pci-mato-grosso\/\"},\"wordCount\":2708,\"image\":{\"@id\":\"https:\/\/pcimt.org\/avancos-nos-pactos-pci-mato-grosso\/#primaryimage\"},\"thumbnailUrl\":\"https:\/\/pcimt.org\/wp-content\/uploads\/2026\/09\/Foto-18-\u2014-Semina\u0301rio-Pre\u0301-COP30-2.jpeg\",\"keywords\":[\"Avan\u00e7os Pactos PCI MT\",\"iPCI\",\"pactos pci\"],\"articleSection\":[\"Institucional\",\"Noticias-PCI\"],\"inLanguage\":\"en-US\"},{\"@type\":\"WebPage\",\"@id\":\"https:\/\/pcimt.org\/avancos-nos-pactos-pci-mato-grosso\/\",\"url\":\"https:\/\/pcimt.org\/avancos-nos-pactos-pci-mato-grosso\/\",\"name\":\"Avan\u00e7os nos Pactos PCI fortalecem governan\u00e7a e desenvolvimento sustent\u00e1vel em Mato Grosso - PCI\",\"isPartOf\":{\"@id\":\"https:\/\/pcimt.org\/#website\"},\"primaryImageOfPage\":{\"@id\":\"https:\/\/pcimt.org\/avancos-nos-pactos-pci-mato-grosso\/#primaryimage\"},\"image\":{\"@id\":\"https:\/\/pcimt.org\/avancos-nos-pactos-pci-mato-grosso\/#primaryimage\"},\"thumbnailUrl\":\"https:\/\/pcimt.org\/wp-content\/uploads\/2026\/09\/Foto-18-\u2014-Semina\u0301rio-Pre\u0301-COP30-2.jpeg\",\"datePublished\":\"2026-09-02T19:11:35+00:00\",\"dateModified\":\"2026-09-02T21:42:45+00:00\",\"author\":{\"@id\":\"https:\/\/pcimt.org\/#\/schema\/person\/0157b9ecd4b40c936045ea21257e1ba2\"},\"description\":\"Avan\u00e7os nos Pactos PCI ampliam a governan\u00e7a territorial, fortalecem a agricultura familiar e conectam munic\u00edpios a projetos e investimentos sustent\u00e1veis.\",\"breadcrumb\":{\"@id\":\"https:\/\/pcimt.org\/avancos-nos-pactos-pci-mato-grosso\/#breadcrumb\"},\"inLanguage\":\"en-US\",\"potentialAction\":[{\"@type\":\"ReadAction\",\"target\":[\"https:\/\/pcimt.org\/avancos-nos-pactos-pci-mato-grosso\/\"]}]},{\"@type\":\"ImageObject\",\"inLanguage\":\"en-US\",\"@id\":\"https:\/\/pcimt.org\/avancos-nos-pactos-pci-mato-grosso\/#primaryimage\",\"url\":\"https:\/\/pcimt.org\/wp-content\/uploads\/2026\/09\/Foto-18-\u2014-Semina\u0301rio-Pre\u0301-COP30-2.jpeg\",\"contentUrl\":\"https:\/\/pcimt.org\/wp-content\/uploads\/2026\/09\/Foto-18-\u2014-Semina\u0301rio-Pre\u0301-COP30-2.jpeg\",\"width\":1600,\"height\":739},{\"@type\":\"BreadcrumbList\",\"@id\":\"https:\/\/pcimt.org\/avancos-nos-pactos-pci-mato-grosso\/#breadcrumb\",\"itemListElement\":[{\"@type\":\"ListItem\",\"position\":1,\"name\":\"In\u00edcio\",\"item\":\"http:\/\/pcimt.org\/\"},{\"@type\":\"ListItem\",\"position\":2,\"name\":\"Avan\u00e7os nos Pactos PCI fortalecem governan\u00e7a e desenvolvimento sustent\u00e1vel em Mato Grosso\"}]},{\"@type\":\"WebSite\",\"@id\":\"https:\/\/pcimt.org\/#website\",\"url\":\"https:\/\/pcimt.org\/\",\"name\":\"PCI\",\"description\":\"Produzir, Conservar e Incluir\",\"potentialAction\":[{\"@type\":\"SearchAction\",\"target\":{\"@type\":\"EntryPoint\",\"urlTemplate\":\"https:\/\/pcimt.org\/?s={search_term_string}\"},\"query-input\":{\"@type\":\"PropertyValueSpecification\",\"valueRequired\":true,\"valueName\":\"search_term_string\"}}],\"inLanguage\":\"en-US\"},{\"@type\":\"Person\",\"@id\":\"https:\/\/pcimt.org\/#\/schema\/person\/0157b9ecd4b40c936045ea21257e1ba2\",\"name\":\"Nvlo\",\"url\":\"https:\/\/pcimt.org\/en\/author\/nvlo\/\"}]}<\/script>\n<!-- \/ Yoast SEO plugin. -->","yoast_head_json":{"title":"Avan\u00e7os nos Pactos PCI fortalecem governan\u00e7a e desenvolvimento sustent\u00e1vel em Mato Grosso - PCI","description":"Avan\u00e7os nos Pactos PCI ampliam a governan\u00e7a territorial, fortalecem a agricultura familiar e conectam munic\u00edpios a projetos e investimentos sustent\u00e1veis.","robots":{"index":"index","follow":"follow","max-snippet":"max-snippet:-1","max-image-preview":"max-image-preview:large","max-video-preview":"max-video-preview:-1"},"canonical":"https:\/\/pcimt.org\/en\/avancos-nos-pactos-pci-mato-grosso\/","og_locale":"en_US","og_type":"article","og_title":"Avan\u00e7os nos Pactos PCI fortalecem governan\u00e7a e desenvolvimento sustent\u00e1vel em Mato Grosso - PCI","og_description":"Avan\u00e7os nos Pactos PCI ampliam a governan\u00e7a territorial, fortalecem a agricultura familiar e conectam munic\u00edpios a projetos e investimentos sustent\u00e1veis.","og_url":"https:\/\/pcimt.org\/en\/avancos-nos-pactos-pci-mato-grosso\/","og_site_name":"PCI","article_published_time":"2026-09-02T19:11:35+00:00","article_modified_time":"2026-09-02T21:42:45+00:00","og_image":[{"width":1600,"height":739,"url":"http:\/\/pcimt.org\/wp-content\/uploads\/2026\/09\/Foto-18-\u2014-Semina\u0301rio-Pre\u0301-COP30-2.jpeg","type":"image\/jpeg"}],"author":"Nvlo","twitter_card":"summary_large_image","twitter_misc":{"Written by":"Nvlo","Est. reading time":"17 minutes"},"schema":{"@context":"https:\/\/schema.org","@graph":[{"@type":"Article","@id":"https:\/\/pcimt.org\/avancos-nos-pactos-pci-mato-grosso\/#article","isPartOf":{"@id":"https:\/\/pcimt.org\/avancos-nos-pactos-pci-mato-grosso\/"},"author":{"name":"Nvlo","@id":"https:\/\/pcimt.org\/#\/schema\/person\/0157b9ecd4b40c936045ea21257e1ba2"},"headline":"Avan\u00e7os nos Pactos PCI fortalecem governan\u00e7a e desenvolvimento sustent\u00e1vel em Mato Grosso","datePublished":"2026-09-02T19:11:35+00:00","dateModified":"2026-09-02T21:42:45+00:00","mainEntityOfPage":{"@id":"https:\/\/pcimt.org\/avancos-nos-pactos-pci-mato-grosso\/"},"wordCount":2708,"image":{"@id":"https:\/\/pcimt.org\/avancos-nos-pactos-pci-mato-grosso\/#primaryimage"},"thumbnailUrl":"https:\/\/pcimt.org\/wp-content\/uploads\/2026\/09\/Foto-18-\u2014-Semina\u0301rio-Pre\u0301-COP30-2.jpeg","keywords":["Avan\u00e7os Pactos PCI MT","iPCI","pactos pci"],"articleSection":["Institucional","Noticias-PCI"],"inLanguage":"en-US"},{"@type":"WebPage","@id":"https:\/\/pcimt.org\/avancos-nos-pactos-pci-mato-grosso\/","url":"https:\/\/pcimt.org\/avancos-nos-pactos-pci-mato-grosso\/","name":"Avan\u00e7os nos Pactos PCI fortalecem governan\u00e7a e desenvolvimento sustent\u00e1vel em Mato Grosso - PCI","isPartOf":{"@id":"https:\/\/pcimt.org\/#website"},"primaryImageOfPage":{"@id":"https:\/\/pcimt.org\/avancos-nos-pactos-pci-mato-grosso\/#primaryimage"},"image":{"@id":"https:\/\/pcimt.org\/avancos-nos-pactos-pci-mato-grosso\/#primaryimage"},"thumbnailUrl":"https:\/\/pcimt.org\/wp-content\/uploads\/2026\/09\/Foto-18-\u2014-Semina\u0301rio-Pre\u0301-COP30-2.jpeg","datePublished":"2026-09-02T19:11:35+00:00","dateModified":"2026-09-02T21:42:45+00:00","author":{"@id":"https:\/\/pcimt.org\/#\/schema\/person\/0157b9ecd4b40c936045ea21257e1ba2"},"description":"Avan\u00e7os nos Pactos PCI ampliam a governan\u00e7a territorial, fortalecem a agricultura familiar e conectam munic\u00edpios a projetos e investimentos sustent\u00e1veis.","breadcrumb":{"@id":"https:\/\/pcimt.org\/avancos-nos-pactos-pci-mato-grosso\/#breadcrumb"},"inLanguage":"en-US","potentialAction":[{"@type":"ReadAction","target":["https:\/\/pcimt.org\/avancos-nos-pactos-pci-mato-grosso\/"]}]},{"@type":"ImageObject","inLanguage":"en-US","@id":"https:\/\/pcimt.org\/avancos-nos-pactos-pci-mato-grosso\/#primaryimage","url":"https:\/\/pcimt.org\/wp-content\/uploads\/2026\/09\/Foto-18-\u2014-Semina\u0301rio-Pre\u0301-COP30-2.jpeg","contentUrl":"https:\/\/pcimt.org\/wp-content\/uploads\/2026\/09\/Foto-18-\u2014-Semina\u0301rio-Pre\u0301-COP30-2.jpeg","width":1600,"height":739},{"@type":"BreadcrumbList","@id":"https:\/\/pcimt.org\/avancos-nos-pactos-pci-mato-grosso\/#breadcrumb","itemListElement":[{"@type":"ListItem","position":1,"name":"In\u00edcio","item":"http:\/\/pcimt.org\/"},{"@type":"ListItem","position":2,"name":"Avan\u00e7os nos Pactos PCI fortalecem governan\u00e7a e desenvolvimento sustent\u00e1vel em Mato Grosso"}]},{"@type":"WebSite","@id":"https:\/\/pcimt.org\/#website","url":"https:\/\/pcimt.org\/","name":"The PCI","description":"Produce, Conserve and Include","potentialAction":[{"@type":"SearchAction","target":{"@type":"EntryPoint","urlTemplate":"https:\/\/pcimt.org\/?s={search_term_string}"},"query-input":{"@type":"PropertyValueSpecification","valueRequired":true,"valueName":"search_term_string"}}],"inLanguage":"en-US"},{"@type":"Person","@id":"https:\/\/pcimt.org\/#\/schema\/person\/0157b9ecd4b40c936045ea21257e1ba2","name":"Nvlo","url":"https:\/\/pcimt.org\/en\/author\/nvlo\/"}]}},"_links":{"self":[{"href":"https:\/\/pcimt.org\/en\/wp-json\/wp\/v2\/posts\/3813","targetHints":{"allow":["GET"]}}],"collection":[{"href":"https:\/\/pcimt.org\/en\/wp-json\/wp\/v2\/posts"}],"about":[{"href":"https:\/\/pcimt.org\/en\/wp-json\/wp\/v2\/types\/post"}],"author":[{"embeddable":true,"href":"https:\/\/pcimt.org\/en\/wp-json\/wp\/v2\/users\/2"}],"replies":[{"embeddable":true,"href":"https:\/\/pcimt.org\/en\/wp-json\/wp\/v2\/comments?post=3813"}],"version-history":[{"count":3,"href":"https:\/\/pcimt.org\/en\/wp-json\/wp\/v2\/posts\/3813\/revisions"}],"predecessor-version":[{"id":3841,"href":"https:\/\/pcimt.org\/en\/wp-json\/wp\/v2\/posts\/3813\/revisions\/3841"}],"wp:featuredmedia":[{"embeddable":true,"href":"https:\/\/pcimt.org\/en\/wp-json\/wp\/v2\/media\/3834"}],"wp:attachment":[{"href":"https:\/\/pcimt.org\/en\/wp-json\/wp\/v2\/media?parent=3813"}],"wp:term":[{"taxonomy":"category","embeddable":true,"href":"https:\/\/pcimt.org\/en\/wp-json\/wp\/v2\/categories?post=3813"},{"taxonomy":"post_tag","embeddable":true,"href":"https:\/\/pcimt.org\/en\/wp-json\/wp\/v2\/tags?post=3813"}],"curies":[{"name":"wp","href":"https:\/\/api.w.org\/{rel}","templated":true}]}}