{"id":1944,"date":"2023-04-26T19:16:00","date_gmt":"2023-04-26T22:16:00","guid":{"rendered":"https:\/\/pcimt.org\/sema-mt-apresenta-acoes-contra-crimes-ambientais-a-pesquisadores-do-reino-unido\/"},"modified":"2025-03-14T12:42:54","modified_gmt":"2025-03-14T15:42:54","slug":"sema-mt-apresenta-acoes-contra-crimes-ambientais-a-pesquisadores-do-reino-unido","status":"publish","type":"post","link":"https:\/\/pcimt.org\/en\/sema-mt-apresenta-acoes-contra-crimes-ambientais-a-pesquisadores-do-reino-unido\/","title":{"rendered":"Sema-MT apresenta a\u00e7\u00f5es contra crimes ambientais a pesquisadores do Reino Unido"},"content":{"rendered":"<p>O objetivo do encontro \u00e9 a constru\u00e7\u00e3o de um programa internacional de a\u00e7\u00f5es contra crimes ambientais entre institui\u00e7\u00f5es de MT e Instituto Rothamsted do Reino Unido<\/p>\n\n\n\n<figure class=\"wp-block-image size-full\"><img fetchpriority=\"high\" decoding=\"async\" width=\"936\" height=\"579\" src=\"http:\/\/pcimt.org\/wp-content\/uploads\/2023\/04\/pci-post-013.png\" alt=\"a\u00e7\u00f5es contra crimes ambientais\" class=\"wp-image-3204\" srcset=\"https:\/\/pcimt.org\/wp-content\/uploads\/2023\/04\/pci-post-013.png 936w, https:\/\/pcimt.org\/wp-content\/uploads\/2023\/04\/pci-post-013-300x186.png 300w, https:\/\/pcimt.org\/wp-content\/uploads\/2023\/04\/pci-post-013-768x475.png 768w, https:\/\/pcimt.org\/wp-content\/uploads\/2023\/04\/pci-post-013-18x12.png 18w\" sizes=\"(max-width: 936px) 100vw, 936px\" \/><\/figure>\n\n\n\n<p>A Secretaria de Estado de Meio Ambiente (Sema-MT) recebeu nesta segunda-feira (13.03) uma comitiva de pesquisadores do Instituto de Pesquisas Agr\u00edcolas de Rothamsted, do Reino Unido, para mostrar as a\u00e7\u00f5es estrat\u00e9gicas do Governo de Mato Grosso e apresentar o programa Carbono Neutro, que prev\u00ea zerar as emiss\u00f5es de CO2 at\u00e9 2035.<\/p>\n\n\n\n<p>O secret\u00e1rio Executivo da Sema, Alex Marega, mostrou as medidas tomadas pelo Estado no combate ao desmatamento ilegal e inc\u00eandios florestais e destacou que o estado tem uma grande \u00e1rea de recursos naturais preservada, 62% englobando \u00e1reas de reserva legal e de preserva\u00e7\u00e3o permanente, territ\u00f3rios ind\u00edgenas e Unidades de Conserva\u00e7\u00e3o.<br><br>Nos \u00faltimos quatro anos foram investidos mais de R$ 180 milh\u00f5es no plano de combate ao desmatamento ilegal e inc\u00eandios florestais, incluindo programas financiados com recursos do governo e do programa REM.<br><br>\u201cMato Grosso \u00e9 um exemplo para o mundo ao conseguir um avan\u00e7o produtivo e uma redu\u00e7\u00e3o de seu desmatamento ao mesmo tempo. O estado dobra a produ\u00e7\u00e3o e consolida a vegeta\u00e7\u00e3o nativa em mais de 60% do territ\u00f3rio. De 2004 a 2021 houve redu\u00e7\u00e3o de mais de 86% no desmatamento, algo muito significativo\u201d, afirmou Marega.<br><br>Sobre a descarboniza\u00e7\u00e3o, o secret\u00e1rio explicou que, enquanto a maioria dos pa\u00edses e estados brasileiros tra\u00e7aram planos para zerar as emiss\u00f5es em 2050, Mato Grosso tem a meta de neutralizar as emiss\u00f5es at\u00e9 2035.<br><br>\u201cPor ser um estado agr\u00edcola, as maiores emiss\u00f5es est\u00e3o concentradas no manejo e uso do solo ent\u00e3o com a\u00e7\u00f5es estrat\u00e9gicas de controle de desmatamento ilegal e inc\u00eandios florestais estaremos fazendo uma redu\u00e7\u00e3o significativa das emiss\u00f5es. Se mantivermos o ritmo de desenvolvimento associado a pr\u00e1ticas de conserva\u00e7\u00e3o e a\u00e7\u00f5es de produ\u00e7\u00e3o sustent\u00e1veis, Mato Grosso tem uma grande chance de alcan\u00e7ar o carbono neutro em um prazo menor\u201d. &nbsp;<\/p>\n\n\n\n<p>O objetivo do encontro intermediado pela assessoria internacional da Casa Civil \u00e9 a constru\u00e7\u00e3o de um programa entre institui\u00e7\u00f5es de Mato Grosso e Instituto Rothamsted do Reino Unido e a discuss\u00e3o de uma proposta de constru\u00e7\u00e3o de um mapa integrado sobre os estoques de carbono nos solos de Mato Grosso.<br><br>Outra meta \u00e9 a estrutura\u00e7\u00e3o de uma rede de colabora\u00e7\u00e3o para estudos correlatos a carbono no solo como adapta\u00e7\u00e3o de culturas as mudan\u00e7as clim\u00e1ticas, pagamento por servi\u00e7os ambientais, uso eficiente de fertilizantes, integra\u00e7\u00e3o lavoura-pecu\u00e1ria, rota\u00e7\u00e3o de culturas e manejo do solo.<br><br>Ap\u00f3s a apresenta\u00e7\u00e3o da Sema, o gerente do Instituto Produzir, Conservar e Incluir (PCI),&nbsp;Ricardo Woldmar, destacou as a\u00e7\u00f5es nas \u00e1reas de produ\u00e7\u00e3o sustent\u00e1vel, conserva\u00e7\u00e3o da floresta e inclus\u00e3o social e os indicadores para alcan\u00e7ar as metas.<br><br>A coordenadora do REDD Early Movers (REM MT) (REDD para Pioneiros pela sigla em ingl\u00eas), Ligia Vendramini, apresentou o programa, que \u00e9 uma iniciativa de remunera\u00e7\u00e3o de servi\u00e7os ambientais baseada em resultados viabilizada pelos governos da Alemanha e Reino Unido.<br><br>&#8220;O REM MT est\u00e1 envolvido em 107 munic\u00edpios com 149 projetos empregados no fortalecimento de pol\u00edticas p\u00fablicas para apoiar o controle ao desmatamento, agricultura familiar, povos e comunidades tradicionais, territ\u00f3rios ind\u00edgenas e apoio a produ\u00e7\u00e3o sustent\u00e1vel de soja, carne e manejo florestal, al\u00e9m dos recursos para investir no sistema estadual de REED, com pol\u00edticas de mudan\u00e7as clim\u00e1ticas em Mato Grosso&#8221;, explicou Ligia.&nbsp;<br><br>\u201cNo controle do desmatamento, os recursos s\u00e3o empregados em tecnologia de ponta, sistemas operacionais que digitalizaram processos ambientais e opera\u00e7\u00f5es como log\u00edstica e capacita\u00e7\u00e3o dos que est\u00e3o em campo\u201d, completou.<br><br>Jos\u00e9 Carlos Polidoro, secret\u00e1rio executivo do Conselho Nacional de Fertilizantes e Nutri\u00e7\u00e3o de Plantas (Confert), encerrou o encontro com uma palestra sobre o centro de excel\u00eancia em fertilizantes e nutri\u00e7\u00e3o de plantas do Brasil.<br><br><strong>Os participantes<\/strong><br><br>A comitiva da Rothamsted era composta por Martin Broadley, diretor do departamento de Sustentabilidade de Solos e Culturas Estrat\u00e9gicas; Nicola Yates, Gerente de Projetos Internacioanais; Milton Ferreira de Moraes, professor da Universidade Federal de Mato Grosso (UFMT) e cientista visitante no instituto de Pesquisas de Rothamsted, e Marcelo Valadares Galdos, cientista de Pesquisa S\u00eanior \u2013 Especialista em Estudos com Carbono do Solo e Mudan\u00e7as Clim\u00e1ticas.<br><br>Tamb\u00e9m participaram representantes das Secretaria de Estado de Ci\u00eancia, Tecnologia e Inova\u00e7\u00e3o (Seciteci), Agricultura Familiar (Seaf) e Desenvolvimento Econ\u00f4mico (Sedec), Casa Civil, Universidade do Estado de Mato Grosso (Unemat), Universidade Federal de Mato Grosso (UFMT), Funda\u00e7\u00e3o de Amparo \u00e0 Pesquisa do Estado de Mato Grosso (Fapemat), Empresa Mato Grossense de Pesquisa Assist\u00eancia e Exten\u00e7\u00e3o Rural (Empaer) e Instituto Mato-grossense de Carne (Imac).<\/p>\n\n\n\n<p>Fonte:&nbsp;Renata Prata | Sema-MT<\/p>","protected":false},"excerpt":{"rendered":"<p>O objetivo do encontro \u00e9 a constru\u00e7\u00e3o de um programa internacional de a\u00e7\u00f5es contra crimes ambientais entre institui\u00e7\u00f5es de MT e Instituto Rothamsted do Reino Unido A Secretaria de Estado de Meio Ambiente (Sema-MT) recebeu nesta segunda-feira (13.03) uma comitiva de pesquisadores do Instituto de Pesquisas Agr\u00edcolas de Rothamsted, do Reino Unido, para mostrar as [&hellip;]<\/p>\n","protected":false},"author":2,"featured_media":0,"comment_status":"closed","ping_status":"closed","sticky":false,"template":"","format":"standard","meta":{"ocean_post_layout":"","ocean_both_sidebars_style":"","ocean_both_sidebars_content_width":0,"ocean_both_sidebars_sidebars_width":0,"ocean_sidebar":"","ocean_second_sidebar":"","ocean_disable_margins":"enable","ocean_add_body_class":"","ocean_shortcode_before_top_bar":"","ocean_shortcode_after_top_bar":"","ocean_shortcode_before_header":"","ocean_shortcode_after_header":"","ocean_has_shortcode":"","ocean_shortcode_after_title":"","ocean_shortcode_before_footer_widgets":"","ocean_shortcode_after_footer_widgets":"","ocean_shortcode_before_footer_bottom":"","ocean_shortcode_after_footer_bottom":"","ocean_display_top_bar":"default","ocean_display_header":"default","ocean_header_style":"","ocean_center_header_left_menu":"","ocean_custom_header_template":"","ocean_custom_logo":0,"ocean_custom_retina_logo":0,"ocean_custom_logo_max_width":0,"ocean_custom_logo_tablet_max_width":0,"ocean_custom_logo_mobile_max_width":0,"ocean_custom_logo_max_height":0,"ocean_custom_logo_tablet_max_height":0,"ocean_custom_logo_mobile_max_height":0,"ocean_header_custom_menu":"","ocean_menu_typo_font_family":"","ocean_menu_typo_font_subset":"","ocean_menu_typo_font_size":0,"ocean_menu_typo_font_size_tablet":0,"ocean_menu_typo_font_size_mobile":0,"ocean_menu_typo_font_size_unit":"px","ocean_menu_typo_font_weight":"","ocean_menu_typo_font_weight_tablet":"","ocean_menu_typo_font_weight_mobile":"","ocean_menu_typo_transform":"","ocean_menu_typo_transform_tablet":"","ocean_menu_typo_transform_mobile":"","ocean_menu_typo_line_height":0,"ocean_menu_typo_line_height_tablet":0,"ocean_menu_typo_line_height_mobile":0,"ocean_menu_typo_line_height_unit":"","ocean_menu_typo_spacing":0,"ocean_menu_typo_spacing_tablet":0,"ocean_menu_typo_spacing_mobile":0,"ocean_menu_typo_spacing_unit":"","ocean_menu_link_color":"","ocean_menu_link_color_hover":"","ocean_menu_link_color_active":"","ocean_menu_link_background":"","ocean_menu_link_hover_background":"","ocean_menu_link_active_background":"","ocean_menu_social_links_bg":"","ocean_menu_social_hover_links_bg":"","ocean_menu_social_links_color":"","ocean_menu_social_hover_links_color":"","ocean_disable_title":"default","ocean_disable_heading":"default","ocean_post_title":"","ocean_post_subheading":"","ocean_post_title_style":"","ocean_post_title_background_color":"","ocean_post_title_background":0,"ocean_post_title_bg_image_position":"","ocean_post_title_bg_image_attachment":"","ocean_post_title_bg_image_repeat":"","ocean_post_title_bg_image_size":"","ocean_post_title_height":0,"ocean_post_title_bg_overlay":0.5,"ocean_post_title_bg_overlay_color":"","ocean_disable_breadcrumbs":"default","ocean_breadcrumbs_color":"","ocean_breadcrumbs_separator_color":"","ocean_breadcrumbs_links_color":"","ocean_breadcrumbs_links_hover_color":"","ocean_display_footer_widgets":"default","ocean_display_footer_bottom":"default","ocean_custom_footer_template":"","ocean_post_oembed":"","ocean_post_self_hosted_media":"","ocean_post_video_embed":"","ocean_link_format":"","ocean_link_format_target":"self","ocean_quote_format":"","ocean_quote_format_link":"post","ocean_gallery_link_images":"on","ocean_gallery_id":[],"footnotes":""},"categories":[26],"tags":[],"class_list":["post-1944","post","type-post","status-publish","format-standard","hentry","category-noticias-pci","entry"],"yoast_head":"<!-- This site is optimized with the Yoast SEO plugin v27.1.1 - https:\/\/yoast.com\/product\/yoast-seo-wordpress\/ -->\n<title>A\u00e7\u00f5es Contra Crimes Ambientais no Mato Grosso<\/title>\n<meta name=\"description\" content=\"Combate aos crimes ambientais e emiss\u00e3o de CO2: Conhe\u00e7a as a\u00e7\u00f5es do estado do Mato Grosso e o programa Carbono Neutro.\" \/>\n<meta name=\"robots\" content=\"index, follow, max-snippet:-1, max-image-preview:large, max-video-preview:-1\" \/>\n<link rel=\"canonical\" href=\"http:\/\/pcimt.org\/en\/sema-mt-apresenta-acoes-contra-crimes-ambientais-a-pesquisadores-do-reino-unido\/\" \/>\n<meta property=\"og:locale\" content=\"en_US\" \/>\n<meta property=\"og:type\" content=\"article\" \/>\n<meta property=\"og:title\" content=\"A\u00e7\u00f5es Contra Crimes Ambientais no Mato Grosso\" \/>\n<meta property=\"og:description\" content=\"Combate aos crimes ambientais e emiss\u00e3o de CO2: Conhe\u00e7a as a\u00e7\u00f5es do estado do Mato Grosso e o programa Carbono Neutro.\" \/>\n<meta property=\"og:url\" content=\"http:\/\/pcimt.org\/en\/sema-mt-apresenta-acoes-contra-crimes-ambientais-a-pesquisadores-do-reino-unido\/\" \/>\n<meta property=\"og:site_name\" content=\"PCI\" \/>\n<meta property=\"article:published_time\" content=\"2023-04-26T22:16:00+00:00\" \/>\n<meta property=\"article:modified_time\" content=\"2025-03-14T15:42:54+00:00\" \/>\n<meta property=\"og:image\" content=\"http:\/\/pcimt.org\/wp-content\/uploads\/2023\/04\/pci-post-013.png\" \/>\n<meta name=\"author\" content=\"Nvlo\" \/>\n<meta name=\"twitter:card\" content=\"summary_large_image\" \/>\n<meta name=\"twitter:label1\" content=\"Written by\" \/>\n\t<meta name=\"twitter:data1\" content=\"Nvlo\" \/>\n\t<meta name=\"twitter:label2\" content=\"Est. reading time\" \/>\n\t<meta name=\"twitter:data2\" content=\"5 minutes\" \/>\n<script type=\"application\/ld+json\" class=\"yoast-schema-graph\">{\"@context\":\"https:\/\/schema.org\",\"@graph\":[{\"@type\":\"Article\",\"@id\":\"http:\/\/pcimt.org\/sema-mt-apresenta-acoes-contra-crimes-ambientais-a-pesquisadores-do-reino-unido\/#article\",\"isPartOf\":{\"@id\":\"http:\/\/pcimt.org\/sema-mt-apresenta-acoes-contra-crimes-ambientais-a-pesquisadores-do-reino-unido\/\"},\"author\":{\"name\":\"Nvlo\",\"@id\":\"https:\/\/pcimt.org\/#\/schema\/person\/0157b9ecd4b40c936045ea21257e1ba2\"},\"headline\":\"Sema-MT apresenta a\u00e7\u00f5es contra crimes ambientais a pesquisadores do Reino Unido\",\"datePublished\":\"2023-04-26T22:16:00+00:00\",\"dateModified\":\"2025-03-14T15:42:54+00:00\",\"mainEntityOfPage\":{\"@id\":\"http:\/\/pcimt.org\/sema-mt-apresenta-acoes-contra-crimes-ambientais-a-pesquisadores-do-reino-unido\/\"},\"wordCount\":835,\"image\":{\"@id\":\"http:\/\/pcimt.org\/sema-mt-apresenta-acoes-contra-crimes-ambientais-a-pesquisadores-do-reino-unido\/#primaryimage\"},\"thumbnailUrl\":\"http:\/\/pcimt.org\/wp-content\/uploads\/2023\/04\/pci-post-013.png\",\"articleSection\":[\"Noticias-PCI\"],\"inLanguage\":\"en-US\"},{\"@type\":\"WebPage\",\"@id\":\"http:\/\/pcimt.org\/sema-mt-apresenta-acoes-contra-crimes-ambientais-a-pesquisadores-do-reino-unido\/\",\"url\":\"http:\/\/pcimt.org\/sema-mt-apresenta-acoes-contra-crimes-ambientais-a-pesquisadores-do-reino-unido\/\",\"name\":\"A\u00e7\u00f5es Contra Crimes Ambientais no Mato Grosso\",\"isPartOf\":{\"@id\":\"https:\/\/pcimt.org\/#website\"},\"primaryImageOfPage\":{\"@id\":\"http:\/\/pcimt.org\/sema-mt-apresenta-acoes-contra-crimes-ambientais-a-pesquisadores-do-reino-unido\/#primaryimage\"},\"image\":{\"@id\":\"http:\/\/pcimt.org\/sema-mt-apresenta-acoes-contra-crimes-ambientais-a-pesquisadores-do-reino-unido\/#primaryimage\"},\"thumbnailUrl\":\"http:\/\/pcimt.org\/wp-content\/uploads\/2023\/04\/pci-post-013.png\",\"datePublished\":\"2023-04-26T22:16:00+00:00\",\"dateModified\":\"2025-03-14T15:42:54+00:00\",\"author\":{\"@id\":\"https:\/\/pcimt.org\/#\/schema\/person\/0157b9ecd4b40c936045ea21257e1ba2\"},\"description\":\"Combate aos crimes ambientais e emiss\u00e3o de CO2: Conhe\u00e7a as a\u00e7\u00f5es do estado do Mato Grosso e o programa Carbono Neutro.\",\"breadcrumb\":{\"@id\":\"http:\/\/pcimt.org\/sema-mt-apresenta-acoes-contra-crimes-ambientais-a-pesquisadores-do-reino-unido\/#breadcrumb\"},\"inLanguage\":\"en-US\",\"potentialAction\":[{\"@type\":\"ReadAction\",\"target\":[\"http:\/\/pcimt.org\/sema-mt-apresenta-acoes-contra-crimes-ambientais-a-pesquisadores-do-reino-unido\/\"]}]},{\"@type\":\"ImageObject\",\"inLanguage\":\"en-US\",\"@id\":\"http:\/\/pcimt.org\/sema-mt-apresenta-acoes-contra-crimes-ambientais-a-pesquisadores-do-reino-unido\/#primaryimage\",\"url\":\"http:\/\/pcimt.org\/wp-content\/uploads\/2023\/04\/pci-post-013.png\",\"contentUrl\":\"http:\/\/pcimt.org\/wp-content\/uploads\/2023\/04\/pci-post-013.png\"},{\"@type\":\"BreadcrumbList\",\"@id\":\"http:\/\/pcimt.org\/sema-mt-apresenta-acoes-contra-crimes-ambientais-a-pesquisadores-do-reino-unido\/#breadcrumb\",\"itemListElement\":[{\"@type\":\"ListItem\",\"position\":1,\"name\":\"In\u00edcio\",\"item\":\"https:\/\/pcimt.org\/\"},{\"@type\":\"ListItem\",\"position\":2,\"name\":\"Sema-MT apresenta a\u00e7\u00f5es contra crimes ambientais a pesquisadores do Reino Unido\"}]},{\"@type\":\"WebSite\",\"@id\":\"https:\/\/pcimt.org\/#website\",\"url\":\"https:\/\/pcimt.org\/\",\"name\":\"PCI\",\"description\":\"Produzir, Conservar e Incluir\",\"potentialAction\":[{\"@type\":\"SearchAction\",\"target\":{\"@type\":\"EntryPoint\",\"urlTemplate\":\"https:\/\/pcimt.org\/?s={search_term_string}\"},\"query-input\":{\"@type\":\"PropertyValueSpecification\",\"valueRequired\":true,\"valueName\":\"search_term_string\"}}],\"inLanguage\":\"en-US\"},{\"@type\":\"Person\",\"@id\":\"https:\/\/pcimt.org\/#\/schema\/person\/0157b9ecd4b40c936045ea21257e1ba2\",\"name\":\"Nvlo\",\"url\":\"https:\/\/pcimt.org\/en\/author\/nvlo\/\"}]}<\/script>\n<!-- \/ Yoast SEO plugin. -->","yoast_head_json":{"title":"A\u00e7\u00f5es Contra Crimes Ambientais no Mato Grosso","description":"Combate aos crimes ambientais e emiss\u00e3o de CO2: Conhe\u00e7a as a\u00e7\u00f5es do estado do Mato Grosso e o programa Carbono Neutro.","robots":{"index":"index","follow":"follow","max-snippet":"max-snippet:-1","max-image-preview":"max-image-preview:large","max-video-preview":"max-video-preview:-1"},"canonical":"http:\/\/pcimt.org\/en\/sema-mt-apresenta-acoes-contra-crimes-ambientais-a-pesquisadores-do-reino-unido\/","og_locale":"en_US","og_type":"article","og_title":"A\u00e7\u00f5es Contra Crimes Ambientais no Mato Grosso","og_description":"Combate aos crimes ambientais e emiss\u00e3o de CO2: Conhe\u00e7a as a\u00e7\u00f5es do estado do Mato Grosso e o programa Carbono Neutro.","og_url":"http:\/\/pcimt.org\/en\/sema-mt-apresenta-acoes-contra-crimes-ambientais-a-pesquisadores-do-reino-unido\/","og_site_name":"PCI","article_published_time":"2023-04-26T22:16:00+00:00","article_modified_time":"2025-03-14T15:42:54+00:00","og_image":[{"url":"http:\/\/pcimt.org\/wp-content\/uploads\/2023\/04\/pci-post-013.png","type":"","width":"","height":""}],"author":"Nvlo","twitter_card":"summary_large_image","twitter_misc":{"Written by":"Nvlo","Est. reading time":"5 minutes"},"schema":{"@context":"https:\/\/schema.org","@graph":[{"@type":"Article","@id":"http:\/\/pcimt.org\/sema-mt-apresenta-acoes-contra-crimes-ambientais-a-pesquisadores-do-reino-unido\/#article","isPartOf":{"@id":"http:\/\/pcimt.org\/sema-mt-apresenta-acoes-contra-crimes-ambientais-a-pesquisadores-do-reino-unido\/"},"author":{"name":"Nvlo","@id":"https:\/\/pcimt.org\/#\/schema\/person\/0157b9ecd4b40c936045ea21257e1ba2"},"headline":"Sema-MT apresenta a\u00e7\u00f5es contra crimes ambientais a pesquisadores do Reino Unido","datePublished":"2023-04-26T22:16:00+00:00","dateModified":"2025-03-14T15:42:54+00:00","mainEntityOfPage":{"@id":"http:\/\/pcimt.org\/sema-mt-apresenta-acoes-contra-crimes-ambientais-a-pesquisadores-do-reino-unido\/"},"wordCount":835,"image":{"@id":"http:\/\/pcimt.org\/sema-mt-apresenta-acoes-contra-crimes-ambientais-a-pesquisadores-do-reino-unido\/#primaryimage"},"thumbnailUrl":"http:\/\/pcimt.org\/wp-content\/uploads\/2023\/04\/pci-post-013.png","articleSection":["Noticias-PCI"],"inLanguage":"en-US"},{"@type":"WebPage","@id":"http:\/\/pcimt.org\/sema-mt-apresenta-acoes-contra-crimes-ambientais-a-pesquisadores-do-reino-unido\/","url":"http:\/\/pcimt.org\/sema-mt-apresenta-acoes-contra-crimes-ambientais-a-pesquisadores-do-reino-unido\/","name":"A\u00e7\u00f5es Contra Crimes Ambientais no Mato Grosso","isPartOf":{"@id":"https:\/\/pcimt.org\/#website"},"primaryImageOfPage":{"@id":"http:\/\/pcimt.org\/sema-mt-apresenta-acoes-contra-crimes-ambientais-a-pesquisadores-do-reino-unido\/#primaryimage"},"image":{"@id":"http:\/\/pcimt.org\/sema-mt-apresenta-acoes-contra-crimes-ambientais-a-pesquisadores-do-reino-unido\/#primaryimage"},"thumbnailUrl":"http:\/\/pcimt.org\/wp-content\/uploads\/2023\/04\/pci-post-013.png","datePublished":"2023-04-26T22:16:00+00:00","dateModified":"2025-03-14T15:42:54+00:00","author":{"@id":"https:\/\/pcimt.org\/#\/schema\/person\/0157b9ecd4b40c936045ea21257e1ba2"},"description":"Combate aos crimes ambientais e emiss\u00e3o de CO2: Conhe\u00e7a as a\u00e7\u00f5es do estado do Mato Grosso e o programa Carbono Neutro.","breadcrumb":{"@id":"http:\/\/pcimt.org\/sema-mt-apresenta-acoes-contra-crimes-ambientais-a-pesquisadores-do-reino-unido\/#breadcrumb"},"inLanguage":"en-US","potentialAction":[{"@type":"ReadAction","target":["http:\/\/pcimt.org\/sema-mt-apresenta-acoes-contra-crimes-ambientais-a-pesquisadores-do-reino-unido\/"]}]},{"@type":"ImageObject","inLanguage":"en-US","@id":"http:\/\/pcimt.org\/sema-mt-apresenta-acoes-contra-crimes-ambientais-a-pesquisadores-do-reino-unido\/#primaryimage","url":"http:\/\/pcimt.org\/wp-content\/uploads\/2023\/04\/pci-post-013.png","contentUrl":"http:\/\/pcimt.org\/wp-content\/uploads\/2023\/04\/pci-post-013.png"},{"@type":"BreadcrumbList","@id":"http:\/\/pcimt.org\/sema-mt-apresenta-acoes-contra-crimes-ambientais-a-pesquisadores-do-reino-unido\/#breadcrumb","itemListElement":[{"@type":"ListItem","position":1,"name":"In\u00edcio","item":"https:\/\/pcimt.org\/"},{"@type":"ListItem","position":2,"name":"Sema-MT apresenta a\u00e7\u00f5es contra crimes ambientais a pesquisadores do Reino Unido"}]},{"@type":"WebSite","@id":"https:\/\/pcimt.org\/#website","url":"https:\/\/pcimt.org\/","name":"The PCI","description":"Produce, Conserve and Include","potentialAction":[{"@type":"SearchAction","target":{"@type":"EntryPoint","urlTemplate":"https:\/\/pcimt.org\/?s={search_term_string}"},"query-input":{"@type":"PropertyValueSpecification","valueRequired":true,"valueName":"search_term_string"}}],"inLanguage":"en-US"},{"@type":"Person","@id":"https:\/\/pcimt.org\/#\/schema\/person\/0157b9ecd4b40c936045ea21257e1ba2","name":"Nvlo","url":"https:\/\/pcimt.org\/en\/author\/nvlo\/"}]}},"_links":{"self":[{"href":"https:\/\/pcimt.org\/en\/wp-json\/wp\/v2\/posts\/1944","targetHints":{"allow":["GET"]}}],"collection":[{"href":"https:\/\/pcimt.org\/en\/wp-json\/wp\/v2\/posts"}],"about":[{"href":"https:\/\/pcimt.org\/en\/wp-json\/wp\/v2\/types\/post"}],"author":[{"embeddable":true,"href":"https:\/\/pcimt.org\/en\/wp-json\/wp\/v2\/users\/2"}],"replies":[{"embeddable":true,"href":"https:\/\/pcimt.org\/en\/wp-json\/wp\/v2\/comments?post=1944"}],"version-history":[{"count":6,"href":"https:\/\/pcimt.org\/en\/wp-json\/wp\/v2\/posts\/1944\/revisions"}],"predecessor-version":[{"id":3597,"href":"https:\/\/pcimt.org\/en\/wp-json\/wp\/v2\/posts\/1944\/revisions\/3597"}],"wp:attachment":[{"href":"https:\/\/pcimt.org\/en\/wp-json\/wp\/v2\/media?parent=1944"}],"wp:term":[{"taxonomy":"category","embeddable":true,"href":"https:\/\/pcimt.org\/en\/wp-json\/wp\/v2\/categories?post=1944"},{"taxonomy":"post_tag","embeddable":true,"href":"https:\/\/pcimt.org\/en\/wp-json\/wp\/v2\/tags?post=1944"}],"curies":[{"name":"wp","href":"https:\/\/api.w.org\/{rel}","templated":true}]}}