{"id":1934,"date":"2022-11-07T19:16:01","date_gmt":"2022-11-07T22:16:01","guid":{"rendered":"https:\/\/pcimt.org\/especialista-climatico-elogia-acoes-que-mt-levara-a-cop-27-o-estado-e-modelo-de-protecao-florestal\/"},"modified":"2024-07-02T15:38:17","modified_gmt":"2024-07-02T18:38:17","slug":"especialista-climatico-elogia-acoes-que-mt-levara-a-cop-27-o-estado-e-modelo-de-protecao-florestal","status":"publish","type":"post","link":"https:\/\/pcimt.org\/en\/especialista-climatico-elogia-acoes-que-mt-levara-a-cop-27-o-estado-e-modelo-de-protecao-florestal\/","title":{"rendered":"Especialista clim\u00e1tico elogia a\u00e7\u00f5es que MT levar\u00e1 \u00e0 COP 27: \u201cO Estado \u00e9 modelo de prote\u00e7\u00e3o florestal\u201d"},"content":{"rendered":"<p>O presidente do Center for Climate and Energy Solutions (C2ES) e renomado especialista clim\u00e1tico global, Nat Keohane, elogiou as a\u00e7\u00f5es realizadas em Mato Grosso no \u00e2mbito do desenvolvimento sustent\u00e1vel e afirmou que o Estado de MT \u00e9 hoje um \u201cmodelo de desenvolvimento econ\u00f4mico e prote\u00e7\u00e3o florestal\u201d.<\/p>\n<p>Este modelo de prote\u00e7\u00e3o ambiental aliada \u00e0 produ\u00e7\u00e3o, com metas ousadas de redu\u00e7\u00e3o de carbono, ser\u00e1 apresentado pelo governador Mauro Mendes na Confer\u00eancia das Na\u00e7\u00f5es Unidas sobre Mudan\u00e7as Clim\u00e1ticas de 2022 (COP-27), que ocorrer\u00e1 em Sharm El-Sheikh, no Egito, nas pr\u00f3ximas semanas.<\/p>\n<p>Nat Keohane usou Mato Grosso como exemplo de pol\u00edticas ambientais que visam a preserva\u00e7\u00e3o das florestas tropicais, durante palestra na plataforma TED (Technology, Entertainment and Design), que est\u00e1 dispon\u00edvel no Youtube.<\/p>\n<p>\u201cMato Grosso \u00e9 um estado brasileiro que \u00e9 t\u00e3o grande quanto o Texas e um peda\u00e7o da Calif\u00f3rnia juntos, e um dos maiores produtores mundiais de carne bovina e soja. Mato Grosso \u00e9 hoje um modelo de desenvolvimento econ\u00f4mico e prote\u00e7\u00e3o florestal\u201d, disse ele.<\/p>\n<p>PHD em Harvard, economista e assistente especial para Energia e Meio Ambiente na Casa Branca no Governo Obama, Keohane mencionou que Mato Grosso, h\u00e1 algumas d\u00e9cadas, era um dos maiores poluidores de carbono do mundo e conseguiu reverter o jogo, reduzindo em 85% o desmatamento ilegal.<\/p>\n<p>\u201cMato Grosso n\u00e3o reduziu as emiss\u00f5es paralisando a agricultura. Em vez disso intensificou a fiscaliza\u00e7\u00e3o contra grileiros ilegais, empoderou comunidades locais e popula\u00e7\u00f5es ind\u00edgenas para proteger seus territ\u00f3rios. Trabalhou com produtores e comerciantes agr\u00edcolas em toda a cadeia de suprimentos para investir em m\u00e9todos de produ\u00e7\u00e3o novos e mais sustent\u00e1veis. Esses esfor\u00e7os foram apoiados por uma ampla gama de ONGs, empresas e organiza\u00e7\u00f5es ind\u00edgenas\u201d, disse.<\/p>\n<p>Conforme o especialista, essa pol\u00edtica foi refor\u00e7ada durante a gest\u00e3o do governador Mauro Mendes, que \u201cimediatamente afirmou seu compromisso com a redu\u00e7\u00e3o do desmatamento\u201d.<\/p>\n<p>\u201cPorque ele [governador] viu como essas novas pol\u00edticas estavam atraindo novos investimentos e lan\u00e7ando as bases para o crescimento sustent\u00e1vel. Se quisermos evitar a cat\u00e1strofe clim\u00e1tica, o mundo precisa de muito mais Mato Grossos\u201d, relatou.<\/p>\n<p>Para Keohane, a pol\u00edtica florestal praticada no Estado \u00e9 um \u201csucesso total\u201d e \u00e9 poss\u00edvel ser implementada em outras regi\u00f5es do mundo, uma vez que Mato Grosso continuou expandindo sua produ\u00e7\u00e3o ao mesmo tempo em que reduziu o desmatamento ilegal.<\/p>\n<p>\u201cEm Mato Grosso, a produ\u00e7\u00e3o de soja mais que dobrou e o gado aumentou em mais de um quarto, mesmo com a queda do desmatamento\u201d, pontuou.<\/p>\n<p>Confira a palestra\u00a0<a href=\"https:\/\/www.ted.com\/talks\/nat_keohane_a_new_economic_model_for_protecting_tropical_forests\">AQUI.<\/a><\/p>\n<p><strong>COP 27<\/strong><\/p>\n<p>Juntamente com outros representantes do Estado e do setor produtivo e ambiental de Mato Grosso, o governador Mauro Mendes participar\u00e1 da COP-27, com a miss\u00e3o de fortalecer a imagem de Mato Grosso como a regi\u00e3o do planeta que mais produz com preserva\u00e7\u00e3o.<\/p>\n<p>Atualmente, Mato Grosso mant\u00e9m 62% de seu territ\u00f3rio inteiramente preservado, mesmo sendo o principal produtor de commodities do pa\u00eds. Os principais estados produtores dos outros pa\u00edses l\u00edderes em produ\u00e7\u00e3o n\u00e3o preservam nem 1\/3 disso.<\/p>\n<p>O Estado \u00e9 l\u00edder na produ\u00e7\u00e3o de soja, milho, algod\u00e3o e biodiesel e carne bovina. Possui meta ousada para neutralizar as emiss\u00f5es de carbono at\u00e9 2035, 15 anos antes da perspectiva global, por meio de um plano de a\u00e7\u00e3o colocado em campo desde 2019, via programa Carbono Neutro MT.<\/p>\n<p>Mesmo com o aumento da produ\u00e7\u00e3o, Mato Grosso tem reduzido substancialmente o desmatamento. Somente no bioma amaz\u00f4nico, o desmatamento foi reduzido em 85% nos \u00faltimos 20 anos.<\/p>\n<p>De janeiro a setembro deste ano, conforme os dados do INPE, a queda total no desmatamento em todo o estado foi de 47%, se comparado com o mesmo per\u00edodo de 2021.<\/p>\n<p><span style=\"font-size: 8pt;\">Fonte: <a href=\"http:\/\/www.mt.gov.br\/-\/22902061-especialista-climatico-elogia-acoes-que-mt-levara-a-cop-27-o-estado-e-modelo-de-protecao-florestal-\" target=\"_blank\" rel=\"noopener noreferrer\">http:\/\/www.mt.gov.br\/-\/22902061-especialista-climatico-elogia-acoes-que-mt-levara-a-cop-27-o-estado-e-modelo-de-protecao-florestal-<\/a><\/span><\/p>\n","protected":false},"excerpt":{"rendered":"<p>O presidente do Center for Climate and Energy Solutions (C2ES) e renomado especialista clim\u00e1tico global, Nat Keohane, elogiou as a\u00e7\u00f5es realizadas em Mato Grosso no \u00e2mbito do desenvolvimento sustent\u00e1vel e afirmou que o Estado de MT \u00e9 hoje um \u201cmodelo de desenvolvimento econ\u00f4mico e prote\u00e7\u00e3o florestal\u201d. Este modelo de prote\u00e7\u00e3o ambiental aliada \u00e0 produ\u00e7\u00e3o, com [&hellip;]<\/p>\n","protected":false},"author":2,"featured_media":3219,"comment_status":"open","ping_status":"open","sticky":false,"template":"","format":"standard","meta":{"ocean_post_layout":"","ocean_both_sidebars_style":"","ocean_both_sidebars_content_width":0,"ocean_both_sidebars_sidebars_width":0,"ocean_sidebar":"","ocean_second_sidebar":"","ocean_disable_margins":"enable","ocean_add_body_class":"","ocean_shortcode_before_top_bar":"","ocean_shortcode_after_top_bar":"","ocean_shortcode_before_header":"","ocean_shortcode_after_header":"","ocean_has_shortcode":"","ocean_shortcode_after_title":"","ocean_shortcode_before_footer_widgets":"","ocean_shortcode_after_footer_widgets":"","ocean_shortcode_before_footer_bottom":"","ocean_shortcode_after_footer_bottom":"","ocean_display_top_bar":"default","ocean_display_header":"default","ocean_header_style":"","ocean_center_header_left_menu":"","ocean_custom_header_template":"","ocean_custom_logo":0,"ocean_custom_retina_logo":0,"ocean_custom_logo_max_width":0,"ocean_custom_logo_tablet_max_width":0,"ocean_custom_logo_mobile_max_width":0,"ocean_custom_logo_max_height":0,"ocean_custom_logo_tablet_max_height":0,"ocean_custom_logo_mobile_max_height":0,"ocean_header_custom_menu":"","ocean_menu_typo_font_family":"","ocean_menu_typo_font_subset":"","ocean_menu_typo_font_size":0,"ocean_menu_typo_font_size_tablet":0,"ocean_menu_typo_font_size_mobile":0,"ocean_menu_typo_font_size_unit":"px","ocean_menu_typo_font_weight":"","ocean_menu_typo_font_weight_tablet":"","ocean_menu_typo_font_weight_mobile":"","ocean_menu_typo_transform":"","ocean_menu_typo_transform_tablet":"","ocean_menu_typo_transform_mobile":"","ocean_menu_typo_line_height":0,"ocean_menu_typo_line_height_tablet":0,"ocean_menu_typo_line_height_mobile":0,"ocean_menu_typo_line_height_unit":"","ocean_menu_typo_spacing":0,"ocean_menu_typo_spacing_tablet":0,"ocean_menu_typo_spacing_mobile":0,"ocean_menu_typo_spacing_unit":"","ocean_menu_link_color":"","ocean_menu_link_color_hover":"","ocean_menu_link_color_active":"","ocean_menu_link_background":"","ocean_menu_link_hover_background":"","ocean_menu_link_active_background":"","ocean_menu_social_links_bg":"","ocean_menu_social_hover_links_bg":"","ocean_menu_social_links_color":"","ocean_menu_social_hover_links_color":"","ocean_disable_title":"default","ocean_disable_heading":"default","ocean_post_title":"","ocean_post_subheading":"","ocean_post_title_style":"","ocean_post_title_background_color":"","ocean_post_title_background":0,"ocean_post_title_bg_image_position":"","ocean_post_title_bg_image_attachment":"","ocean_post_title_bg_image_repeat":"","ocean_post_title_bg_image_size":"","ocean_post_title_height":0,"ocean_post_title_bg_overlay":0.5,"ocean_post_title_bg_overlay_color":"","ocean_disable_breadcrumbs":"default","ocean_breadcrumbs_color":"","ocean_breadcrumbs_separator_color":"","ocean_breadcrumbs_links_color":"","ocean_breadcrumbs_links_hover_color":"","ocean_display_footer_widgets":"default","ocean_display_footer_bottom":"default","ocean_custom_footer_template":"","ocean_post_oembed":"","ocean_post_self_hosted_media":"","ocean_post_video_embed":"","ocean_link_format":"","ocean_link_format_target":"self","ocean_quote_format":"","ocean_quote_format_link":"post","ocean_gallery_link_images":"on","ocean_gallery_id":[],"footnotes":""},"categories":[26],"tags":[],"class_list":["post-1934","post","type-post","status-publish","format-standard","has-post-thumbnail","hentry","category-noticias-pci","entry","has-media"],"yoast_head":"<!-- This site is optimized with the Yoast SEO plugin v27.1.1 - https:\/\/yoast.com\/product\/yoast-seo-wordpress\/ -->\n<title>Modelo de prote\u00e7\u00e3o florestal de MT elogiado<\/title>\n<meta name=\"description\" content=\"O modelo de prote\u00e7\u00e3o florestal de Mato Grosso, aliado ao desenvolvimento econ\u00f4mico sustent\u00e1vel, \u00e9 elogiado por especialista clim\u00e1tico global.\" \/>\n<meta name=\"robots\" content=\"index, follow, max-snippet:-1, max-image-preview:large, max-video-preview:-1\" \/>\n<link rel=\"canonical\" href=\"http:\/\/pcimt.org\/en\/especialista-climatico-elogia-acoes-que-mt-levara-a-cop-27-o-estado-e-modelo-de-protecao-florestal\/\" \/>\n<meta property=\"og:locale\" content=\"en_US\" \/>\n<meta property=\"og:type\" content=\"article\" \/>\n<meta property=\"og:title\" content=\"Modelo de prote\u00e7\u00e3o florestal de MT elogiado\" \/>\n<meta property=\"og:description\" content=\"O modelo de prote\u00e7\u00e3o florestal de Mato Grosso, aliado ao desenvolvimento econ\u00f4mico sustent\u00e1vel, \u00e9 elogiado por especialista clim\u00e1tico global.\" \/>\n<meta property=\"og:url\" content=\"http:\/\/pcimt.org\/en\/especialista-climatico-elogia-acoes-que-mt-levara-a-cop-27-o-estado-e-modelo-de-protecao-florestal\/\" \/>\n<meta property=\"og:site_name\" content=\"PCI\" \/>\n<meta property=\"article:published_time\" content=\"2022-11-07T22:16:01+00:00\" \/>\n<meta property=\"article:modified_time\" content=\"2024-07-02T18:38:17+00:00\" \/>\n<meta property=\"og:image\" content=\"http:\/\/pcimt.org\/wp-content\/uploads\/2024\/06\/Nat_Keohane-2.jpg\" \/>\n\t<meta property=\"og:image:width\" content=\"1024\" \/>\n\t<meta property=\"og:image:height\" content=\"518\" \/>\n\t<meta property=\"og:image:type\" content=\"image\/jpeg\" \/>\n<meta name=\"author\" content=\"Nvlo\" \/>\n<meta name=\"twitter:card\" content=\"summary_large_image\" \/>\n<meta name=\"twitter:label1\" content=\"Written by\" \/>\n\t<meta name=\"twitter:data1\" content=\"Nvlo\" \/>\n\t<meta name=\"twitter:label2\" content=\"Est. reading time\" \/>\n\t<meta name=\"twitter:data2\" content=\"4 minutes\" \/>\n<script type=\"application\/ld+json\" class=\"yoast-schema-graph\">{\"@context\":\"https:\/\/schema.org\",\"@graph\":[{\"@type\":\"Article\",\"@id\":\"http:\/\/pcimt.org\/especialista-climatico-elogia-acoes-que-mt-levara-a-cop-27-o-estado-e-modelo-de-protecao-florestal\/#article\",\"isPartOf\":{\"@id\":\"http:\/\/pcimt.org\/especialista-climatico-elogia-acoes-que-mt-levara-a-cop-27-o-estado-e-modelo-de-protecao-florestal\/\"},\"author\":{\"name\":\"Nvlo\",\"@id\":\"https:\/\/pcimt.org\/#\/schema\/person\/0157b9ecd4b40c936045ea21257e1ba2\"},\"headline\":\"Especialista clim\u00e1tico elogia a\u00e7\u00f5es que MT levar\u00e1 \u00e0 COP 27: \u201cO Estado \u00e9 modelo de prote\u00e7\u00e3o florestal\u201d\",\"datePublished\":\"2022-11-07T22:16:01+00:00\",\"dateModified\":\"2024-07-02T18:38:17+00:00\",\"mainEntityOfPage\":{\"@id\":\"http:\/\/pcimt.org\/especialista-climatico-elogia-acoes-que-mt-levara-a-cop-27-o-estado-e-modelo-de-protecao-florestal\/\"},\"wordCount\":662,\"commentCount\":0,\"image\":{\"@id\":\"http:\/\/pcimt.org\/especialista-climatico-elogia-acoes-que-mt-levara-a-cop-27-o-estado-e-modelo-de-protecao-florestal\/#primaryimage\"},\"thumbnailUrl\":\"https:\/\/pcimt.org\/wp-content\/uploads\/2024\/06\/Nat_Keohane-2.jpg\",\"articleSection\":[\"Noticias-PCI\"],\"inLanguage\":\"en-US\"},{\"@type\":\"WebPage\",\"@id\":\"http:\/\/pcimt.org\/especialista-climatico-elogia-acoes-que-mt-levara-a-cop-27-o-estado-e-modelo-de-protecao-florestal\/\",\"url\":\"http:\/\/pcimt.org\/especialista-climatico-elogia-acoes-que-mt-levara-a-cop-27-o-estado-e-modelo-de-protecao-florestal\/\",\"name\":\"Modelo de prote\u00e7\u00e3o florestal de MT elogiado\",\"isPartOf\":{\"@id\":\"https:\/\/pcimt.org\/#website\"},\"primaryImageOfPage\":{\"@id\":\"http:\/\/pcimt.org\/especialista-climatico-elogia-acoes-que-mt-levara-a-cop-27-o-estado-e-modelo-de-protecao-florestal\/#primaryimage\"},\"image\":{\"@id\":\"http:\/\/pcimt.org\/especialista-climatico-elogia-acoes-que-mt-levara-a-cop-27-o-estado-e-modelo-de-protecao-florestal\/#primaryimage\"},\"thumbnailUrl\":\"https:\/\/pcimt.org\/wp-content\/uploads\/2024\/06\/Nat_Keohane-2.jpg\",\"datePublished\":\"2022-11-07T22:16:01+00:00\",\"dateModified\":\"2024-07-02T18:38:17+00:00\",\"author\":{\"@id\":\"https:\/\/pcimt.org\/#\/schema\/person\/0157b9ecd4b40c936045ea21257e1ba2\"},\"description\":\"O modelo de prote\u00e7\u00e3o florestal de Mato Grosso, aliado ao desenvolvimento econ\u00f4mico sustent\u00e1vel, \u00e9 elogiado por especialista clim\u00e1tico global.\",\"breadcrumb\":{\"@id\":\"http:\/\/pcimt.org\/especialista-climatico-elogia-acoes-que-mt-levara-a-cop-27-o-estado-e-modelo-de-protecao-florestal\/#breadcrumb\"},\"inLanguage\":\"en-US\",\"potentialAction\":[{\"@type\":\"ReadAction\",\"target\":[\"http:\/\/pcimt.org\/especialista-climatico-elogia-acoes-que-mt-levara-a-cop-27-o-estado-e-modelo-de-protecao-florestal\/\"]}]},{\"@type\":\"ImageObject\",\"inLanguage\":\"en-US\",\"@id\":\"http:\/\/pcimt.org\/especialista-climatico-elogia-acoes-que-mt-levara-a-cop-27-o-estado-e-modelo-de-protecao-florestal\/#primaryimage\",\"url\":\"https:\/\/pcimt.org\/wp-content\/uploads\/2024\/06\/Nat_Keohane-2.jpg\",\"contentUrl\":\"https:\/\/pcimt.org\/wp-content\/uploads\/2024\/06\/Nat_Keohane-2.jpg\",\"width\":1024,\"height\":518},{\"@type\":\"BreadcrumbList\",\"@id\":\"http:\/\/pcimt.org\/especialista-climatico-elogia-acoes-que-mt-levara-a-cop-27-o-estado-e-modelo-de-protecao-florestal\/#breadcrumb\",\"itemListElement\":[{\"@type\":\"ListItem\",\"position\":1,\"name\":\"In\u00edcio\",\"item\":\"https:\/\/pcimt.org\/\"},{\"@type\":\"ListItem\",\"position\":2,\"name\":\"Especialista clim\u00e1tico elogia a\u00e7\u00f5es que MT levar\u00e1 \u00e0 COP 27: \u201cO Estado \u00e9 modelo de prote\u00e7\u00e3o florestal\u201d\"}]},{\"@type\":\"WebSite\",\"@id\":\"https:\/\/pcimt.org\/#website\",\"url\":\"https:\/\/pcimt.org\/\",\"name\":\"PCI\",\"description\":\"Produzir, Conservar e Incluir\",\"potentialAction\":[{\"@type\":\"SearchAction\",\"target\":{\"@type\":\"EntryPoint\",\"urlTemplate\":\"https:\/\/pcimt.org\/?s={search_term_string}\"},\"query-input\":{\"@type\":\"PropertyValueSpecification\",\"valueRequired\":true,\"valueName\":\"search_term_string\"}}],\"inLanguage\":\"en-US\"},{\"@type\":\"Person\",\"@id\":\"https:\/\/pcimt.org\/#\/schema\/person\/0157b9ecd4b40c936045ea21257e1ba2\",\"name\":\"Nvlo\",\"url\":\"https:\/\/pcimt.org\/en\/author\/nvlo\/\"}]}<\/script>\n<!-- \/ Yoast SEO plugin. -->","yoast_head_json":{"title":"Modelo de prote\u00e7\u00e3o florestal de MT elogiado","description":"O modelo de prote\u00e7\u00e3o florestal de Mato Grosso, aliado ao desenvolvimento econ\u00f4mico sustent\u00e1vel, \u00e9 elogiado por especialista clim\u00e1tico global.","robots":{"index":"index","follow":"follow","max-snippet":"max-snippet:-1","max-image-preview":"max-image-preview:large","max-video-preview":"max-video-preview:-1"},"canonical":"http:\/\/pcimt.org\/en\/especialista-climatico-elogia-acoes-que-mt-levara-a-cop-27-o-estado-e-modelo-de-protecao-florestal\/","og_locale":"en_US","og_type":"article","og_title":"Modelo de prote\u00e7\u00e3o florestal de MT elogiado","og_description":"O modelo de prote\u00e7\u00e3o florestal de Mato Grosso, aliado ao desenvolvimento econ\u00f4mico sustent\u00e1vel, \u00e9 elogiado por especialista clim\u00e1tico global.","og_url":"http:\/\/pcimt.org\/en\/especialista-climatico-elogia-acoes-que-mt-levara-a-cop-27-o-estado-e-modelo-de-protecao-florestal\/","og_site_name":"PCI","article_published_time":"2022-11-07T22:16:01+00:00","article_modified_time":"2024-07-02T18:38:17+00:00","og_image":[{"width":1024,"height":518,"url":"http:\/\/pcimt.org\/wp-content\/uploads\/2024\/06\/Nat_Keohane-2.jpg","type":"image\/jpeg"}],"author":"Nvlo","twitter_card":"summary_large_image","twitter_misc":{"Written by":"Nvlo","Est. reading time":"4 minutes"},"schema":{"@context":"https:\/\/schema.org","@graph":[{"@type":"Article","@id":"http:\/\/pcimt.org\/especialista-climatico-elogia-acoes-que-mt-levara-a-cop-27-o-estado-e-modelo-de-protecao-florestal\/#article","isPartOf":{"@id":"http:\/\/pcimt.org\/especialista-climatico-elogia-acoes-que-mt-levara-a-cop-27-o-estado-e-modelo-de-protecao-florestal\/"},"author":{"name":"Nvlo","@id":"https:\/\/pcimt.org\/#\/schema\/person\/0157b9ecd4b40c936045ea21257e1ba2"},"headline":"Especialista clim\u00e1tico elogia a\u00e7\u00f5es que MT levar\u00e1 \u00e0 COP 27: \u201cO Estado \u00e9 modelo de prote\u00e7\u00e3o florestal\u201d","datePublished":"2022-11-07T22:16:01+00:00","dateModified":"2024-07-02T18:38:17+00:00","mainEntityOfPage":{"@id":"http:\/\/pcimt.org\/especialista-climatico-elogia-acoes-que-mt-levara-a-cop-27-o-estado-e-modelo-de-protecao-florestal\/"},"wordCount":662,"commentCount":0,"image":{"@id":"http:\/\/pcimt.org\/especialista-climatico-elogia-acoes-que-mt-levara-a-cop-27-o-estado-e-modelo-de-protecao-florestal\/#primaryimage"},"thumbnailUrl":"https:\/\/pcimt.org\/wp-content\/uploads\/2024\/06\/Nat_Keohane-2.jpg","articleSection":["Noticias-PCI"],"inLanguage":"en-US"},{"@type":"WebPage","@id":"http:\/\/pcimt.org\/especialista-climatico-elogia-acoes-que-mt-levara-a-cop-27-o-estado-e-modelo-de-protecao-florestal\/","url":"http:\/\/pcimt.org\/especialista-climatico-elogia-acoes-que-mt-levara-a-cop-27-o-estado-e-modelo-de-protecao-florestal\/","name":"Modelo de prote\u00e7\u00e3o florestal de MT elogiado","isPartOf":{"@id":"https:\/\/pcimt.org\/#website"},"primaryImageOfPage":{"@id":"http:\/\/pcimt.org\/especialista-climatico-elogia-acoes-que-mt-levara-a-cop-27-o-estado-e-modelo-de-protecao-florestal\/#primaryimage"},"image":{"@id":"http:\/\/pcimt.org\/especialista-climatico-elogia-acoes-que-mt-levara-a-cop-27-o-estado-e-modelo-de-protecao-florestal\/#primaryimage"},"thumbnailUrl":"https:\/\/pcimt.org\/wp-content\/uploads\/2024\/06\/Nat_Keohane-2.jpg","datePublished":"2022-11-07T22:16:01+00:00","dateModified":"2024-07-02T18:38:17+00:00","author":{"@id":"https:\/\/pcimt.org\/#\/schema\/person\/0157b9ecd4b40c936045ea21257e1ba2"},"description":"O modelo de prote\u00e7\u00e3o florestal de Mato Grosso, aliado ao desenvolvimento econ\u00f4mico sustent\u00e1vel, \u00e9 elogiado por especialista clim\u00e1tico global.","breadcrumb":{"@id":"http:\/\/pcimt.org\/especialista-climatico-elogia-acoes-que-mt-levara-a-cop-27-o-estado-e-modelo-de-protecao-florestal\/#breadcrumb"},"inLanguage":"en-US","potentialAction":[{"@type":"ReadAction","target":["http:\/\/pcimt.org\/especialista-climatico-elogia-acoes-que-mt-levara-a-cop-27-o-estado-e-modelo-de-protecao-florestal\/"]}]},{"@type":"ImageObject","inLanguage":"en-US","@id":"http:\/\/pcimt.org\/especialista-climatico-elogia-acoes-que-mt-levara-a-cop-27-o-estado-e-modelo-de-protecao-florestal\/#primaryimage","url":"https:\/\/pcimt.org\/wp-content\/uploads\/2024\/06\/Nat_Keohane-2.jpg","contentUrl":"https:\/\/pcimt.org\/wp-content\/uploads\/2024\/06\/Nat_Keohane-2.jpg","width":1024,"height":518},{"@type":"BreadcrumbList","@id":"http:\/\/pcimt.org\/especialista-climatico-elogia-acoes-que-mt-levara-a-cop-27-o-estado-e-modelo-de-protecao-florestal\/#breadcrumb","itemListElement":[{"@type":"ListItem","position":1,"name":"In\u00edcio","item":"https:\/\/pcimt.org\/"},{"@type":"ListItem","position":2,"name":"Especialista clim\u00e1tico elogia a\u00e7\u00f5es que MT levar\u00e1 \u00e0 COP 27: \u201cO Estado \u00e9 modelo de prote\u00e7\u00e3o florestal\u201d"}]},{"@type":"WebSite","@id":"https:\/\/pcimt.org\/#website","url":"https:\/\/pcimt.org\/","name":"The PCI","description":"Produce, Conserve and Include","potentialAction":[{"@type":"SearchAction","target":{"@type":"EntryPoint","urlTemplate":"https:\/\/pcimt.org\/?s={search_term_string}"},"query-input":{"@type":"PropertyValueSpecification","valueRequired":true,"valueName":"search_term_string"}}],"inLanguage":"en-US"},{"@type":"Person","@id":"https:\/\/pcimt.org\/#\/schema\/person\/0157b9ecd4b40c936045ea21257e1ba2","name":"Nvlo","url":"https:\/\/pcimt.org\/en\/author\/nvlo\/"}]}},"_links":{"self":[{"href":"https:\/\/pcimt.org\/en\/wp-json\/wp\/v2\/posts\/1934","targetHints":{"allow":["GET"]}}],"collection":[{"href":"https:\/\/pcimt.org\/en\/wp-json\/wp\/v2\/posts"}],"about":[{"href":"https:\/\/pcimt.org\/en\/wp-json\/wp\/v2\/types\/post"}],"author":[{"embeddable":true,"href":"https:\/\/pcimt.org\/en\/wp-json\/wp\/v2\/users\/2"}],"replies":[{"embeddable":true,"href":"https:\/\/pcimt.org\/en\/wp-json\/wp\/v2\/comments?post=1934"}],"version-history":[{"count":2,"href":"https:\/\/pcimt.org\/en\/wp-json\/wp\/v2\/posts\/1934\/revisions"}],"predecessor-version":[{"id":3233,"href":"https:\/\/pcimt.org\/en\/wp-json\/wp\/v2\/posts\/1934\/revisions\/3233"}],"wp:featuredmedia":[{"embeddable":true,"href":"https:\/\/pcimt.org\/en\/wp-json\/wp\/v2\/media\/3219"}],"wp:attachment":[{"href":"https:\/\/pcimt.org\/en\/wp-json\/wp\/v2\/media?parent=1934"}],"wp:term":[{"taxonomy":"category","embeddable":true,"href":"https:\/\/pcimt.org\/en\/wp-json\/wp\/v2\/categories?post=1934"},{"taxonomy":"post_tag","embeddable":true,"href":"https:\/\/pcimt.org\/en\/wp-json\/wp\/v2\/tags?post=1934"}],"curies":[{"name":"wp","href":"https:\/\/api.w.org\/{rel}","templated":true}]}}