{"id":1891,"date":"2022-05-20T12:52:48","date_gmt":"2022-05-20T15:52:48","guid":{"rendered":"https:\/\/pcimt.org\/plataforma-potencializa-combate-ao-desmatamento-em-mt\/"},"modified":"2024-06-25T08:21:41","modified_gmt":"2024-06-25T11:21:41","slug":"plataforma-potencializa-combate-ao-desmatamento-em-mt","status":"publish","type":"post","link":"https:\/\/pcimt.org\/en\/plataforma-potencializa-combate-ao-desmatamento-em-mt\/","title":{"rendered":"Plataforma potencializa combate ao desmatamento em MT"},"content":{"rendered":"<p>A Secretaria de Estado de Meio Ambiente (Sema-MT), com apoio do <a href=\"https:\/\/remmt.com.br\/\">Programa REM Mato Grosso<\/a>, est\u00e1 desenvolvendo uma nova plataforma de monitoramento da cobertura vegetal do Estado, a ferramenta ter\u00e1 como diferencial a gera\u00e7\u00e3o de dados extras, de acordo com a realidade da fiscaliza\u00e7\u00e3o do desmatamento e de outros il\u00edcitos ambientais em Mato Grosso. Tal procedimento ir\u00e1 potencializar \u00e0s tomadas de deci\u00e7\u00f5es no combate ao desmatamento ilegal no Estado.<\/p>\n<p>&#8220;O principal diferencial ser\u00e1 a implementa\u00e7\u00e3o de automatiza\u00e7\u00f5es de processos que agregam informa\u00e7\u00f5es aos alertas disponibilizados pelas diversas fontes, tornando poss\u00edvel a gera\u00e7\u00e3o de produtos secund\u00e1rios para subsidiar as an\u00e1lises de intelig\u00eancia da equipe de fiscaliza\u00e7\u00e3o e, principalmente, tornar mais eficiente e c\u00e9lere as rotinas de gerenciamento da situa\u00e7\u00e3o dos alertas, at\u00e9 mesmo para potencializar o monitoramento, ap\u00f3s os mesmos terem sido fiscalizados&#8221;, destaca Graziele Gusm\u00e3o, gerente de Planejamento de Fiscaliza\u00e7\u00e3o e Combate ao Desmatamento (GPFCD) na Sema-MT.<\/p>\n<p>Os \u201cprodutos secund\u00e1rios\u201d, citados por Graziele, al\u00e9m de todo o tratamento dos alertas que ser\u00e3o automatizados, tamb\u00e9m engloba o gerenciamento de todos eles ap\u00f3s o atendimento, que atualmente \u00e9 feito de forma manual e depende que os agentes de fiscaliza\u00e7\u00e3o reportem os resultados obtidos. &#8220;Assim, o feedback de atendimento ocorrer\u00e1 de forma mais c\u00e9lere e eficiente&#8221;, afirma a gerente do GPFCD.<\/p>\n<p>Desse modo, a nova plataforma permitir\u00e1 que a Sema-MT elabore suas pr\u00f3prias informa\u00e7\u00f5es a partir de dados extra\u00eddos dos diferentes sistemas de alertas de desmatamento que operam no Brasil, a exemplo do DETER, do Instituto Nacional de Pesquisas Espaciais (Inpe). A partir da extra\u00e7\u00e3o desses dados, a plataforma ir\u00e1 permitir que eles auxiliem na an\u00e1lise e tomada de decis\u00f5es a respeito do atendimento das demandas e fiscaliza\u00e7\u00e3o, oriundas dos alertas.<\/p>\n<p>Para Andr\u00e9 Dias, coordenador de Geoprocessamento e Monitoramento Ambiental (CGMA) na Sema-MT, a nova gest\u00e3o dos alertas significa mais autonomia ao Estado, \u201cuma vez que todos os insumos tecnol\u00f3gicos ser\u00e3o propriedades da Sema\u201d. Nesse sentido, conforme Dias, o \u00f3rg\u00e3o \u201cpoder\u00e1 incorporar novos m\u00f3dulos e imagens de melhor resolu\u00e7\u00e3o que venham a surgir, bem como aprimorar os m\u00e9todos de tratamento de dados\u201d.<\/p>\n<p>Ele acrescenta ainda que, a partir dessa mudan\u00e7a de l\u00f3gica, os recursos que atualmente s\u00e3o destinados a contrata\u00e7\u00f5es de empresas privadas, \u201cpoder\u00e3o ser aplicados em a\u00e7\u00f5es mais efetivas voltadas ao monitoramento, fiscaliza\u00e7\u00e3o e responsabiliza\u00e7\u00e3o\u201d.<\/p>\n<p>A previs\u00e3o \u00e9 que a plataforma entre em funcionamento no in\u00edcio do ano que vem. Ela ir\u00e1 substituir o sistema Planet\u00a0 &#8211; ferramenta adquirida pelo REM MT, e que vigora no Estado desde 2019.<\/p>\n<p>Franciele Nascimento, coordenadora do Subprograma Fortalecimento Institucional do REM MT, explica que a substitui\u00e7\u00e3o partiu da demanda da Sema-MT de criar seu pr\u00f3prio sistema de recebimento e gerenciamento de alertas, e de forma cont\u00ednua. Ela ressalta que a nova plataforma \u00e9 essencial para a continuidade do trabalho do Estado de &#8220;monitorar, responsabilizar e consecutivamente coibir os il\u00edcitos ambientais&#8221;.<\/p>\n<p>A gestora tamb\u00e9m enfatiza que a plataforma ir\u00e1 processar os dados de alertas, de acordo com a realidade regional e a l\u00f3gica de funcionamento das equipes de fiscaliza\u00e7\u00e3o da Sema-MT, Pol\u00edcia Ambiental e Batalh\u00e3o de Emerg\u00eancia Ambiental.\u00a0 Dessa forma, o objetivo \u00e9 extrair esses dados e refin\u00e1-los, como forma de tornar o combate ao desmatamento ilegal em Mato Grosso (MT) mais eficiente.<\/p>\n<p>&#8220;Al\u00e9m dos produtos j\u00e1 fornecidos pela plataforma atual [Planet], a pr\u00f3pria da Sema\u00a0 trar\u00e1 novas funcionalidades conforme metodologia de trabalho desenvolvido pela Ger\u00eancia de Planejamento de Fiscaliza\u00e7\u00e3o e Combate ao Desmatamento&#8221;, refor\u00e7a.<\/p>\n<p>O REM MT apoia o desenvolvimento da plataforma, por meio\u00a0 da contra\u00e7\u00e3o da empresa que est\u00e1 criando a nova tecnologia de monitoramento do Estado.<\/p>\n<p>Dispon\u00edvel em:\u00a0<a href=\"https:\/\/www.folhamax.com\/cidades\/plataforma-potencializa-combate-ao-desmatamento-em-mt\/353067\">Plataforma potencializa combate ao desmatamento em MT | FOLHAMAX<\/a><\/p>\n","protected":false},"excerpt":{"rendered":"<p>A Secretaria de Estado de Meio Ambiente (Sema-MT), com apoio do Programa REM Mato Grosso, est\u00e1 desenvolvendo uma nova plataforma de monitoramento da cobertura vegetal do Estado, a ferramenta ter\u00e1 como diferencial a gera\u00e7\u00e3o de dados extras, de acordo com a realidade da fiscaliza\u00e7\u00e3o do desmatamento e de outros il\u00edcitos ambientais em Mato Grosso. Tal [&hellip;]<\/p>\n","protected":false},"author":2,"featured_media":0,"comment_status":"open","ping_status":"open","sticky":false,"template":"","format":"standard","meta":{"ocean_post_layout":"","ocean_both_sidebars_style":"","ocean_both_sidebars_content_width":0,"ocean_both_sidebars_sidebars_width":0,"ocean_sidebar":"","ocean_second_sidebar":"","ocean_disable_margins":"enable","ocean_add_body_class":"","ocean_shortcode_before_top_bar":"","ocean_shortcode_after_top_bar":"","ocean_shortcode_before_header":"","ocean_shortcode_after_header":"","ocean_has_shortcode":"","ocean_shortcode_after_title":"","ocean_shortcode_before_footer_widgets":"","ocean_shortcode_after_footer_widgets":"","ocean_shortcode_before_footer_bottom":"","ocean_shortcode_after_footer_bottom":"","ocean_display_top_bar":"default","ocean_display_header":"default","ocean_header_style":"","ocean_center_header_left_menu":"","ocean_custom_header_template":"","ocean_custom_logo":0,"ocean_custom_retina_logo":0,"ocean_custom_logo_max_width":0,"ocean_custom_logo_tablet_max_width":0,"ocean_custom_logo_mobile_max_width":0,"ocean_custom_logo_max_height":0,"ocean_custom_logo_tablet_max_height":0,"ocean_custom_logo_mobile_max_height":0,"ocean_header_custom_menu":"","ocean_menu_typo_font_family":"","ocean_menu_typo_font_subset":"","ocean_menu_typo_font_size":0,"ocean_menu_typo_font_size_tablet":0,"ocean_menu_typo_font_size_mobile":0,"ocean_menu_typo_font_size_unit":"px","ocean_menu_typo_font_weight":"","ocean_menu_typo_font_weight_tablet":"","ocean_menu_typo_font_weight_mobile":"","ocean_menu_typo_transform":"","ocean_menu_typo_transform_tablet":"","ocean_menu_typo_transform_mobile":"","ocean_menu_typo_line_height":0,"ocean_menu_typo_line_height_tablet":0,"ocean_menu_typo_line_height_mobile":0,"ocean_menu_typo_line_height_unit":"","ocean_menu_typo_spacing":0,"ocean_menu_typo_spacing_tablet":0,"ocean_menu_typo_spacing_mobile":0,"ocean_menu_typo_spacing_unit":"","ocean_menu_link_color":"","ocean_menu_link_color_hover":"","ocean_menu_link_color_active":"","ocean_menu_link_background":"","ocean_menu_link_hover_background":"","ocean_menu_link_active_background":"","ocean_menu_social_links_bg":"","ocean_menu_social_hover_links_bg":"","ocean_menu_social_links_color":"","ocean_menu_social_hover_links_color":"","ocean_disable_title":"default","ocean_disable_heading":"default","ocean_post_title":"","ocean_post_subheading":"","ocean_post_title_style":"","ocean_post_title_background_color":"","ocean_post_title_background":0,"ocean_post_title_bg_image_position":"","ocean_post_title_bg_image_attachment":"","ocean_post_title_bg_image_repeat":"","ocean_post_title_bg_image_size":"","ocean_post_title_height":0,"ocean_post_title_bg_overlay":0.5,"ocean_post_title_bg_overlay_color":"","ocean_disable_breadcrumbs":"default","ocean_breadcrumbs_color":"","ocean_breadcrumbs_separator_color":"","ocean_breadcrumbs_links_color":"","ocean_breadcrumbs_links_hover_color":"","ocean_display_footer_widgets":"default","ocean_display_footer_bottom":"default","ocean_custom_footer_template":"","ocean_post_oembed":"","ocean_post_self_hosted_media":"","ocean_post_video_embed":"","ocean_link_format":"","ocean_link_format_target":"self","ocean_quote_format":"","ocean_quote_format_link":"post","ocean_gallery_link_images":"on","ocean_gallery_id":[],"footnotes":""},"categories":[26],"tags":[],"class_list":["post-1891","post","type-post","status-publish","format-standard","hentry","category-noticias-pci","entry"],"yoast_head":"<!-- This site is optimized with the Yoast SEO plugin v27.1.1 - https:\/\/yoast.com\/product\/yoast-seo-wordpress\/ -->\n<title>Combate ao Desmatamento em MT Ganha Nova Plataforma<\/title>\n<meta name=\"description\" content=\"Nova plataforma da Sema-MT otimiza o combate ao desmatamento ilegal com dados e automatiza\u00e7\u00e3o de processos para a\u00e7\u00f5es de fiscaliza\u00e7\u00e3o.\" \/>\n<meta name=\"robots\" content=\"index, follow, max-snippet:-1, max-image-preview:large, max-video-preview:-1\" \/>\n<link rel=\"canonical\" href=\"http:\/\/pcimt.org\/en\/plataforma-potencializa-combate-ao-desmatamento-em-mt\/\" \/>\n<meta property=\"og:locale\" content=\"en_US\" \/>\n<meta property=\"og:type\" content=\"article\" \/>\n<meta property=\"og:title\" content=\"Combate ao Desmatamento em MT Ganha Nova Plataforma\" \/>\n<meta property=\"og:description\" content=\"Nova plataforma da Sema-MT otimiza o combate ao desmatamento ilegal com dados e automatiza\u00e7\u00e3o de processos para a\u00e7\u00f5es de fiscaliza\u00e7\u00e3o.\" \/>\n<meta property=\"og:url\" content=\"http:\/\/pcimt.org\/en\/plataforma-potencializa-combate-ao-desmatamento-em-mt\/\" \/>\n<meta property=\"og:site_name\" content=\"PCI\" \/>\n<meta property=\"article:published_time\" content=\"2022-05-20T15:52:48+00:00\" \/>\n<meta property=\"article:modified_time\" content=\"2024-06-25T11:21:41+00:00\" \/>\n<meta name=\"author\" content=\"Nvlo\" \/>\n<meta name=\"twitter:card\" content=\"summary_large_image\" \/>\n<meta name=\"twitter:label1\" content=\"Written by\" \/>\n\t<meta name=\"twitter:data1\" content=\"Nvlo\" \/>\n\t<meta name=\"twitter:label2\" content=\"Est. reading time\" \/>\n\t<meta name=\"twitter:data2\" content=\"4 minutes\" \/>\n<script type=\"application\/ld+json\" class=\"yoast-schema-graph\">{\"@context\":\"https:\/\/schema.org\",\"@graph\":[{\"@type\":\"Article\",\"@id\":\"http:\/\/pcimt.org\/plataforma-potencializa-combate-ao-desmatamento-em-mt\/#article\",\"isPartOf\":{\"@id\":\"http:\/\/pcimt.org\/plataforma-potencializa-combate-ao-desmatamento-em-mt\/\"},\"author\":{\"name\":\"Nvlo\",\"@id\":\"https:\/\/pcimt.org\/#\/schema\/person\/0157b9ecd4b40c936045ea21257e1ba2\"},\"headline\":\"Plataforma potencializa combate ao desmatamento em MT\",\"datePublished\":\"2022-05-20T15:52:48+00:00\",\"dateModified\":\"2024-06-25T11:21:41+00:00\",\"mainEntityOfPage\":{\"@id\":\"http:\/\/pcimt.org\/plataforma-potencializa-combate-ao-desmatamento-em-mt\/\"},\"wordCount\":662,\"commentCount\":0,\"articleSection\":[\"Noticias-PCI\"],\"inLanguage\":\"en-US\"},{\"@type\":\"WebPage\",\"@id\":\"http:\/\/pcimt.org\/plataforma-potencializa-combate-ao-desmatamento-em-mt\/\",\"url\":\"http:\/\/pcimt.org\/plataforma-potencializa-combate-ao-desmatamento-em-mt\/\",\"name\":\"Combate ao Desmatamento em MT Ganha Nova Plataforma\",\"isPartOf\":{\"@id\":\"https:\/\/pcimt.org\/#website\"},\"datePublished\":\"2022-05-20T15:52:48+00:00\",\"dateModified\":\"2024-06-25T11:21:41+00:00\",\"author\":{\"@id\":\"https:\/\/pcimt.org\/#\/schema\/person\/0157b9ecd4b40c936045ea21257e1ba2\"},\"description\":\"Nova plataforma da Sema-MT otimiza o combate ao desmatamento ilegal com dados e automatiza\u00e7\u00e3o de processos para a\u00e7\u00f5es de fiscaliza\u00e7\u00e3o.\",\"breadcrumb\":{\"@id\":\"http:\/\/pcimt.org\/plataforma-potencializa-combate-ao-desmatamento-em-mt\/#breadcrumb\"},\"inLanguage\":\"en-US\",\"potentialAction\":[{\"@type\":\"ReadAction\",\"target\":[\"http:\/\/pcimt.org\/plataforma-potencializa-combate-ao-desmatamento-em-mt\/\"]}]},{\"@type\":\"BreadcrumbList\",\"@id\":\"http:\/\/pcimt.org\/plataforma-potencializa-combate-ao-desmatamento-em-mt\/#breadcrumb\",\"itemListElement\":[{\"@type\":\"ListItem\",\"position\":1,\"name\":\"In\u00edcio\",\"item\":\"https:\/\/pcimt.org\/\"},{\"@type\":\"ListItem\",\"position\":2,\"name\":\"Plataforma potencializa combate ao desmatamento em MT\"}]},{\"@type\":\"WebSite\",\"@id\":\"https:\/\/pcimt.org\/#website\",\"url\":\"https:\/\/pcimt.org\/\",\"name\":\"PCI\",\"description\":\"Produzir, Conservar e Incluir\",\"potentialAction\":[{\"@type\":\"SearchAction\",\"target\":{\"@type\":\"EntryPoint\",\"urlTemplate\":\"https:\/\/pcimt.org\/?s={search_term_string}\"},\"query-input\":{\"@type\":\"PropertyValueSpecification\",\"valueRequired\":true,\"valueName\":\"search_term_string\"}}],\"inLanguage\":\"en-US\"},{\"@type\":\"Person\",\"@id\":\"https:\/\/pcimt.org\/#\/schema\/person\/0157b9ecd4b40c936045ea21257e1ba2\",\"name\":\"Nvlo\",\"url\":\"https:\/\/pcimt.org\/en\/author\/nvlo\/\"}]}<\/script>\n<!-- \/ Yoast SEO plugin. -->","yoast_head_json":{"title":"Combate ao Desmatamento em MT Ganha Nova Plataforma","description":"Nova plataforma da Sema-MT otimiza o combate ao desmatamento ilegal com dados e automatiza\u00e7\u00e3o de processos para a\u00e7\u00f5es de fiscaliza\u00e7\u00e3o.","robots":{"index":"index","follow":"follow","max-snippet":"max-snippet:-1","max-image-preview":"max-image-preview:large","max-video-preview":"max-video-preview:-1"},"canonical":"http:\/\/pcimt.org\/en\/plataforma-potencializa-combate-ao-desmatamento-em-mt\/","og_locale":"en_US","og_type":"article","og_title":"Combate ao Desmatamento em MT Ganha Nova Plataforma","og_description":"Nova plataforma da Sema-MT otimiza o combate ao desmatamento ilegal com dados e automatiza\u00e7\u00e3o de processos para a\u00e7\u00f5es de fiscaliza\u00e7\u00e3o.","og_url":"http:\/\/pcimt.org\/en\/plataforma-potencializa-combate-ao-desmatamento-em-mt\/","og_site_name":"PCI","article_published_time":"2022-05-20T15:52:48+00:00","article_modified_time":"2024-06-25T11:21:41+00:00","author":"Nvlo","twitter_card":"summary_large_image","twitter_misc":{"Written by":"Nvlo","Est. reading time":"4 minutes"},"schema":{"@context":"https:\/\/schema.org","@graph":[{"@type":"Article","@id":"http:\/\/pcimt.org\/plataforma-potencializa-combate-ao-desmatamento-em-mt\/#article","isPartOf":{"@id":"http:\/\/pcimt.org\/plataforma-potencializa-combate-ao-desmatamento-em-mt\/"},"author":{"name":"Nvlo","@id":"https:\/\/pcimt.org\/#\/schema\/person\/0157b9ecd4b40c936045ea21257e1ba2"},"headline":"Plataforma potencializa combate ao desmatamento em MT","datePublished":"2022-05-20T15:52:48+00:00","dateModified":"2024-06-25T11:21:41+00:00","mainEntityOfPage":{"@id":"http:\/\/pcimt.org\/plataforma-potencializa-combate-ao-desmatamento-em-mt\/"},"wordCount":662,"commentCount":0,"articleSection":["Noticias-PCI"],"inLanguage":"en-US"},{"@type":"WebPage","@id":"http:\/\/pcimt.org\/plataforma-potencializa-combate-ao-desmatamento-em-mt\/","url":"http:\/\/pcimt.org\/plataforma-potencializa-combate-ao-desmatamento-em-mt\/","name":"Combate ao Desmatamento em MT Ganha Nova Plataforma","isPartOf":{"@id":"https:\/\/pcimt.org\/#website"},"datePublished":"2022-05-20T15:52:48+00:00","dateModified":"2024-06-25T11:21:41+00:00","author":{"@id":"https:\/\/pcimt.org\/#\/schema\/person\/0157b9ecd4b40c936045ea21257e1ba2"},"description":"Nova plataforma da Sema-MT otimiza o combate ao desmatamento ilegal com dados e automatiza\u00e7\u00e3o de processos para a\u00e7\u00f5es de fiscaliza\u00e7\u00e3o.","breadcrumb":{"@id":"http:\/\/pcimt.org\/plataforma-potencializa-combate-ao-desmatamento-em-mt\/#breadcrumb"},"inLanguage":"en-US","potentialAction":[{"@type":"ReadAction","target":["http:\/\/pcimt.org\/plataforma-potencializa-combate-ao-desmatamento-em-mt\/"]}]},{"@type":"BreadcrumbList","@id":"http:\/\/pcimt.org\/plataforma-potencializa-combate-ao-desmatamento-em-mt\/#breadcrumb","itemListElement":[{"@type":"ListItem","position":1,"name":"In\u00edcio","item":"https:\/\/pcimt.org\/"},{"@type":"ListItem","position":2,"name":"Plataforma potencializa combate ao desmatamento em MT"}]},{"@type":"WebSite","@id":"https:\/\/pcimt.org\/#website","url":"https:\/\/pcimt.org\/","name":"The PCI","description":"Produce, Conserve and Include","potentialAction":[{"@type":"SearchAction","target":{"@type":"EntryPoint","urlTemplate":"https:\/\/pcimt.org\/?s={search_term_string}"},"query-input":{"@type":"PropertyValueSpecification","valueRequired":true,"valueName":"search_term_string"}}],"inLanguage":"en-US"},{"@type":"Person","@id":"https:\/\/pcimt.org\/#\/schema\/person\/0157b9ecd4b40c936045ea21257e1ba2","name":"Nvlo","url":"https:\/\/pcimt.org\/en\/author\/nvlo\/"}]}},"_links":{"self":[{"href":"https:\/\/pcimt.org\/en\/wp-json\/wp\/v2\/posts\/1891","targetHints":{"allow":["GET"]}}],"collection":[{"href":"https:\/\/pcimt.org\/en\/wp-json\/wp\/v2\/posts"}],"about":[{"href":"https:\/\/pcimt.org\/en\/wp-json\/wp\/v2\/types\/post"}],"author":[{"embeddable":true,"href":"https:\/\/pcimt.org\/en\/wp-json\/wp\/v2\/users\/2"}],"replies":[{"embeddable":true,"href":"https:\/\/pcimt.org\/en\/wp-json\/wp\/v2\/comments?post=1891"}],"version-history":[{"count":2,"href":"https:\/\/pcimt.org\/en\/wp-json\/wp\/v2\/posts\/1891\/revisions"}],"predecessor-version":[{"id":3060,"href":"https:\/\/pcimt.org\/en\/wp-json\/wp\/v2\/posts\/1891\/revisions\/3060"}],"wp:attachment":[{"href":"https:\/\/pcimt.org\/en\/wp-json\/wp\/v2\/media?parent=1891"}],"wp:term":[{"taxonomy":"category","embeddable":true,"href":"https:\/\/pcimt.org\/en\/wp-json\/wp\/v2\/categories?post=1891"},{"taxonomy":"post_tag","embeddable":true,"href":"https:\/\/pcimt.org\/en\/wp-json\/wp\/v2\/tags?post=1891"}],"curies":[{"name":"wp","href":"https:\/\/api.w.org\/{rel}","templated":true}]}}