{"id":1890,"date":"2022-05-18T19:16:01","date_gmt":"2022-05-18T22:16:01","guid":{"rendered":"https:\/\/pcimt.org\/governador-assina-parceria-com-abnt-para-a-certificacao-de-empresas-carbono-neutro-de-mato-grosso\/"},"modified":"2025-03-14T12:43:16","modified_gmt":"2025-03-14T15:43:16","slug":"governador-assina-parceria-com-abnt-para-a-certificacao-de-empresas-carbono-neutro-de-mato-grosso","status":"publish","type":"post","link":"https:\/\/pcimt.org\/en\/governador-assina-parceria-com-abnt-para-a-certificacao-de-empresas-carbono-neutro-de-mato-grosso\/","title":{"rendered":"Governador assina parceria com ABNT para a certifica\u00e7\u00e3o de empresas &#8220;carbono neutro&#8221; de Mato Grosso"},"content":{"rendered":"<p>O governador de Mato Grosso, Mauro Mendes, assinou na manh\u00e3 desta quinta-feira (12.05) um memorando de entendimento com a Associa\u00e7\u00e3o Brasileira de Normas T\u00e9cnicas (ABNT) para a certifica\u00e7\u00e3o de carbono neutro. Com isso, quem aderir\u00a0 ao programa Carbono Neutro MT ter\u00e1 o seu &#8220;selo&#8221; com reconhecimento nacional e internacional.<\/p>\n<p>O acordo foi firmado durante a 107\u00aa reuni\u00e3o da Associa\u00e7\u00e3o das Entidades Estaduais de Meio Ambiente (Abema), que ocorreu em Cuiab\u00e1. Al\u00e9m do governador, participaram da assinatura o presidente da ABNT, Mario William Esper, e a presidente da Abema e secret\u00e1ria do Meio Ambiente de Mato Grosso, Mauren Lazzaretti.<\/p>\n<p>Mendes agradeceu a todos os secret\u00e1rios e autoridades presentes na agenda, e destacou a\u00a0miss\u00e3o de Mato Grosso, de fortalecer os compromissos ambientais. Ele ainda citou a import\u00e2ncia do Programa Carbono Neutro MT\u00a0e a necessidade de separar a abertura de \u00e1reas dentro da legalidade do que \u00e9 um desmate ilegal.<\/p>\n<p>&#8220;O esfor\u00e7o do governo \u00e9 para preservar e cumprir a legisla\u00e7\u00e3o, mas sem ser uma &#8216;pedra no sapato&#8217; dos que querem produzir e empreender de modo legal, e valorizar a nossa reserva legal que est\u00e1 sendo mantida. Produzir alimentos e preservar o planeta, cuidar do meio ambiente e da sua normatiza\u00e7\u00e3o vai ganhar cada vez mais relev\u00e2ncia&#8221;, afirmou\u00a0o governador.<\/p>\n<p>Conforme o presidente da ABNT, Mario William Esper, esta parceria j\u00e1 nasce\u00a0com bons resultados. &#8220;No momento em que o Brasil \u00e9 extremamente criticado pelo mundo todo por uma aus\u00eancia de pol\u00edtica ambiental, MT adota uma pol\u00edtica de mudan\u00e7as clim\u00e1ticas de vanguarda com esse decreto, que estabelece o programa de carbono neutro e redu\u00e7\u00e3o dos gases de efeito estufa&#8221;, discursou.<\/p>\n<p>Ele destacou que \u00e9 interessante para o Pa\u00eds que Mato Grosso tenha assumido metas volunt\u00e1rias a serem cumpridas pelo setor produtivo. Com a parceria, ser\u00e1 elaborada pela ABNT a primeira norma nacional que prev\u00ea o processo de verifica\u00e7\u00e3o das empresas para saber se elas est\u00e3o cumprindo com a descarboniza\u00e7\u00e3o programada.<\/p>\n<p>A\u00a0secret\u00e1ria de Estado de Meio Ambiente pontuou que a\u00a0cria\u00e7\u00e3o do programa de certifica\u00e7\u00e3o de neutraliza\u00e7\u00e3o de carbono \u00e9 essencial para que Mato Grosso alcance a meta de neutralizar as emiss\u00f5es de gases do efeito estufa at\u00e9 2035.<\/p>\n<p>&#8220;Esta parceria vai possibilitar que os selos emitidos por Mato Grosso tenham reconhecimento nacional e internacional, de que as nossas empresas neutralizam a emiss\u00e3o de carbono. Lan\u00e7amos inclusive na \u00faltima segunda-feira o sistema digital para que todos possam aderir ao Carbono Neutro de forma facilitada, pela internet&#8221;, disse.<\/p>\n<p>O Minist\u00e9rio do Meio Ambiente (MMA) tamb\u00e9m busca uma aproxima\u00e7\u00e3o com os Estados do Cerrado para desenvolver a\u00e7\u00f5es de pagamento por redu\u00e7\u00f5es nos moldes do que j\u00e1 est\u00e1 em andamento na Amaz\u00f4nia Legal. A Secret\u00e1ria da Amaz\u00f4nia e Servi\u00e7os Ambientais, Marta Giannichi, tamb\u00e9m relatou as opera\u00e7\u00f5es nacionais feitas pelo governo federal contra o desmatamento.<\/p>\n<p>O trabalho t\u00e9cnico conjunto para esta regulamenta\u00e7\u00e3o ocorre desde dezembro de 2021, quando foi assinado um protocolo de inten\u00e7\u00f5es entre Mato Grosso e a ABNT, com o objetivo de alavancar o programa rumo \u00e0 meta de redu\u00e7\u00e3o da emiss\u00e3o de gases de efeito estufa.<\/p>\n<p><strong>Carbono Neutro MT\u00a0<\/strong><\/p>\n<p>Mato Grosso lan\u00e7ou o Programa Carbono Neutro com a meta de estimular a\u00e7\u00f5es de sustentabilidade para neutralizar as emiss\u00f5es de carbono at\u00e9 2035. Interessados em aderir ao Programa podem realizar o procedimento pela internet por meio do novo Sistema de Ades\u00e3o.<\/p>\n<p>O certificado tamb\u00e9m \u00e9 disponibilizado no site da Sema-MT (www.sema.mt.gov.br) nas vers\u00f5es ingl\u00eas e portugu\u00eas, com um QR Code que atesta a veracidade do documento.<\/p>\n<p>S\u00e3o tr\u00eas modalidades de selos concedidos a quem aderir ao programa: financiador, apoiador e compromiss\u00e1rio. Aqueles que j\u00e1 possuem a\u00e7\u00f5es de descarboniza\u00e7\u00e3o implantadas e querem ser certificados como Carbono Neutro devem aderir como compromiss\u00e1rio e cumprir os requisitos previstos na legisla\u00e7\u00e3o.<\/p>\n<p><strong>Reuni\u00e3o Ordin\u00e1ria da Abema<\/strong><\/p>\n<p>Secret\u00e1rios e presidentes de autarquias de meio ambiente de todo o pa\u00eds se reuniram, no Pal\u00e1cio Paiagu\u00e1s, em Cuiab\u00e1, para a 107\u00aa reuni\u00e3o ordin\u00e1ria da Abema. Al\u00e9m de medidas de descarboniza\u00e7\u00e3o para os estados, foram discutidos o Plano RegularizAgro, a Lei Geral do Licenciamento Ambiental, o combate integrado aos il\u00edcitos ambientais, e a <a href=\"https:\/\/cfbio.gov.br\/2022\/10\/05\/entenda-o-que-e-redd-reducao-das-emissoes-por-desmatamento-e-degradacao-florestal\/\">Redu\u00e7\u00e3o de Emiss\u00f5es por Desmatamento e Degrada\u00e7\u00e3o Florestal (REDD)<\/a>.<\/p>\n<p>&#8220;Nestes anos que estou \u00e0 frente da Abema pude perceber a import\u00e2ncia dessa atua\u00e7\u00e3o para nos unir, nos aproximar, e que essa integra\u00e7\u00e3o traga benef\u00edcios para os estados. Temos sido protagonistas\u00a0das decis\u00f5es fundamentais do Brasil para cumprir os compromissos ambientais&#8221;, relatou\u00a0a presidente da entidade, Lazzaretti.<\/p>\n<p>Fundada em 1985, a Abema \u00e9 uma associa\u00e7\u00e3o civil de direito privado, sem fins econ\u00f4micos, representante dos \u00f3rg\u00e3os estaduais de meio ambiente, que re\u00fane 48 entidades, sendo 26 secretarias de estado e 22 autarquias e funda\u00e7\u00f5es.<\/p>\n<p>Estiveram presentes representantes dos 26 estados, e do distrito federal, al\u00e9m do vice-governador de Mato Grosso, Otaviano Pivetta, e outras autoridades estaduais.<\/p>\n<p>Dispon\u00edvel em:\u00a0http:\/\/www.sema.mt.gov.br\/site\/index.php\/sema\/noticias\/5841-governador-assina-parceria-com-abnt-para-a-certifica%C3%A7%C3%A3o-de-empresas-carbono-neutro-de-mato-grosso<\/p>","protected":false},"excerpt":{"rendered":"<p>O governador de Mato Grosso, Mauro Mendes, assinou na manh\u00e3 desta quinta-feira (12.05) um memorando de entendimento com a Associa\u00e7\u00e3o Brasileira de Normas T\u00e9cnicas (ABNT) para a certifica\u00e7\u00e3o de carbono neutro. Com isso, quem aderir\u00a0 ao programa Carbono Neutro MT ter\u00e1 o seu &#8220;selo&#8221; com reconhecimento nacional e internacional. O acordo foi firmado durante a [&hellip;]<\/p>\n","protected":false},"author":2,"featured_media":0,"comment_status":"closed","ping_status":"closed","sticky":false,"template":"","format":"standard","meta":{"ocean_post_layout":"","ocean_both_sidebars_style":"","ocean_both_sidebars_content_width":0,"ocean_both_sidebars_sidebars_width":0,"ocean_sidebar":"","ocean_second_sidebar":"","ocean_disable_margins":"enable","ocean_add_body_class":"","ocean_shortcode_before_top_bar":"","ocean_shortcode_after_top_bar":"","ocean_shortcode_before_header":"","ocean_shortcode_after_header":"","ocean_has_shortcode":"","ocean_shortcode_after_title":"","ocean_shortcode_before_footer_widgets":"","ocean_shortcode_after_footer_widgets":"","ocean_shortcode_before_footer_bottom":"","ocean_shortcode_after_footer_bottom":"","ocean_display_top_bar":"default","ocean_display_header":"default","ocean_header_style":"","ocean_center_header_left_menu":"","ocean_custom_header_template":"","ocean_custom_logo":0,"ocean_custom_retina_logo":0,"ocean_custom_logo_max_width":0,"ocean_custom_logo_tablet_max_width":0,"ocean_custom_logo_mobile_max_width":0,"ocean_custom_logo_max_height":0,"ocean_custom_logo_tablet_max_height":0,"ocean_custom_logo_mobile_max_height":0,"ocean_header_custom_menu":"","ocean_menu_typo_font_family":"","ocean_menu_typo_font_subset":"","ocean_menu_typo_font_size":0,"ocean_menu_typo_font_size_tablet":0,"ocean_menu_typo_font_size_mobile":0,"ocean_menu_typo_font_size_unit":"px","ocean_menu_typo_font_weight":"","ocean_menu_typo_font_weight_tablet":"","ocean_menu_typo_font_weight_mobile":"","ocean_menu_typo_transform":"","ocean_menu_typo_transform_tablet":"","ocean_menu_typo_transform_mobile":"","ocean_menu_typo_line_height":0,"ocean_menu_typo_line_height_tablet":0,"ocean_menu_typo_line_height_mobile":0,"ocean_menu_typo_line_height_unit":"","ocean_menu_typo_spacing":0,"ocean_menu_typo_spacing_tablet":0,"ocean_menu_typo_spacing_mobile":0,"ocean_menu_typo_spacing_unit":"","ocean_menu_link_color":"","ocean_menu_link_color_hover":"","ocean_menu_link_color_active":"","ocean_menu_link_background":"","ocean_menu_link_hover_background":"","ocean_menu_link_active_background":"","ocean_menu_social_links_bg":"","ocean_menu_social_hover_links_bg":"","ocean_menu_social_links_color":"","ocean_menu_social_hover_links_color":"","ocean_disable_title":"default","ocean_disable_heading":"default","ocean_post_title":"","ocean_post_subheading":"","ocean_post_title_style":"","ocean_post_title_background_color":"","ocean_post_title_background":0,"ocean_post_title_bg_image_position":"","ocean_post_title_bg_image_attachment":"","ocean_post_title_bg_image_repeat":"","ocean_post_title_bg_image_size":"","ocean_post_title_height":0,"ocean_post_title_bg_overlay":0.5,"ocean_post_title_bg_overlay_color":"","ocean_disable_breadcrumbs":"default","ocean_breadcrumbs_color":"","ocean_breadcrumbs_separator_color":"","ocean_breadcrumbs_links_color":"","ocean_breadcrumbs_links_hover_color":"","ocean_display_footer_widgets":"default","ocean_display_footer_bottom":"default","ocean_custom_footer_template":"","ocean_post_oembed":"","ocean_post_self_hosted_media":"","ocean_post_video_embed":"","ocean_link_format":"","ocean_link_format_target":"self","ocean_quote_format":"","ocean_quote_format_link":"post","ocean_gallery_link_images":"on","ocean_gallery_id":[],"footnotes":""},"categories":[26],"tags":[],"class_list":["post-1890","post","type-post","status-publish","format-standard","hentry","category-noticias-pci","entry"],"yoast_head":"<!-- This site is optimized with the Yoast SEO plugin v27.1.1 - https:\/\/yoast.com\/product\/yoast-seo-wordpress\/ -->\n<title>Carbono Neutro: Mato Grosso firma parceria ABNT<\/title>\n<meta name=\"description\" content=\"Governo de Mato Grosso firma parceria com a ABNT para certifica\u00e7\u00e3o de carbono neutro, reconhecida nacional e internacionalmente.\" \/>\n<meta name=\"robots\" content=\"index, follow, max-snippet:-1, max-image-preview:large, max-video-preview:-1\" \/>\n<link rel=\"canonical\" href=\"https:\/\/pcimt.org\/en\/governador-assina-parceria-com-abnt-para-a-certificacao-de-empresas-carbono-neutro-de-mato-grosso\/\" \/>\n<meta property=\"og:locale\" content=\"en_US\" \/>\n<meta property=\"og:type\" content=\"article\" \/>\n<meta property=\"og:title\" content=\"Carbono Neutro: Mato Grosso firma parceria ABNT\" \/>\n<meta property=\"og:description\" content=\"Governo de Mato Grosso firma parceria com a ABNT para certifica\u00e7\u00e3o de carbono neutro, reconhecida nacional e internacionalmente.\" \/>\n<meta property=\"og:url\" content=\"https:\/\/pcimt.org\/en\/governador-assina-parceria-com-abnt-para-a-certificacao-de-empresas-carbono-neutro-de-mato-grosso\/\" \/>\n<meta property=\"og:site_name\" content=\"PCI\" \/>\n<meta property=\"article:published_time\" content=\"2022-05-18T22:16:01+00:00\" \/>\n<meta property=\"article:modified_time\" content=\"2025-03-14T15:43:16+00:00\" \/>\n<meta name=\"author\" content=\"Nvlo\" \/>\n<meta name=\"twitter:card\" content=\"summary_large_image\" \/>\n<meta name=\"twitter:label1\" content=\"Written by\" \/>\n\t<meta name=\"twitter:data1\" content=\"Nvlo\" \/>\n\t<meta name=\"twitter:label2\" content=\"Est. reading time\" \/>\n\t<meta name=\"twitter:data2\" content=\"5 minutes\" \/>\n<script type=\"application\/ld+json\" class=\"yoast-schema-graph\">{\"@context\":\"https:\/\/schema.org\",\"@graph\":[{\"@type\":\"Article\",\"@id\":\"https:\/\/pcimt.org\/governador-assina-parceria-com-abnt-para-a-certificacao-de-empresas-carbono-neutro-de-mato-grosso\/#article\",\"isPartOf\":{\"@id\":\"https:\/\/pcimt.org\/governador-assina-parceria-com-abnt-para-a-certificacao-de-empresas-carbono-neutro-de-mato-grosso\/\"},\"author\":{\"name\":\"Nvlo\",\"@id\":\"https:\/\/pcimt.org\/#\/schema\/person\/0157b9ecd4b40c936045ea21257e1ba2\"},\"headline\":\"Governador assina parceria com ABNT para a certifica\u00e7\u00e3o de empresas &#8220;carbono neutro&#8221; de Mato Grosso\",\"datePublished\":\"2022-05-18T22:16:01+00:00\",\"dateModified\":\"2025-03-14T15:43:16+00:00\",\"mainEntityOfPage\":{\"@id\":\"https:\/\/pcimt.org\/governador-assina-parceria-com-abnt-para-a-certificacao-de-empresas-carbono-neutro-de-mato-grosso\/\"},\"wordCount\":893,\"articleSection\":[\"Noticias-PCI\"],\"inLanguage\":\"en-US\"},{\"@type\":\"WebPage\",\"@id\":\"https:\/\/pcimt.org\/governador-assina-parceria-com-abnt-para-a-certificacao-de-empresas-carbono-neutro-de-mato-grosso\/\",\"url\":\"https:\/\/pcimt.org\/governador-assina-parceria-com-abnt-para-a-certificacao-de-empresas-carbono-neutro-de-mato-grosso\/\",\"name\":\"Carbono Neutro: Mato Grosso firma parceria ABNT\",\"isPartOf\":{\"@id\":\"https:\/\/pcimt.org\/#website\"},\"datePublished\":\"2022-05-18T22:16:01+00:00\",\"dateModified\":\"2025-03-14T15:43:16+00:00\",\"author\":{\"@id\":\"https:\/\/pcimt.org\/#\/schema\/person\/0157b9ecd4b40c936045ea21257e1ba2\"},\"description\":\"Governo de Mato Grosso firma parceria com a ABNT para certifica\u00e7\u00e3o de carbono neutro, reconhecida nacional e internacionalmente.\",\"breadcrumb\":{\"@id\":\"https:\/\/pcimt.org\/governador-assina-parceria-com-abnt-para-a-certificacao-de-empresas-carbono-neutro-de-mato-grosso\/#breadcrumb\"},\"inLanguage\":\"en-US\",\"potentialAction\":[{\"@type\":\"ReadAction\",\"target\":[\"https:\/\/pcimt.org\/governador-assina-parceria-com-abnt-para-a-certificacao-de-empresas-carbono-neutro-de-mato-grosso\/\"]}]},{\"@type\":\"BreadcrumbList\",\"@id\":\"https:\/\/pcimt.org\/governador-assina-parceria-com-abnt-para-a-certificacao-de-empresas-carbono-neutro-de-mato-grosso\/#breadcrumb\",\"itemListElement\":[{\"@type\":\"ListItem\",\"position\":1,\"name\":\"In\u00edcio\",\"item\":\"https:\/\/pcimt.org\/\"},{\"@type\":\"ListItem\",\"position\":2,\"name\":\"Governador assina parceria com ABNT para a certifica\u00e7\u00e3o de empresas &#8220;carbono neutro&#8221; de Mato Grosso\"}]},{\"@type\":\"WebSite\",\"@id\":\"https:\/\/pcimt.org\/#website\",\"url\":\"https:\/\/pcimt.org\/\",\"name\":\"PCI\",\"description\":\"Produzir, Conservar e Incluir\",\"potentialAction\":[{\"@type\":\"SearchAction\",\"target\":{\"@type\":\"EntryPoint\",\"urlTemplate\":\"https:\/\/pcimt.org\/?s={search_term_string}\"},\"query-input\":{\"@type\":\"PropertyValueSpecification\",\"valueRequired\":true,\"valueName\":\"search_term_string\"}}],\"inLanguage\":\"en-US\"},{\"@type\":\"Person\",\"@id\":\"https:\/\/pcimt.org\/#\/schema\/person\/0157b9ecd4b40c936045ea21257e1ba2\",\"name\":\"Nvlo\",\"url\":\"https:\/\/pcimt.org\/en\/author\/nvlo\/\"}]}<\/script>\n<!-- \/ Yoast SEO plugin. -->","yoast_head_json":{"title":"Carbono Neutro: Mato Grosso firma parceria ABNT","description":"Governo de Mato Grosso firma parceria com a ABNT para certifica\u00e7\u00e3o de carbono neutro, reconhecida nacional e internacionalmente.","robots":{"index":"index","follow":"follow","max-snippet":"max-snippet:-1","max-image-preview":"max-image-preview:large","max-video-preview":"max-video-preview:-1"},"canonical":"https:\/\/pcimt.org\/en\/governador-assina-parceria-com-abnt-para-a-certificacao-de-empresas-carbono-neutro-de-mato-grosso\/","og_locale":"en_US","og_type":"article","og_title":"Carbono Neutro: Mato Grosso firma parceria ABNT","og_description":"Governo de Mato Grosso firma parceria com a ABNT para certifica\u00e7\u00e3o de carbono neutro, reconhecida nacional e internacionalmente.","og_url":"https:\/\/pcimt.org\/en\/governador-assina-parceria-com-abnt-para-a-certificacao-de-empresas-carbono-neutro-de-mato-grosso\/","og_site_name":"PCI","article_published_time":"2022-05-18T22:16:01+00:00","article_modified_time":"2025-03-14T15:43:16+00:00","author":"Nvlo","twitter_card":"summary_large_image","twitter_misc":{"Written by":"Nvlo","Est. reading time":"5 minutes"},"schema":{"@context":"https:\/\/schema.org","@graph":[{"@type":"Article","@id":"https:\/\/pcimt.org\/governador-assina-parceria-com-abnt-para-a-certificacao-de-empresas-carbono-neutro-de-mato-grosso\/#article","isPartOf":{"@id":"https:\/\/pcimt.org\/governador-assina-parceria-com-abnt-para-a-certificacao-de-empresas-carbono-neutro-de-mato-grosso\/"},"author":{"name":"Nvlo","@id":"https:\/\/pcimt.org\/#\/schema\/person\/0157b9ecd4b40c936045ea21257e1ba2"},"headline":"Governador assina parceria com ABNT para a certifica\u00e7\u00e3o de empresas &#8220;carbono neutro&#8221; de Mato Grosso","datePublished":"2022-05-18T22:16:01+00:00","dateModified":"2025-03-14T15:43:16+00:00","mainEntityOfPage":{"@id":"https:\/\/pcimt.org\/governador-assina-parceria-com-abnt-para-a-certificacao-de-empresas-carbono-neutro-de-mato-grosso\/"},"wordCount":893,"articleSection":["Noticias-PCI"],"inLanguage":"en-US"},{"@type":"WebPage","@id":"https:\/\/pcimt.org\/governador-assina-parceria-com-abnt-para-a-certificacao-de-empresas-carbono-neutro-de-mato-grosso\/","url":"https:\/\/pcimt.org\/governador-assina-parceria-com-abnt-para-a-certificacao-de-empresas-carbono-neutro-de-mato-grosso\/","name":"Carbono Neutro: Mato Grosso firma parceria ABNT","isPartOf":{"@id":"https:\/\/pcimt.org\/#website"},"datePublished":"2022-05-18T22:16:01+00:00","dateModified":"2025-03-14T15:43:16+00:00","author":{"@id":"https:\/\/pcimt.org\/#\/schema\/person\/0157b9ecd4b40c936045ea21257e1ba2"},"description":"Governo de Mato Grosso firma parceria com a ABNT para certifica\u00e7\u00e3o de carbono neutro, reconhecida nacional e internacionalmente.","breadcrumb":{"@id":"https:\/\/pcimt.org\/governador-assina-parceria-com-abnt-para-a-certificacao-de-empresas-carbono-neutro-de-mato-grosso\/#breadcrumb"},"inLanguage":"en-US","potentialAction":[{"@type":"ReadAction","target":["https:\/\/pcimt.org\/governador-assina-parceria-com-abnt-para-a-certificacao-de-empresas-carbono-neutro-de-mato-grosso\/"]}]},{"@type":"BreadcrumbList","@id":"https:\/\/pcimt.org\/governador-assina-parceria-com-abnt-para-a-certificacao-de-empresas-carbono-neutro-de-mato-grosso\/#breadcrumb","itemListElement":[{"@type":"ListItem","position":1,"name":"In\u00edcio","item":"https:\/\/pcimt.org\/"},{"@type":"ListItem","position":2,"name":"Governador assina parceria com ABNT para a certifica\u00e7\u00e3o de empresas &#8220;carbono neutro&#8221; de Mato Grosso"}]},{"@type":"WebSite","@id":"https:\/\/pcimt.org\/#website","url":"https:\/\/pcimt.org\/","name":"The PCI","description":"Produce, Conserve and Include","potentialAction":[{"@type":"SearchAction","target":{"@type":"EntryPoint","urlTemplate":"https:\/\/pcimt.org\/?s={search_term_string}"},"query-input":{"@type":"PropertyValueSpecification","valueRequired":true,"valueName":"search_term_string"}}],"inLanguage":"en-US"},{"@type":"Person","@id":"https:\/\/pcimt.org\/#\/schema\/person\/0157b9ecd4b40c936045ea21257e1ba2","name":"Nvlo","url":"https:\/\/pcimt.org\/en\/author\/nvlo\/"}]}},"_links":{"self":[{"href":"https:\/\/pcimt.org\/en\/wp-json\/wp\/v2\/posts\/1890","targetHints":{"allow":["GET"]}}],"collection":[{"href":"https:\/\/pcimt.org\/en\/wp-json\/wp\/v2\/posts"}],"about":[{"href":"https:\/\/pcimt.org\/en\/wp-json\/wp\/v2\/types\/post"}],"author":[{"embeddable":true,"href":"https:\/\/pcimt.org\/en\/wp-json\/wp\/v2\/users\/2"}],"replies":[{"embeddable":true,"href":"https:\/\/pcimt.org\/en\/wp-json\/wp\/v2\/comments?post=1890"}],"version-history":[{"count":2,"href":"https:\/\/pcimt.org\/en\/wp-json\/wp\/v2\/posts\/1890\/revisions"}],"predecessor-version":[{"id":3188,"href":"https:\/\/pcimt.org\/en\/wp-json\/wp\/v2\/posts\/1890\/revisions\/3188"}],"wp:attachment":[{"href":"https:\/\/pcimt.org\/en\/wp-json\/wp\/v2\/media?parent=1890"}],"wp:term":[{"taxonomy":"category","embeddable":true,"href":"https:\/\/pcimt.org\/en\/wp-json\/wp\/v2\/categories?post=1890"},{"taxonomy":"post_tag","embeddable":true,"href":"https:\/\/pcimt.org\/en\/wp-json\/wp\/v2\/tags?post=1890"}],"curies":[{"name":"wp","href":"https:\/\/api.w.org\/{rel}","templated":true}]}}