{"id":1881,"date":"2024-01-27T19:16:01","date_gmt":"2024-01-27T22:16:01","guid":{"rendered":"https:\/\/pcimt.org\/mato-grosso-e-destaque-nacional-na-producao-de-madeira-legal-com-manejo-florestal\/"},"modified":"2025-03-14T12:42:26","modified_gmt":"2025-03-14T15:42:26","slug":"mato-grosso-e-destaque-nacional-na-producao-de-madeira-legal-com-manejo-florestal","status":"publish","type":"post","link":"https:\/\/pcimt.org\/en\/mato-grosso-e-destaque-nacional-na-producao-de-madeira-legal-com-manejo-florestal\/","title":{"rendered":"Mato Grosso \u00e9 destaque nacional na produ\u00e7\u00e3o de madeira legal com manejo florestal"},"content":{"rendered":"<p>O estado de Mato Grosso foi destaque nacional na produ\u00e7\u00e3o de madeira nativa, legal, certificada e rastre\u00e1vel, com o manejo florestal sustent\u00e1vel, bem como os benef\u00edcios ambientais e econ\u00f4micos gerados pela atividade, na \u00faltima edi\u00e7\u00e3o do jornal Valor Econ\u00f4mico, que esteve em Alta Floresta para conhecer locais de manejo. \u00a0A reportagem apontou que o setor \u201c\u00e9 o principal motor da economia de 44 munic\u00edpios do Nort\u00e3o\u201d, ocupando 4,7 milh\u00f5es de hectares no ano passado e empregando cerca de 90 mil pessoas.<\/p>\n<p>O manejo florestal sustent\u00e1vel consiste na retirada de \u00e1rvores nativas maduras da mata. O corte \u00e9 planejado e previamente aprovado pelos \u00f3rg\u00e3os ambientais, que monitoram as \u00e1reas por meio de sat\u00e9lite. Conforme estabelecido no C\u00f3digo Florestal, 80% de uma propriedade rural localizada na Amaz\u00f4nia constitui reserva legal e, por isso, precisa ser conservada. Nessa \u00e1rea \u00e9 feito o Manejo Florestal Sustent\u00e1vel, as \u00e1rvores s\u00e3o identificadas e marcadas e somente podem ser retiradas 30 metros c\u00fabicos por hectare, o equivalente a oito \u00e1rvores (com mais de 50cm de di\u00e2metro) em uma \u00e1rea equivalente a um campo de futebol.<\/p>\n<p>\u201cNo MFS, o trabalho segue um detalhado plano de produ\u00e7\u00e3o de madeira legal, feito por engenheiros florestais e submetido \u00e0 aprova\u00e7\u00e3o e o controle da Secretaria de Meio ambiente do Estado [\u2026] As \u00c1reas de Preserva\u00e7\u00e3o Permanente (APP) n\u00e3o s\u00e3o exploradas e o impacto ambiental \u00e9 limitado\u201d, explicou o jornalista, Rafael Walendorff, em trecho da reportagem.<\/p>\n<p>Ap\u00f3s mapeamento da \u00e1rea, s\u00e3o devidamente identificadas com uma placa de metal as \u00e1rvores que ser\u00e3o manejadas, as que ficar\u00e3o como \u201cporta sementes\u201d \u2013 para garantir a perpetua\u00e7\u00e3o de esp\u00e9cies e o nascimento de novas plantas -, as que ainda n\u00e3o atingiram ponto de extra\u00e7\u00e3o e as que correm risco de extin\u00e7\u00e3o e, por isso, n\u00e3o podem ser cortadas. \u201cDepois de manejada, a \u00e1rea \u00e9 isolada e fica em \u2018pousio\u2019 por 25 anos para regenera\u00e7\u00e3o e crescimento da vegeta\u00e7\u00e3o nativa. A \u00e1rvore madura, considerada um \u2018estoque de carbono\u2019 em sua biomassa, abre espa\u00e7o para o nascimento de, em m\u00e9dia, tr\u00eas novas plantas, com entrada de luminosidade na mata\u201d,<\/p>\n<p>O presidente do Sindicato dos Madeireiros do Extremo Norte de Mato Grosso (Simenorte) e do <a href=\"https:\/\/www.forumflorestal.org.br\/\">F\u00f3rum Nacional das Atividades de Base Florestal (FNBF)<\/a>, Frank Rogieri, afirma que o Manejo Florestal Sustent\u00e1vel \u00e9 a melhor e mais eficaz ferramenta que o Brasil possui atualmente de conserva\u00e7\u00e3o de floresta em p\u00e9. \u201cAo mesmo tempo em que protege e conserva, gera e distribui renda e melhora a qualidade de vida das pessoas da floresta\u201d, declarou ao peri\u00f3dico.<\/p>\n<p>A secret\u00e1ria de estado de Meio Ambiente de Mato Grosso, Mauren Lazzaretti, tamb\u00e9m ouvida pelo jornalista, refor\u00e7a a import\u00e2ncia da atividade para manuten\u00e7\u00e3o das reservas legais e pontuou as a\u00e7\u00f5es realizadas pelo governo do estado para fortalecer a cadeia produtiva sustent\u00e1vel e l\u00edcita. \u201cO estado tem investido em melhorias da rastreabilidade como estrat\u00e9gia para eliminar madeira ilegal, e vamos lan\u00e7ar em 2022 dois projetos importantes para fortalecer a cadeira produtiva sustent\u00e1vel e l\u00edcita\u201d, anunciou.<\/p>\n<p>A reportagem detalha ainda as normas do Plano de Manejo Florestal Sustent\u00e1vel que garantem legalidade e rastreabilidade da madeira retirada pelo segmento e os resultados econ\u00f4micos positivos registrados durante a pandemia.<\/p>\n<p><i>Reda\u00e7\u00e3o: S\u00f3 Not\u00edcias\u00a0<\/i><\/p>\n","protected":false},"excerpt":{"rendered":"<p>O estado de Mato Grosso foi destaque nacional na produ\u00e7\u00e3o de madeira nativa, legal, certificada e rastre\u00e1vel, com o manejo florestal sustent\u00e1vel, bem como os benef\u00edcios ambientais e econ\u00f4micos gerados pela atividade, na \u00faltima edi\u00e7\u00e3o do jornal Valor Econ\u00f4mico, que esteve em Alta Floresta para conhecer locais de manejo. \u00a0A reportagem apontou que o setor [&hellip;]<\/p>\n","protected":false},"author":2,"featured_media":0,"comment_status":"closed","ping_status":"closed","sticky":false,"template":"","format":"standard","meta":{"ocean_post_layout":"","ocean_both_sidebars_style":"","ocean_both_sidebars_content_width":0,"ocean_both_sidebars_sidebars_width":0,"ocean_sidebar":"","ocean_second_sidebar":"","ocean_disable_margins":"enable","ocean_add_body_class":"","ocean_shortcode_before_top_bar":"","ocean_shortcode_after_top_bar":"","ocean_shortcode_before_header":"","ocean_shortcode_after_header":"","ocean_has_shortcode":"","ocean_shortcode_after_title":"","ocean_shortcode_before_footer_widgets":"","ocean_shortcode_after_footer_widgets":"","ocean_shortcode_before_footer_bottom":"","ocean_shortcode_after_footer_bottom":"","ocean_display_top_bar":"default","ocean_display_header":"default","ocean_header_style":"","ocean_center_header_left_menu":"","ocean_custom_header_template":"","ocean_custom_logo":0,"ocean_custom_retina_logo":0,"ocean_custom_logo_max_width":0,"ocean_custom_logo_tablet_max_width":0,"ocean_custom_logo_mobile_max_width":0,"ocean_custom_logo_max_height":0,"ocean_custom_logo_tablet_max_height":0,"ocean_custom_logo_mobile_max_height":0,"ocean_header_custom_menu":"","ocean_menu_typo_font_family":"","ocean_menu_typo_font_subset":"","ocean_menu_typo_font_size":0,"ocean_menu_typo_font_size_tablet":0,"ocean_menu_typo_font_size_mobile":0,"ocean_menu_typo_font_size_unit":"px","ocean_menu_typo_font_weight":"","ocean_menu_typo_font_weight_tablet":"","ocean_menu_typo_font_weight_mobile":"","ocean_menu_typo_transform":"","ocean_menu_typo_transform_tablet":"","ocean_menu_typo_transform_mobile":"","ocean_menu_typo_line_height":0,"ocean_menu_typo_line_height_tablet":0,"ocean_menu_typo_line_height_mobile":0,"ocean_menu_typo_line_height_unit":"","ocean_menu_typo_spacing":0,"ocean_menu_typo_spacing_tablet":0,"ocean_menu_typo_spacing_mobile":0,"ocean_menu_typo_spacing_unit":"","ocean_menu_link_color":"","ocean_menu_link_color_hover":"","ocean_menu_link_color_active":"","ocean_menu_link_background":"","ocean_menu_link_hover_background":"","ocean_menu_link_active_background":"","ocean_menu_social_links_bg":"","ocean_menu_social_hover_links_bg":"","ocean_menu_social_links_color":"","ocean_menu_social_hover_links_color":"","ocean_disable_title":"default","ocean_disable_heading":"default","ocean_post_title":"","ocean_post_subheading":"","ocean_post_title_style":"","ocean_post_title_background_color":"","ocean_post_title_background":0,"ocean_post_title_bg_image_position":"","ocean_post_title_bg_image_attachment":"","ocean_post_title_bg_image_repeat":"","ocean_post_title_bg_image_size":"","ocean_post_title_height":0,"ocean_post_title_bg_overlay":0.5,"ocean_post_title_bg_overlay_color":"","ocean_disable_breadcrumbs":"default","ocean_breadcrumbs_color":"","ocean_breadcrumbs_separator_color":"","ocean_breadcrumbs_links_color":"","ocean_breadcrumbs_links_hover_color":"","ocean_display_footer_widgets":"default","ocean_display_footer_bottom":"default","ocean_custom_footer_template":"","ocean_post_oembed":"","ocean_post_self_hosted_media":"","ocean_post_video_embed":"","ocean_link_format":"","ocean_link_format_target":"self","ocean_quote_format":"","ocean_quote_format_link":"post","ocean_gallery_link_images":"on","ocean_gallery_id":[],"footnotes":""},"categories":[26],"tags":[],"class_list":["post-1881","post","type-post","status-publish","format-standard","hentry","category-noticias-pci","entry"],"yoast_head":"<!-- This site is optimized with the Yoast SEO plugin v27.1.1 - https:\/\/yoast.com\/product\/yoast-seo-wordpress\/ -->\n<title>Produ\u00e7\u00e3o de madeira legal em Mato Grosso<\/title>\n<meta name=\"description\" content=\"Mato Grosso lidera na produ\u00e7\u00e3o de madeira legal, certificada e rastre\u00e1vel, gerando benef\u00edcios ambientais e econ\u00f4micos.\" \/>\n<meta name=\"robots\" content=\"index, follow, max-snippet:-1, max-image-preview:large, max-video-preview:-1\" \/>\n<link rel=\"canonical\" href=\"https:\/\/pcimt.org\/en\/mato-grosso-e-destaque-nacional-na-producao-de-madeira-legal-com-manejo-florestal\/\" \/>\n<meta property=\"og:locale\" content=\"en_US\" \/>\n<meta property=\"og:type\" content=\"article\" \/>\n<meta property=\"og:title\" content=\"Produ\u00e7\u00e3o de madeira legal em Mato Grosso\" \/>\n<meta property=\"og:description\" content=\"Mato Grosso lidera na produ\u00e7\u00e3o de madeira legal, certificada e rastre\u00e1vel, gerando benef\u00edcios ambientais e econ\u00f4micos.\" \/>\n<meta property=\"og:url\" content=\"https:\/\/pcimt.org\/en\/mato-grosso-e-destaque-nacional-na-producao-de-madeira-legal-com-manejo-florestal\/\" \/>\n<meta property=\"og:site_name\" content=\"PCI\" \/>\n<meta property=\"article:published_time\" content=\"2024-01-27T22:16:01+00:00\" \/>\n<meta property=\"article:modified_time\" content=\"2025-03-14T15:42:26+00:00\" \/>\n<meta name=\"author\" content=\"Nvlo\" \/>\n<meta name=\"twitter:card\" content=\"summary_large_image\" \/>\n<meta name=\"twitter:label1\" content=\"Written by\" \/>\n\t<meta name=\"twitter:data1\" content=\"Nvlo\" \/>\n\t<meta name=\"twitter:label2\" content=\"Est. reading time\" \/>\n\t<meta name=\"twitter:data2\" content=\"3 minutes\" \/>\n<script type=\"application\/ld+json\" class=\"yoast-schema-graph\">{\"@context\":\"https:\/\/schema.org\",\"@graph\":[{\"@type\":\"Article\",\"@id\":\"https:\/\/pcimt.org\/mato-grosso-e-destaque-nacional-na-producao-de-madeira-legal-com-manejo-florestal\/#article\",\"isPartOf\":{\"@id\":\"https:\/\/pcimt.org\/mato-grosso-e-destaque-nacional-na-producao-de-madeira-legal-com-manejo-florestal\/\"},\"author\":{\"name\":\"Nvlo\",\"@id\":\"https:\/\/pcimt.org\/#\/schema\/person\/0157b9ecd4b40c936045ea21257e1ba2\"},\"headline\":\"Mato Grosso \u00e9 destaque nacional na produ\u00e7\u00e3o de madeira legal com manejo florestal\",\"datePublished\":\"2024-01-27T22:16:01+00:00\",\"dateModified\":\"2025-03-14T15:42:26+00:00\",\"mainEntityOfPage\":{\"@id\":\"https:\/\/pcimt.org\/mato-grosso-e-destaque-nacional-na-producao-de-madeira-legal-com-manejo-florestal\/\"},\"wordCount\":580,\"articleSection\":[\"Noticias-PCI\"],\"inLanguage\":\"en-US\"},{\"@type\":\"WebPage\",\"@id\":\"https:\/\/pcimt.org\/mato-grosso-e-destaque-nacional-na-producao-de-madeira-legal-com-manejo-florestal\/\",\"url\":\"https:\/\/pcimt.org\/mato-grosso-e-destaque-nacional-na-producao-de-madeira-legal-com-manejo-florestal\/\",\"name\":\"Produ\u00e7\u00e3o de madeira legal em Mato Grosso\",\"isPartOf\":{\"@id\":\"https:\/\/pcimt.org\/#website\"},\"datePublished\":\"2024-01-27T22:16:01+00:00\",\"dateModified\":\"2025-03-14T15:42:26+00:00\",\"author\":{\"@id\":\"https:\/\/pcimt.org\/#\/schema\/person\/0157b9ecd4b40c936045ea21257e1ba2\"},\"description\":\"Mato Grosso lidera na produ\u00e7\u00e3o de madeira legal, certificada e rastre\u00e1vel, gerando benef\u00edcios ambientais e econ\u00f4micos.\",\"breadcrumb\":{\"@id\":\"https:\/\/pcimt.org\/mato-grosso-e-destaque-nacional-na-producao-de-madeira-legal-com-manejo-florestal\/#breadcrumb\"},\"inLanguage\":\"en-US\",\"potentialAction\":[{\"@type\":\"ReadAction\",\"target\":[\"https:\/\/pcimt.org\/mato-grosso-e-destaque-nacional-na-producao-de-madeira-legal-com-manejo-florestal\/\"]}]},{\"@type\":\"BreadcrumbList\",\"@id\":\"https:\/\/pcimt.org\/mato-grosso-e-destaque-nacional-na-producao-de-madeira-legal-com-manejo-florestal\/#breadcrumb\",\"itemListElement\":[{\"@type\":\"ListItem\",\"position\":1,\"name\":\"In\u00edcio\",\"item\":\"https:\/\/pcimt.org\/\"},{\"@type\":\"ListItem\",\"position\":2,\"name\":\"Mato Grosso \u00e9 destaque nacional na produ\u00e7\u00e3o de madeira legal com manejo florestal\"}]},{\"@type\":\"WebSite\",\"@id\":\"https:\/\/pcimt.org\/#website\",\"url\":\"https:\/\/pcimt.org\/\",\"name\":\"PCI\",\"description\":\"Produzir, Conservar e Incluir\",\"potentialAction\":[{\"@type\":\"SearchAction\",\"target\":{\"@type\":\"EntryPoint\",\"urlTemplate\":\"https:\/\/pcimt.org\/?s={search_term_string}\"},\"query-input\":{\"@type\":\"PropertyValueSpecification\",\"valueRequired\":true,\"valueName\":\"search_term_string\"}}],\"inLanguage\":\"en-US\"},{\"@type\":\"Person\",\"@id\":\"https:\/\/pcimt.org\/#\/schema\/person\/0157b9ecd4b40c936045ea21257e1ba2\",\"name\":\"Nvlo\",\"url\":\"https:\/\/pcimt.org\/en\/author\/nvlo\/\"}]}<\/script>\n<!-- \/ Yoast SEO plugin. -->","yoast_head_json":{"title":"Produ\u00e7\u00e3o de madeira legal em Mato Grosso","description":"Mato Grosso lidera na produ\u00e7\u00e3o de madeira legal, certificada e rastre\u00e1vel, gerando benef\u00edcios ambientais e econ\u00f4micos.","robots":{"index":"index","follow":"follow","max-snippet":"max-snippet:-1","max-image-preview":"max-image-preview:large","max-video-preview":"max-video-preview:-1"},"canonical":"https:\/\/pcimt.org\/en\/mato-grosso-e-destaque-nacional-na-producao-de-madeira-legal-com-manejo-florestal\/","og_locale":"en_US","og_type":"article","og_title":"Produ\u00e7\u00e3o de madeira legal em Mato Grosso","og_description":"Mato Grosso lidera na produ\u00e7\u00e3o de madeira legal, certificada e rastre\u00e1vel, gerando benef\u00edcios ambientais e econ\u00f4micos.","og_url":"https:\/\/pcimt.org\/en\/mato-grosso-e-destaque-nacional-na-producao-de-madeira-legal-com-manejo-florestal\/","og_site_name":"PCI","article_published_time":"2024-01-27T22:16:01+00:00","article_modified_time":"2025-03-14T15:42:26+00:00","author":"Nvlo","twitter_card":"summary_large_image","twitter_misc":{"Written by":"Nvlo","Est. reading time":"3 minutes"},"schema":{"@context":"https:\/\/schema.org","@graph":[{"@type":"Article","@id":"https:\/\/pcimt.org\/mato-grosso-e-destaque-nacional-na-producao-de-madeira-legal-com-manejo-florestal\/#article","isPartOf":{"@id":"https:\/\/pcimt.org\/mato-grosso-e-destaque-nacional-na-producao-de-madeira-legal-com-manejo-florestal\/"},"author":{"name":"Nvlo","@id":"https:\/\/pcimt.org\/#\/schema\/person\/0157b9ecd4b40c936045ea21257e1ba2"},"headline":"Mato Grosso \u00e9 destaque nacional na produ\u00e7\u00e3o de madeira legal com manejo florestal","datePublished":"2024-01-27T22:16:01+00:00","dateModified":"2025-03-14T15:42:26+00:00","mainEntityOfPage":{"@id":"https:\/\/pcimt.org\/mato-grosso-e-destaque-nacional-na-producao-de-madeira-legal-com-manejo-florestal\/"},"wordCount":580,"articleSection":["Noticias-PCI"],"inLanguage":"en-US"},{"@type":"WebPage","@id":"https:\/\/pcimt.org\/mato-grosso-e-destaque-nacional-na-producao-de-madeira-legal-com-manejo-florestal\/","url":"https:\/\/pcimt.org\/mato-grosso-e-destaque-nacional-na-producao-de-madeira-legal-com-manejo-florestal\/","name":"Produ\u00e7\u00e3o de madeira legal em Mato Grosso","isPartOf":{"@id":"https:\/\/pcimt.org\/#website"},"datePublished":"2024-01-27T22:16:01+00:00","dateModified":"2025-03-14T15:42:26+00:00","author":{"@id":"https:\/\/pcimt.org\/#\/schema\/person\/0157b9ecd4b40c936045ea21257e1ba2"},"description":"Mato Grosso lidera na produ\u00e7\u00e3o de madeira legal, certificada e rastre\u00e1vel, gerando benef\u00edcios ambientais e econ\u00f4micos.","breadcrumb":{"@id":"https:\/\/pcimt.org\/mato-grosso-e-destaque-nacional-na-producao-de-madeira-legal-com-manejo-florestal\/#breadcrumb"},"inLanguage":"en-US","potentialAction":[{"@type":"ReadAction","target":["https:\/\/pcimt.org\/mato-grosso-e-destaque-nacional-na-producao-de-madeira-legal-com-manejo-florestal\/"]}]},{"@type":"BreadcrumbList","@id":"https:\/\/pcimt.org\/mato-grosso-e-destaque-nacional-na-producao-de-madeira-legal-com-manejo-florestal\/#breadcrumb","itemListElement":[{"@type":"ListItem","position":1,"name":"In\u00edcio","item":"https:\/\/pcimt.org\/"},{"@type":"ListItem","position":2,"name":"Mato Grosso \u00e9 destaque nacional na produ\u00e7\u00e3o de madeira legal com manejo florestal"}]},{"@type":"WebSite","@id":"https:\/\/pcimt.org\/#website","url":"https:\/\/pcimt.org\/","name":"The PCI","description":"Produce, Conserve and Include","potentialAction":[{"@type":"SearchAction","target":{"@type":"EntryPoint","urlTemplate":"https:\/\/pcimt.org\/?s={search_term_string}"},"query-input":{"@type":"PropertyValueSpecification","valueRequired":true,"valueName":"search_term_string"}}],"inLanguage":"en-US"},{"@type":"Person","@id":"https:\/\/pcimt.org\/#\/schema\/person\/0157b9ecd4b40c936045ea21257e1ba2","name":"Nvlo","url":"https:\/\/pcimt.org\/en\/author\/nvlo\/"}]}},"_links":{"self":[{"href":"https:\/\/pcimt.org\/en\/wp-json\/wp\/v2\/posts\/1881","targetHints":{"allow":["GET"]}}],"collection":[{"href":"https:\/\/pcimt.org\/en\/wp-json\/wp\/v2\/posts"}],"about":[{"href":"https:\/\/pcimt.org\/en\/wp-json\/wp\/v2\/types\/post"}],"author":[{"embeddable":true,"href":"https:\/\/pcimt.org\/en\/wp-json\/wp\/v2\/users\/2"}],"replies":[{"embeddable":true,"href":"https:\/\/pcimt.org\/en\/wp-json\/wp\/v2\/comments?post=1881"}],"version-history":[{"count":2,"href":"https:\/\/pcimt.org\/en\/wp-json\/wp\/v2\/posts\/1881\/revisions"}],"predecessor-version":[{"id":3277,"href":"https:\/\/pcimt.org\/en\/wp-json\/wp\/v2\/posts\/1881\/revisions\/3277"}],"wp:attachment":[{"href":"https:\/\/pcimt.org\/en\/wp-json\/wp\/v2\/media?parent=1881"}],"wp:term":[{"taxonomy":"category","embeddable":true,"href":"https:\/\/pcimt.org\/en\/wp-json\/wp\/v2\/categories?post=1881"},{"taxonomy":"post_tag","embeddable":true,"href":"https:\/\/pcimt.org\/en\/wp-json\/wp\/v2\/tags?post=1881"}],"curies":[{"name":"wp","href":"https:\/\/api.w.org\/{rel}","templated":true}]}}