{"id":1877,"date":"2020-06-24T19:19:19","date_gmt":"2020-06-24T22:19:19","guid":{"rendered":"https:\/\/pcimt.org\/protecao-de-florestas-tem-promessa-de-us-12-bi\/"},"modified":"2025-03-14T12:45:32","modified_gmt":"2025-03-14T15:45:32","slug":"protecao-de-florestas-tem-promessa-de-us-12-bi","status":"publish","type":"post","link":"https:\/\/pcimt.org\/en\/protecao-de-florestas-tem-promessa-de-us-12-bi\/","title":{"rendered":"Prote\u00e7\u00e3o de florestas tem promessa de US$ 12 bi"},"content":{"rendered":"<p>Verba dever\u00e1 vir de governos de pa\u00edses ricos e da iniciativa privada para prote\u00e7\u00e3o de florestas. Acordo de redu\u00e7\u00e3o de desmatamento, anunciado<br \/>\nna COP26, foi assinado por mais de 130 pa\u00edses, incluindo o Brasil<\/p>\n<p>O compromisso pol\u00edtico para parar o desmatamento e reverter a degrada\u00e7\u00e3o florestal em 2030, que envolve quase US$<br \/>\n12 bilh\u00f5es, 114 pa\u00edses e perto de 90% das florestas mundiais, est\u00e1 sendo considerado um dos grandes \u00eaxitos da<br \/>\n<a href=\"https:\/\/www.unep.org\/pt-br\/events\/conference\/conferencia-das-nacoes-unidas-sobre-mudanca-do-clima-unfccc-cop-28\">Confer\u00eancia sobre Mudan\u00e7as Clim\u00e1ticas<\/a> da ONU, a COP26, em Glasgow.<\/p>\n<p>O acordo pol\u00edtico foi costurado pelo governo brit\u00e2nico. EUA, China, Uni\u00e3o Europeia, Brasil e Indon\u00e9sia est\u00e3o entre os que<br \/>\nassinaram o compromisso de prote\u00e7\u00e3o de florestas, baseado num mix de recursos p\u00fablicos e privados.<\/p>\n<p>&#8220;Este \u00e9 um encontro hist\u00f3rico que resulta na mobiliza\u00e7\u00e3o de recursos para a prote\u00e7\u00e3o de florestas ao redor do mundo&#8221;,<br \/>\ncelebrou o presidente da Col\u00f4mbia, Iv\u00e1n Duque. Ele anunciou que o pa\u00eds n\u00e3o esperar\u00e1 at\u00e9 2030 para cumprir a meta da<br \/>\nConven\u00e7\u00e3o de Biodiversidade de ter 30% do territ\u00f3rio convertido em \u00e1rea de prote\u00e7\u00e3o. &#8220;Faremos isso em 2022&#8221;,<br \/>\nprometeu, adiantando que est\u00e1 criando uma estrat\u00e9gia de conserva\u00e7\u00e3o para a Amaz\u00f4nia.<\/p>\n<p>O vice-ministro de Meio Ambiente da Alemanha Jochen Flasbarth, resumiu o desafio global em rela\u00e7\u00e3o \u00e0s florestas:<br \/>\n&#8220;Temos de reduzir a degrada\u00e7\u00e3o, parar o desmatamento e investir em restaura\u00e7\u00e3o e regenera\u00e7\u00e3o&#8221;.<\/p>\n<p>&#8220;\u00c9 imposs\u00edvel exagerar a import\u00e2ncia das florestas para o clima. Sem os grandes biomas, que est\u00e3o sob amea\u00e7a, n\u00e3o<br \/>\ntemos chance de limitar o aquecimento a 1,5\u00baC, nem de atingir a meta de net-zero e enfrentar a mudan\u00e7a do clima&#8221;,<br \/>\ndisse o ministro brit\u00e2nico do Meio Ambiente, Zac Goldsmith.<\/p>\n<p>&#8220;Qualquer caminho que n\u00e3o inclua a natureza \u00e9 um caminho question\u00e1vel&#8221;, afirmou. &#8220;Enquanto falamos, a devasta\u00e7\u00e3o<br \/>\ncontinua a uma taxa assustadora. Perdemos 30 campos de futebol de florestas a cada minuto&#8221;, seguiu. &#8220;Reverter o<br \/>\ndesmatamento \u00e9, sem d\u00favida, um dos grandes desafios que temos&#8221;.<\/p>\n<p>Segundo ele, a soma combinada dos compromissos (financeiros para a iniciativa) &#8220;\u00e9 genuinamente significativa e<br \/>\nrepresenta um ponto de virada para as florestas\u201d.<\/p>\n<p>Boa parte dos recursos vir\u00e1 da filantropia e da Coaliz\u00e3o Leaf, lan\u00e7ada neste ano por Reino Unido, Alemanha, Noruega e<br \/>\num grupo de grandes empresas globais para proteger as florestas tropicais.<\/p>\n<p>Essas fontes contribuem com recursos de US$ 7,2 bilh\u00f5es. Outro acordo mira ajudar pa\u00edses da bacia do Congo, na<br \/>\n\u00c1frica. A soma dos compromissos \u00e9 de mais de US$ 1,5 bilh\u00e3o. &#8220;\u00c9 uma das mais importantes regi\u00f5es do mundo em<br \/>\nbiodiversidade&#8221;, disse Goldsmith.<\/p>\n<p>&#8220;Tamb\u00e9m temos importantes compromissos para aumentar o apoio a pa\u00edses ambiciosos na prote\u00e7\u00e3o da Amaz\u00f4nia. O<br \/>\nReino Unido se comprometeu com 300 milh\u00f5es de libras [cerca de US$ 400 milh\u00f5es] para apoiar os melhores esfor\u00e7os<br \/>\nna Amaz\u00f4nia, tomando por base a lideran\u00e7a que vimos na Col\u00f4mbia&#8221;, seguiu.<\/p>\n<p>Uma parte dos recursos ser\u00e1 destinada aos povos ind\u00edgenas &#8211; cerca de US$ 2 bilh\u00f5es. &#8220;N\u00e3o s\u00f3 por uma quest\u00e3o de<br \/>\njusti\u00e7a, mas tamb\u00e9m porque o apoio a povos ind\u00edgenas e comunidades \u00e9 provavelmente a maneira mais custo-efetiva e<br \/>\nmais eficiente de proteger o ecossistema. Eles est\u00e3o fazendo isso h\u00e1 gera\u00e7\u00f5es&#8221;, seguiu o ministro.<\/p>\n<p>Goldsmith tamb\u00e9m disse que h\u00e1 mais US$ 1 bilh\u00e3o para um novo programa da Coaliz\u00e3o Leaf, por meio de mercados de<br \/>\ncarbono. &#8220;Este pacote de apoio \u00e0s florestas \u00e9 significativo, sem sombra de d\u00favida, mas temos que reconhecer que os<br \/>\nincentivos para destruir as florestas s\u00e3o 40 vezes maiores do que os incentivos para proteg\u00ea-las.&#8221;<\/p>\n<p>Mencionou ainda um esfor\u00e7o de 28 pa\u00edses que buscam promover uma &#8220;transforma\u00e7\u00e3o sist\u00eamica&#8221; entre pa\u00edses<br \/>\nprodutores e consumidores. A inten\u00e7\u00e3o \u00e9 &#8220;romper a conex\u00e3o entre a produ\u00e7\u00e3o de commodities agr\u00edcolas e o<br \/>\ndesmatamento, como o Reino Unido est\u00e1 fazendo, via legisla\u00e7\u00e3o. Estes pa\u00edses representam 3\/4 desse com\u00e9rcio&#8221;.<\/p>\n<p>Ainda ontem, o Brasil assinou em Glasgow, com outros 104 pa\u00edses, uma Declara\u00e7\u00e3o sobre Florestas em que se<br \/>\ncompromete a \u201cparar e reverter\u201d a perda florestal no mundo at\u00e9 2030. Mas especialistas ambientais qualificaram a<br \/>\nposi\u00e7\u00e3o brasileira de vaga e contradit\u00f3ria.<\/p>\n<p>\u201cDizer que o seu objetivo \u00e9 entregar o governo com o desmatamento 16% maior do que quando voc\u00ea assumiu n\u00e3o \u00e9<br \/>\num plano, \u00e9 uma confiss\u00e3o de culpa\u201d, diz Marcio Astrini, secret\u00e1rio-executivo da ONG Observat\u00f3rio do Clima. \u201cEste \u00e9 o<br \/>\nterceiro plano de combate ao desmatamento que o governo Bolsonaro publica depois de ter revogado a pol\u00edtica que<br \/>\nfuncionava, o Plano de Preven\u00e7\u00e3o e Controle do Desmatamento na Amaz\u00f4nia (PPCDAm). Nenhum deles cont\u00e9m o<br \/>\nelemento fundamental, que \u00e9 de fato combater o desmatamento\u201d.<\/p>\n<p>Noticia publicada em 03\/11\/2021 no Valor: <a href=\"http:\/\/www.valor\">www.valor<\/a>.com<\/p>\n","protected":false},"excerpt":{"rendered":"<p>Verba dever\u00e1 vir de governos de pa\u00edses ricos e da iniciativa privada para prote\u00e7\u00e3o de florestas. Acordo de redu\u00e7\u00e3o de desmatamento, anunciado na COP26, foi assinado por mais de 130 pa\u00edses, incluindo o Brasil O compromisso pol\u00edtico para parar o desmatamento e reverter a degrada\u00e7\u00e3o florestal em 2030, que envolve quase US$ 12 bilh\u00f5es, 114 [&hellip;]<\/p>\n","protected":false},"author":2,"featured_media":0,"comment_status":"closed","ping_status":"closed","sticky":false,"template":"","format":"standard","meta":{"ocean_post_layout":"","ocean_both_sidebars_style":"","ocean_both_sidebars_content_width":0,"ocean_both_sidebars_sidebars_width":0,"ocean_sidebar":"","ocean_second_sidebar":"","ocean_disable_margins":"enable","ocean_add_body_class":"","ocean_shortcode_before_top_bar":"","ocean_shortcode_after_top_bar":"","ocean_shortcode_before_header":"","ocean_shortcode_after_header":"","ocean_has_shortcode":"","ocean_shortcode_after_title":"","ocean_shortcode_before_footer_widgets":"","ocean_shortcode_after_footer_widgets":"","ocean_shortcode_before_footer_bottom":"","ocean_shortcode_after_footer_bottom":"","ocean_display_top_bar":"default","ocean_display_header":"default","ocean_header_style":"","ocean_center_header_left_menu":"","ocean_custom_header_template":"","ocean_custom_logo":0,"ocean_custom_retina_logo":0,"ocean_custom_logo_max_width":0,"ocean_custom_logo_tablet_max_width":0,"ocean_custom_logo_mobile_max_width":0,"ocean_custom_logo_max_height":0,"ocean_custom_logo_tablet_max_height":0,"ocean_custom_logo_mobile_max_height":0,"ocean_header_custom_menu":"","ocean_menu_typo_font_family":"","ocean_menu_typo_font_subset":"","ocean_menu_typo_font_size":0,"ocean_menu_typo_font_size_tablet":0,"ocean_menu_typo_font_size_mobile":0,"ocean_menu_typo_font_size_unit":"px","ocean_menu_typo_font_weight":"","ocean_menu_typo_font_weight_tablet":"","ocean_menu_typo_font_weight_mobile":"","ocean_menu_typo_transform":"","ocean_menu_typo_transform_tablet":"","ocean_menu_typo_transform_mobile":"","ocean_menu_typo_line_height":0,"ocean_menu_typo_line_height_tablet":0,"ocean_menu_typo_line_height_mobile":0,"ocean_menu_typo_line_height_unit":"","ocean_menu_typo_spacing":0,"ocean_menu_typo_spacing_tablet":0,"ocean_menu_typo_spacing_mobile":0,"ocean_menu_typo_spacing_unit":"","ocean_menu_link_color":"","ocean_menu_link_color_hover":"","ocean_menu_link_color_active":"","ocean_menu_link_background":"","ocean_menu_link_hover_background":"","ocean_menu_link_active_background":"","ocean_menu_social_links_bg":"","ocean_menu_social_hover_links_bg":"","ocean_menu_social_links_color":"","ocean_menu_social_hover_links_color":"","ocean_disable_title":"default","ocean_disable_heading":"default","ocean_post_title":"","ocean_post_subheading":"","ocean_post_title_style":"","ocean_post_title_background_color":"","ocean_post_title_background":0,"ocean_post_title_bg_image_position":"","ocean_post_title_bg_image_attachment":"","ocean_post_title_bg_image_repeat":"","ocean_post_title_bg_image_size":"","ocean_post_title_height":0,"ocean_post_title_bg_overlay":0.5,"ocean_post_title_bg_overlay_color":"","ocean_disable_breadcrumbs":"default","ocean_breadcrumbs_color":"","ocean_breadcrumbs_separator_color":"","ocean_breadcrumbs_links_color":"","ocean_breadcrumbs_links_hover_color":"","ocean_display_footer_widgets":"default","ocean_display_footer_bottom":"default","ocean_custom_footer_template":"","ocean_post_oembed":"","ocean_post_self_hosted_media":"","ocean_post_video_embed":"","ocean_link_format":"","ocean_link_format_target":"self","ocean_quote_format":"","ocean_quote_format_link":"post","ocean_gallery_link_images":"on","ocean_gallery_id":[],"footnotes":""},"categories":[26],"tags":[],"class_list":["post-1877","post","type-post","status-publish","format-standard","hentry","category-noticias-pci","entry"],"yoast_head":"<!-- This site is optimized with the Yoast SEO plugin v27.1.1 - https:\/\/yoast.com\/product\/yoast-seo-wordpress\/ -->\n<title>Prote\u00e7\u00e3o de florestas: Acordo hist\u00f3rico na COP26<\/title>\n<meta name=\"description\" content=\"Acordo de prote\u00e7\u00e3o de florestas, assinado por 130 pa\u00edses na COP26, visa reduzir o desmatamento at\u00e9 2030 com US$ 12 bilh\u00f5es.\" \/>\n<meta name=\"robots\" content=\"index, follow, max-snippet:-1, max-image-preview:large, max-video-preview:-1\" \/>\n<link rel=\"canonical\" href=\"https:\/\/pcimt.org\/en\/protecao-de-florestas-tem-promessa-de-us-12-bi\/\" \/>\n<meta property=\"og:locale\" content=\"en_US\" \/>\n<meta property=\"og:type\" content=\"article\" \/>\n<meta property=\"og:title\" content=\"Prote\u00e7\u00e3o de florestas: Acordo hist\u00f3rico na COP26\" \/>\n<meta property=\"og:description\" content=\"Acordo de prote\u00e7\u00e3o de florestas, assinado por 130 pa\u00edses na COP26, visa reduzir o desmatamento at\u00e9 2030 com US$ 12 bilh\u00f5es.\" \/>\n<meta property=\"og:url\" content=\"https:\/\/pcimt.org\/en\/protecao-de-florestas-tem-promessa-de-us-12-bi\/\" \/>\n<meta property=\"og:site_name\" content=\"PCI\" \/>\n<meta property=\"article:published_time\" content=\"2020-06-24T22:19:19+00:00\" \/>\n<meta property=\"article:modified_time\" content=\"2025-03-14T15:45:32+00:00\" \/>\n<meta name=\"author\" content=\"Nvlo\" \/>\n<meta name=\"twitter:card\" content=\"summary_large_image\" \/>\n<meta name=\"twitter:label1\" content=\"Written by\" \/>\n\t<meta name=\"twitter:data1\" content=\"Nvlo\" \/>\n\t<meta name=\"twitter:label2\" content=\"Est. reading time\" \/>\n\t<meta name=\"twitter:data2\" content=\"5 minutes\" \/>\n<script type=\"application\/ld+json\" class=\"yoast-schema-graph\">{\"@context\":\"https:\/\/schema.org\",\"@graph\":[{\"@type\":\"Article\",\"@id\":\"https:\/\/pcimt.org\/protecao-de-florestas-tem-promessa-de-us-12-bi\/#article\",\"isPartOf\":{\"@id\":\"https:\/\/pcimt.org\/protecao-de-florestas-tem-promessa-de-us-12-bi\/\"},\"author\":{\"name\":\"Nvlo\",\"@id\":\"https:\/\/pcimt.org\/#\/schema\/person\/0157b9ecd4b40c936045ea21257e1ba2\"},\"headline\":\"Prote\u00e7\u00e3o de florestas tem promessa de US$ 12 bi\",\"datePublished\":\"2020-06-24T22:19:19+00:00\",\"dateModified\":\"2025-03-14T15:45:32+00:00\",\"mainEntityOfPage\":{\"@id\":\"https:\/\/pcimt.org\/protecao-de-florestas-tem-promessa-de-us-12-bi\/\"},\"wordCount\":815,\"articleSection\":[\"Noticias-PCI\"],\"inLanguage\":\"en-US\"},{\"@type\":\"WebPage\",\"@id\":\"https:\/\/pcimt.org\/protecao-de-florestas-tem-promessa-de-us-12-bi\/\",\"url\":\"https:\/\/pcimt.org\/protecao-de-florestas-tem-promessa-de-us-12-bi\/\",\"name\":\"Prote\u00e7\u00e3o de florestas: Acordo hist\u00f3rico na COP26\",\"isPartOf\":{\"@id\":\"https:\/\/pcimt.org\/#website\"},\"datePublished\":\"2020-06-24T22:19:19+00:00\",\"dateModified\":\"2025-03-14T15:45:32+00:00\",\"author\":{\"@id\":\"https:\/\/pcimt.org\/#\/schema\/person\/0157b9ecd4b40c936045ea21257e1ba2\"},\"description\":\"Acordo de prote\u00e7\u00e3o de florestas, assinado por 130 pa\u00edses na COP26, visa reduzir o desmatamento at\u00e9 2030 com US$ 12 bilh\u00f5es.\",\"breadcrumb\":{\"@id\":\"https:\/\/pcimt.org\/protecao-de-florestas-tem-promessa-de-us-12-bi\/#breadcrumb\"},\"inLanguage\":\"en-US\",\"potentialAction\":[{\"@type\":\"ReadAction\",\"target\":[\"https:\/\/pcimt.org\/protecao-de-florestas-tem-promessa-de-us-12-bi\/\"]}]},{\"@type\":\"BreadcrumbList\",\"@id\":\"https:\/\/pcimt.org\/protecao-de-florestas-tem-promessa-de-us-12-bi\/#breadcrumb\",\"itemListElement\":[{\"@type\":\"ListItem\",\"position\":1,\"name\":\"In\u00edcio\",\"item\":\"https:\/\/pcimt.org\/\"},{\"@type\":\"ListItem\",\"position\":2,\"name\":\"Prote\u00e7\u00e3o de florestas tem promessa de US$ 12 bi\"}]},{\"@type\":\"WebSite\",\"@id\":\"https:\/\/pcimt.org\/#website\",\"url\":\"https:\/\/pcimt.org\/\",\"name\":\"PCI\",\"description\":\"Produzir, Conservar e Incluir\",\"potentialAction\":[{\"@type\":\"SearchAction\",\"target\":{\"@type\":\"EntryPoint\",\"urlTemplate\":\"https:\/\/pcimt.org\/?s={search_term_string}\"},\"query-input\":{\"@type\":\"PropertyValueSpecification\",\"valueRequired\":true,\"valueName\":\"search_term_string\"}}],\"inLanguage\":\"en-US\"},{\"@type\":\"Person\",\"@id\":\"https:\/\/pcimt.org\/#\/schema\/person\/0157b9ecd4b40c936045ea21257e1ba2\",\"name\":\"Nvlo\",\"url\":\"https:\/\/pcimt.org\/en\/author\/nvlo\/\"}]}<\/script>\n<!-- \/ Yoast SEO plugin. -->","yoast_head_json":{"title":"Prote\u00e7\u00e3o de florestas: Acordo hist\u00f3rico na COP26","description":"Acordo de prote\u00e7\u00e3o de florestas, assinado por 130 pa\u00edses na COP26, visa reduzir o desmatamento at\u00e9 2030 com US$ 12 bilh\u00f5es.","robots":{"index":"index","follow":"follow","max-snippet":"max-snippet:-1","max-image-preview":"max-image-preview:large","max-video-preview":"max-video-preview:-1"},"canonical":"https:\/\/pcimt.org\/en\/protecao-de-florestas-tem-promessa-de-us-12-bi\/","og_locale":"en_US","og_type":"article","og_title":"Prote\u00e7\u00e3o de florestas: Acordo hist\u00f3rico na COP26","og_description":"Acordo de prote\u00e7\u00e3o de florestas, assinado por 130 pa\u00edses na COP26, visa reduzir o desmatamento at\u00e9 2030 com US$ 12 bilh\u00f5es.","og_url":"https:\/\/pcimt.org\/en\/protecao-de-florestas-tem-promessa-de-us-12-bi\/","og_site_name":"PCI","article_published_time":"2020-06-24T22:19:19+00:00","article_modified_time":"2025-03-14T15:45:32+00:00","author":"Nvlo","twitter_card":"summary_large_image","twitter_misc":{"Written by":"Nvlo","Est. reading time":"5 minutes"},"schema":{"@context":"https:\/\/schema.org","@graph":[{"@type":"Article","@id":"https:\/\/pcimt.org\/protecao-de-florestas-tem-promessa-de-us-12-bi\/#article","isPartOf":{"@id":"https:\/\/pcimt.org\/protecao-de-florestas-tem-promessa-de-us-12-bi\/"},"author":{"name":"Nvlo","@id":"https:\/\/pcimt.org\/#\/schema\/person\/0157b9ecd4b40c936045ea21257e1ba2"},"headline":"Prote\u00e7\u00e3o de florestas tem promessa de US$ 12 bi","datePublished":"2020-06-24T22:19:19+00:00","dateModified":"2025-03-14T15:45:32+00:00","mainEntityOfPage":{"@id":"https:\/\/pcimt.org\/protecao-de-florestas-tem-promessa-de-us-12-bi\/"},"wordCount":815,"articleSection":["Noticias-PCI"],"inLanguage":"en-US"},{"@type":"WebPage","@id":"https:\/\/pcimt.org\/protecao-de-florestas-tem-promessa-de-us-12-bi\/","url":"https:\/\/pcimt.org\/protecao-de-florestas-tem-promessa-de-us-12-bi\/","name":"Prote\u00e7\u00e3o de florestas: Acordo hist\u00f3rico na COP26","isPartOf":{"@id":"https:\/\/pcimt.org\/#website"},"datePublished":"2020-06-24T22:19:19+00:00","dateModified":"2025-03-14T15:45:32+00:00","author":{"@id":"https:\/\/pcimt.org\/#\/schema\/person\/0157b9ecd4b40c936045ea21257e1ba2"},"description":"Acordo de prote\u00e7\u00e3o de florestas, assinado por 130 pa\u00edses na COP26, visa reduzir o desmatamento at\u00e9 2030 com US$ 12 bilh\u00f5es.","breadcrumb":{"@id":"https:\/\/pcimt.org\/protecao-de-florestas-tem-promessa-de-us-12-bi\/#breadcrumb"},"inLanguage":"en-US","potentialAction":[{"@type":"ReadAction","target":["https:\/\/pcimt.org\/protecao-de-florestas-tem-promessa-de-us-12-bi\/"]}]},{"@type":"BreadcrumbList","@id":"https:\/\/pcimt.org\/protecao-de-florestas-tem-promessa-de-us-12-bi\/#breadcrumb","itemListElement":[{"@type":"ListItem","position":1,"name":"In\u00edcio","item":"https:\/\/pcimt.org\/"},{"@type":"ListItem","position":2,"name":"Prote\u00e7\u00e3o de florestas tem promessa de US$ 12 bi"}]},{"@type":"WebSite","@id":"https:\/\/pcimt.org\/#website","url":"https:\/\/pcimt.org\/","name":"The PCI","description":"Produce, Conserve and Include","potentialAction":[{"@type":"SearchAction","target":{"@type":"EntryPoint","urlTemplate":"https:\/\/pcimt.org\/?s={search_term_string}"},"query-input":{"@type":"PropertyValueSpecification","valueRequired":true,"valueName":"search_term_string"}}],"inLanguage":"en-US"},{"@type":"Person","@id":"https:\/\/pcimt.org\/#\/schema\/person\/0157b9ecd4b40c936045ea21257e1ba2","name":"Nvlo","url":"https:\/\/pcimt.org\/en\/author\/nvlo\/"}]}},"_links":{"self":[{"href":"https:\/\/pcimt.org\/en\/wp-json\/wp\/v2\/posts\/1877","targetHints":{"allow":["GET"]}}],"collection":[{"href":"https:\/\/pcimt.org\/en\/wp-json\/wp\/v2\/posts"}],"about":[{"href":"https:\/\/pcimt.org\/en\/wp-json\/wp\/v2\/types\/post"}],"author":[{"embeddable":true,"href":"https:\/\/pcimt.org\/en\/wp-json\/wp\/v2\/users\/2"}],"replies":[{"embeddable":true,"href":"https:\/\/pcimt.org\/en\/wp-json\/wp\/v2\/comments?post=1877"}],"version-history":[{"count":2,"href":"https:\/\/pcimt.org\/en\/wp-json\/wp\/v2\/posts\/1877\/revisions"}],"predecessor-version":[{"id":3246,"href":"https:\/\/pcimt.org\/en\/wp-json\/wp\/v2\/posts\/1877\/revisions\/3246"}],"wp:attachment":[{"href":"https:\/\/pcimt.org\/en\/wp-json\/wp\/v2\/media?parent=1877"}],"wp:term":[{"taxonomy":"category","embeddable":true,"href":"https:\/\/pcimt.org\/en\/wp-json\/wp\/v2\/categories?post=1877"},{"taxonomy":"post_tag","embeddable":true,"href":"https:\/\/pcimt.org\/en\/wp-json\/wp\/v2\/tags?post=1877"}],"curies":[{"name":"wp","href":"https:\/\/api.w.org\/{rel}","templated":true}]}}