{"id":1875,"date":"2021-11-04T19:16:01","date_gmt":"2021-11-04T22:16:01","guid":{"rendered":"https:\/\/pcimt.org\/setor-de-base-florestal-apoia-plenamente-o-programa-carbono-neutro-mt-afirma-presidente-do-cipem\/"},"modified":"2025-03-14T12:43:42","modified_gmt":"2025-03-14T15:43:42","slug":"setor-de-base-florestal-apoia-plenamente-o-programa-carbono-neutro-mt-afirma-presidente-do-cipem","status":"publish","type":"post","link":"https:\/\/pcimt.org\/en\/setor-de-base-florestal-apoia-plenamente-o-programa-carbono-neutro-mt-afirma-presidente-do-cipem\/","title":{"rendered":"&#8220;Setor de base florestal apoia plenamente o programa Carbono Neutro MT &#8220;, afirma presidente do Cipem"},"content":{"rendered":"<p>O presidente do Centro das Ind\u00fastrias Produtoras e Exportadoras de Madeira do Estado de Mato Grosso (Cipem), Rafael Masson, afirma que o setor de base florestal apoia a iniciativa do Estado de implementa\u00e7\u00e3o do Programa Carbono Neutro MT, lan\u00e7ado nesta segunda-feira (25.10). A meta volunt\u00e1ria do Estado \u00e9 neutralizar os gases do efeito estufa at\u00e9 2035.<\/p>\n<p>&#8220;O Estado est\u00e1 levando mais uma bandeira muito forte para o mundo e para o Brasil, e o setor apoia plenamente o programa. Somos da base florestal, com muito orgulho, temos mais de 4,7 milh\u00f5es de hectares em manejo sustent\u00e1vel no estado&#8221;, disse Masson durante a cerim\u00f4nia de lan\u00e7amento.<\/p>\n<p>Com o fortalecimento das metas ambientais do Programa Carbono Neutro MT, a proje\u00e7\u00e3o \u00e9 alcan\u00e7ar 6 milh\u00f5es de hectares de manejo susntent\u00e1vel at\u00e9 2030. O manejo sustent\u00e1vel \u00e9 a estra\u00e7\u00e3o de ativos da floresta com o menor impacto anbiental, preservando a mata em p\u00e9.<\/p>\n<p>O Cipem foi uma das institui\u00e7\u00f5es que aderiram ao programa como apoiadores, e que far\u00e3o campanhas para disseminar as metas e os resultados. Tamb\u00e9m assinaram a Federa\u00e7\u00e3o das Ind\u00fastrias de Mato Grosso (FIEMT), a Federa\u00e7\u00e3o da Agricultura e Pecu\u00e1ria do Estado de Mato Grosso (Famato), a Associa\u00e7\u00e3o dos Produtores de Soja \u00a0(Aprosoja-MT), \u00a0Associa\u00e7\u00e3o Matogrossense dos Produtores de Algod\u00e3o (AMPA), Instituto Mato-Grossense da Carne (Imac), Uni\u00e3o Nacional do Etanol de Milho (UNEM), \u00a0e A\u00e7\u00e3o Verde.<\/p>\n<p>O Cipem \u00e9 a uni\u00e3o de oito sindicatos patronais de Base Florestal, que tem o objetivo de organizar e fortalecer o setor. Incentiva a produtividade e o consumo consciente de madeira e seus subprodutos de forma sustent\u00e1vel, com respeito a legisla\u00e7\u00e3o vigente e em harmonia com o meio ambiente.<\/p>\n<p><strong>Carbono Neutro MT<\/strong><\/p>\n<p>O Programa Carbono Neutro MT foi institu\u00eddo pelo decreto 1.160\/2021, com o objetivo de fortalecer 12 a\u00e7\u00f5es que contribuem para o desenvolvimento sustent\u00e1vel, gerando o equil\u00edbrio entre as emiss\u00f5es e remo\u00e7\u00f5es de gases do efeito estufa.<\/p>\n<p>As medidas elencadas como importantes para a descarboniza\u00e7\u00e3o de MT s\u00e3o: \u00a0a manuten\u00e7\u00e3o do ativo florestal do estado, manejo florestal sustent\u00e1vel, regulariza\u00e7\u00e3o fundi\u00e1ria, melhorias na gest\u00e3o de \u00e1reas protegidas, reflorestamentos comerciais, restaura\u00e7\u00e3o de florestas, redu\u00e7\u00e3o do risco de inc\u00eandios, manejo sustent\u00e1vel para a produ\u00e7\u00e3o agropecu\u00e1ria, prote\u00e7\u00e3o de vegeta\u00e7\u00e3o secund\u00e1ria em \u00e1reas de desmatamento legal, recupera\u00e7\u00e3o de pastagens, integra\u00e7\u00e3o lavoura-pecu\u00e1ria-floresta, e produ\u00e7\u00e3o e consumo de biocombust\u00edveis.<\/p>\n<p>As a\u00e7\u00f5es ser\u00e3o ajustadas e revisadas constantemente para adequa\u00e7\u00e3o \u00e0s inova\u00e7\u00f5es tecnol\u00f3gicas e mudan\u00e7as de conjuntura pol\u00edtico-sociais. O decreto tamb\u00e9m institui o Comit\u00ea Gestor do Programa para monitorar os resultados.<\/p>\n<p>Mato Grosso criou tamb\u00e9m quatro categorias do <a href=\"https:\/\/pcimt.org\/en\/selo-carbono-neutro-mt-e-concedido-as-entidades-que-se-comprometem-a-neutralizar-gases-do-efeito-estufa\/\">Selo Carbono Neutro MT<\/a>: compromiss\u00e1rio, apoiador, carbono 0%, e financiador. O selo ser\u00e1 uma certifica\u00e7\u00e3o importante para as empresas que querem mostrar o seu compromisso com o meio ambiente.<\/p>\n<p>Publicado em 26 de Outubro:\u00a0http:\/\/www.sema.mt.gov.br\/site\/index.php\/sema\/noticias\/5633-voltar-setor-de-base-florestal-apoia-plenamente-o-programa-carbono-neutro-mt-,-afirma-presidente-do-cipem<\/p>","protected":false},"excerpt":{"rendered":"<p>O presidente do Centro das Ind\u00fastrias Produtoras e Exportadoras de Madeira do Estado de Mato Grosso (Cipem), Rafael Masson, afirma que o setor de base florestal apoia a iniciativa do Estado de implementa\u00e7\u00e3o do Programa Carbono Neutro MT, lan\u00e7ado nesta segunda-feira (25.10). A meta volunt\u00e1ria do Estado \u00e9 neutralizar os gases do efeito estufa at\u00e9 [&hellip;]<\/p>\n","protected":false},"author":2,"featured_media":0,"comment_status":"closed","ping_status":"closed","sticky":false,"template":"","format":"standard","meta":{"ocean_post_layout":"","ocean_both_sidebars_style":"","ocean_both_sidebars_content_width":0,"ocean_both_sidebars_sidebars_width":0,"ocean_sidebar":"","ocean_second_sidebar":"","ocean_disable_margins":"enable","ocean_add_body_class":"","ocean_shortcode_before_top_bar":"","ocean_shortcode_after_top_bar":"","ocean_shortcode_before_header":"","ocean_shortcode_after_header":"","ocean_has_shortcode":"","ocean_shortcode_after_title":"","ocean_shortcode_before_footer_widgets":"","ocean_shortcode_after_footer_widgets":"","ocean_shortcode_before_footer_bottom":"","ocean_shortcode_after_footer_bottom":"","ocean_display_top_bar":"default","ocean_display_header":"default","ocean_header_style":"","ocean_center_header_left_menu":"","ocean_custom_header_template":"","ocean_custom_logo":0,"ocean_custom_retina_logo":0,"ocean_custom_logo_max_width":0,"ocean_custom_logo_tablet_max_width":0,"ocean_custom_logo_mobile_max_width":0,"ocean_custom_logo_max_height":0,"ocean_custom_logo_tablet_max_height":0,"ocean_custom_logo_mobile_max_height":0,"ocean_header_custom_menu":"","ocean_menu_typo_font_family":"","ocean_menu_typo_font_subset":"","ocean_menu_typo_font_size":0,"ocean_menu_typo_font_size_tablet":0,"ocean_menu_typo_font_size_mobile":0,"ocean_menu_typo_font_size_unit":"px","ocean_menu_typo_font_weight":"","ocean_menu_typo_font_weight_tablet":"","ocean_menu_typo_font_weight_mobile":"","ocean_menu_typo_transform":"","ocean_menu_typo_transform_tablet":"","ocean_menu_typo_transform_mobile":"","ocean_menu_typo_line_height":0,"ocean_menu_typo_line_height_tablet":0,"ocean_menu_typo_line_height_mobile":0,"ocean_menu_typo_line_height_unit":"","ocean_menu_typo_spacing":0,"ocean_menu_typo_spacing_tablet":0,"ocean_menu_typo_spacing_mobile":0,"ocean_menu_typo_spacing_unit":"","ocean_menu_link_color":"","ocean_menu_link_color_hover":"","ocean_menu_link_color_active":"","ocean_menu_link_background":"","ocean_menu_link_hover_background":"","ocean_menu_link_active_background":"","ocean_menu_social_links_bg":"","ocean_menu_social_hover_links_bg":"","ocean_menu_social_links_color":"","ocean_menu_social_hover_links_color":"","ocean_disable_title":"default","ocean_disable_heading":"default","ocean_post_title":"","ocean_post_subheading":"","ocean_post_title_style":"","ocean_post_title_background_color":"","ocean_post_title_background":0,"ocean_post_title_bg_image_position":"","ocean_post_title_bg_image_attachment":"","ocean_post_title_bg_image_repeat":"","ocean_post_title_bg_image_size":"","ocean_post_title_height":0,"ocean_post_title_bg_overlay":0.5,"ocean_post_title_bg_overlay_color":"","ocean_disable_breadcrumbs":"default","ocean_breadcrumbs_color":"","ocean_breadcrumbs_separator_color":"","ocean_breadcrumbs_links_color":"","ocean_breadcrumbs_links_hover_color":"","ocean_display_footer_widgets":"default","ocean_display_footer_bottom":"default","ocean_custom_footer_template":"","ocean_post_oembed":"","ocean_post_self_hosted_media":"","ocean_post_video_embed":"","ocean_link_format":"","ocean_link_format_target":"self","ocean_quote_format":"","ocean_quote_format_link":"post","ocean_gallery_link_images":"on","ocean_gallery_id":[],"footnotes":""},"categories":[26],"tags":[],"class_list":["post-1875","post","type-post","status-publish","format-standard","hentry","category-noticias-pci","entry"],"yoast_head":"<!-- This site is optimized with the Yoast SEO plugin v27.1.1 - https:\/\/yoast.com\/product\/yoast-seo-wordpress\/ -->\n<title>Setor de Base Florestal Apoia Programa<\/title>\n<meta name=\"description\" content=\"O setor de base florestal apoia o Programa Carbono Neutro MT para neutralizar gases do efeito estufa at\u00e9 2035 em Mato Grosso.\" \/>\n<meta name=\"robots\" content=\"index, follow, max-snippet:-1, max-image-preview:large, max-video-preview:-1\" \/>\n<link rel=\"canonical\" href=\"https:\/\/pcimt.org\/en\/setor-de-base-florestal-apoia-plenamente-o-programa-carbono-neutro-mt-afirma-presidente-do-cipem\/\" \/>\n<meta property=\"og:locale\" content=\"en_US\" \/>\n<meta property=\"og:type\" content=\"article\" \/>\n<meta property=\"og:title\" content=\"Setor de Base Florestal Apoia Programa\" \/>\n<meta property=\"og:description\" content=\"O setor de base florestal apoia o Programa Carbono Neutro MT para neutralizar gases do efeito estufa at\u00e9 2035 em Mato Grosso.\" \/>\n<meta property=\"og:url\" content=\"https:\/\/pcimt.org\/en\/setor-de-base-florestal-apoia-plenamente-o-programa-carbono-neutro-mt-afirma-presidente-do-cipem\/\" \/>\n<meta property=\"og:site_name\" content=\"PCI\" \/>\n<meta property=\"article:published_time\" content=\"2021-11-04T22:16:01+00:00\" \/>\n<meta property=\"article:modified_time\" content=\"2025-03-14T15:43:42+00:00\" \/>\n<meta name=\"author\" content=\"Nvlo\" \/>\n<meta name=\"twitter:card\" content=\"summary_large_image\" \/>\n<meta name=\"twitter:label1\" content=\"Written by\" \/>\n\t<meta name=\"twitter:data1\" content=\"Nvlo\" \/>\n\t<meta name=\"twitter:label2\" content=\"Est. reading time\" \/>\n\t<meta name=\"twitter:data2\" content=\"3 minutes\" \/>\n<script type=\"application\/ld+json\" class=\"yoast-schema-graph\">{\"@context\":\"https:\/\/schema.org\",\"@graph\":[{\"@type\":\"Article\",\"@id\":\"https:\/\/pcimt.org\/setor-de-base-florestal-apoia-plenamente-o-programa-carbono-neutro-mt-afirma-presidente-do-cipem\/#article\",\"isPartOf\":{\"@id\":\"https:\/\/pcimt.org\/setor-de-base-florestal-apoia-plenamente-o-programa-carbono-neutro-mt-afirma-presidente-do-cipem\/\"},\"author\":{\"name\":\"Nvlo\",\"@id\":\"https:\/\/pcimt.org\/#\/schema\/person\/0157b9ecd4b40c936045ea21257e1ba2\"},\"headline\":\"&#8220;Setor de base florestal apoia plenamente o programa Carbono Neutro MT &#8220;, afirma presidente do Cipem\",\"datePublished\":\"2021-11-04T22:16:01+00:00\",\"dateModified\":\"2025-03-14T15:43:42+00:00\",\"mainEntityOfPage\":{\"@id\":\"https:\/\/pcimt.org\/setor-de-base-florestal-apoia-plenamente-o-programa-carbono-neutro-mt-afirma-presidente-do-cipem\/\"},\"wordCount\":529,\"articleSection\":[\"Noticias-PCI\"],\"inLanguage\":\"en-US\"},{\"@type\":\"WebPage\",\"@id\":\"https:\/\/pcimt.org\/setor-de-base-florestal-apoia-plenamente-o-programa-carbono-neutro-mt-afirma-presidente-do-cipem\/\",\"url\":\"https:\/\/pcimt.org\/setor-de-base-florestal-apoia-plenamente-o-programa-carbono-neutro-mt-afirma-presidente-do-cipem\/\",\"name\":\"Setor de Base Florestal Apoia Programa\",\"isPartOf\":{\"@id\":\"https:\/\/pcimt.org\/#website\"},\"datePublished\":\"2021-11-04T22:16:01+00:00\",\"dateModified\":\"2025-03-14T15:43:42+00:00\",\"author\":{\"@id\":\"https:\/\/pcimt.org\/#\/schema\/person\/0157b9ecd4b40c936045ea21257e1ba2\"},\"description\":\"O setor de base florestal apoia o Programa Carbono Neutro MT para neutralizar gases do efeito estufa at\u00e9 2035 em Mato Grosso.\",\"breadcrumb\":{\"@id\":\"https:\/\/pcimt.org\/setor-de-base-florestal-apoia-plenamente-o-programa-carbono-neutro-mt-afirma-presidente-do-cipem\/#breadcrumb\"},\"inLanguage\":\"en-US\",\"potentialAction\":[{\"@type\":\"ReadAction\",\"target\":[\"https:\/\/pcimt.org\/setor-de-base-florestal-apoia-plenamente-o-programa-carbono-neutro-mt-afirma-presidente-do-cipem\/\"]}]},{\"@type\":\"BreadcrumbList\",\"@id\":\"https:\/\/pcimt.org\/setor-de-base-florestal-apoia-plenamente-o-programa-carbono-neutro-mt-afirma-presidente-do-cipem\/#breadcrumb\",\"itemListElement\":[{\"@type\":\"ListItem\",\"position\":1,\"name\":\"In\u00edcio\",\"item\":\"https:\/\/pcimt.org\/\"},{\"@type\":\"ListItem\",\"position\":2,\"name\":\"&#8220;Setor de base florestal apoia plenamente o programa Carbono Neutro MT &#8220;, afirma presidente do Cipem\"}]},{\"@type\":\"WebSite\",\"@id\":\"https:\/\/pcimt.org\/#website\",\"url\":\"https:\/\/pcimt.org\/\",\"name\":\"PCI\",\"description\":\"Produzir, Conservar e Incluir\",\"potentialAction\":[{\"@type\":\"SearchAction\",\"target\":{\"@type\":\"EntryPoint\",\"urlTemplate\":\"https:\/\/pcimt.org\/?s={search_term_string}\"},\"query-input\":{\"@type\":\"PropertyValueSpecification\",\"valueRequired\":true,\"valueName\":\"search_term_string\"}}],\"inLanguage\":\"en-US\"},{\"@type\":\"Person\",\"@id\":\"https:\/\/pcimt.org\/#\/schema\/person\/0157b9ecd4b40c936045ea21257e1ba2\",\"name\":\"Nvlo\",\"url\":\"https:\/\/pcimt.org\/en\/author\/nvlo\/\"}]}<\/script>\n<!-- \/ Yoast SEO plugin. -->","yoast_head_json":{"title":"Setor de Base Florestal Apoia Programa","description":"O setor de base florestal apoia o Programa Carbono Neutro MT para neutralizar gases do efeito estufa at\u00e9 2035 em Mato Grosso.","robots":{"index":"index","follow":"follow","max-snippet":"max-snippet:-1","max-image-preview":"max-image-preview:large","max-video-preview":"max-video-preview:-1"},"canonical":"https:\/\/pcimt.org\/en\/setor-de-base-florestal-apoia-plenamente-o-programa-carbono-neutro-mt-afirma-presidente-do-cipem\/","og_locale":"en_US","og_type":"article","og_title":"Setor de Base Florestal Apoia Programa","og_description":"O setor de base florestal apoia o Programa Carbono Neutro MT para neutralizar gases do efeito estufa at\u00e9 2035 em Mato Grosso.","og_url":"https:\/\/pcimt.org\/en\/setor-de-base-florestal-apoia-plenamente-o-programa-carbono-neutro-mt-afirma-presidente-do-cipem\/","og_site_name":"PCI","article_published_time":"2021-11-04T22:16:01+00:00","article_modified_time":"2025-03-14T15:43:42+00:00","author":"Nvlo","twitter_card":"summary_large_image","twitter_misc":{"Written by":"Nvlo","Est. reading time":"3 minutes"},"schema":{"@context":"https:\/\/schema.org","@graph":[{"@type":"Article","@id":"https:\/\/pcimt.org\/setor-de-base-florestal-apoia-plenamente-o-programa-carbono-neutro-mt-afirma-presidente-do-cipem\/#article","isPartOf":{"@id":"https:\/\/pcimt.org\/setor-de-base-florestal-apoia-plenamente-o-programa-carbono-neutro-mt-afirma-presidente-do-cipem\/"},"author":{"name":"Nvlo","@id":"https:\/\/pcimt.org\/#\/schema\/person\/0157b9ecd4b40c936045ea21257e1ba2"},"headline":"&#8220;Setor de base florestal apoia plenamente o programa Carbono Neutro MT &#8220;, afirma presidente do Cipem","datePublished":"2021-11-04T22:16:01+00:00","dateModified":"2025-03-14T15:43:42+00:00","mainEntityOfPage":{"@id":"https:\/\/pcimt.org\/setor-de-base-florestal-apoia-plenamente-o-programa-carbono-neutro-mt-afirma-presidente-do-cipem\/"},"wordCount":529,"articleSection":["Noticias-PCI"],"inLanguage":"en-US"},{"@type":"WebPage","@id":"https:\/\/pcimt.org\/setor-de-base-florestal-apoia-plenamente-o-programa-carbono-neutro-mt-afirma-presidente-do-cipem\/","url":"https:\/\/pcimt.org\/setor-de-base-florestal-apoia-plenamente-o-programa-carbono-neutro-mt-afirma-presidente-do-cipem\/","name":"Setor de Base Florestal Apoia Programa","isPartOf":{"@id":"https:\/\/pcimt.org\/#website"},"datePublished":"2021-11-04T22:16:01+00:00","dateModified":"2025-03-14T15:43:42+00:00","author":{"@id":"https:\/\/pcimt.org\/#\/schema\/person\/0157b9ecd4b40c936045ea21257e1ba2"},"description":"O setor de base florestal apoia o Programa Carbono Neutro MT para neutralizar gases do efeito estufa at\u00e9 2035 em Mato Grosso.","breadcrumb":{"@id":"https:\/\/pcimt.org\/setor-de-base-florestal-apoia-plenamente-o-programa-carbono-neutro-mt-afirma-presidente-do-cipem\/#breadcrumb"},"inLanguage":"en-US","potentialAction":[{"@type":"ReadAction","target":["https:\/\/pcimt.org\/setor-de-base-florestal-apoia-plenamente-o-programa-carbono-neutro-mt-afirma-presidente-do-cipem\/"]}]},{"@type":"BreadcrumbList","@id":"https:\/\/pcimt.org\/setor-de-base-florestal-apoia-plenamente-o-programa-carbono-neutro-mt-afirma-presidente-do-cipem\/#breadcrumb","itemListElement":[{"@type":"ListItem","position":1,"name":"In\u00edcio","item":"https:\/\/pcimt.org\/"},{"@type":"ListItem","position":2,"name":"&#8220;Setor de base florestal apoia plenamente o programa Carbono Neutro MT &#8220;, afirma presidente do Cipem"}]},{"@type":"WebSite","@id":"https:\/\/pcimt.org\/#website","url":"https:\/\/pcimt.org\/","name":"The PCI","description":"Produce, Conserve and Include","potentialAction":[{"@type":"SearchAction","target":{"@type":"EntryPoint","urlTemplate":"https:\/\/pcimt.org\/?s={search_term_string}"},"query-input":{"@type":"PropertyValueSpecification","valueRequired":true,"valueName":"search_term_string"}}],"inLanguage":"en-US"},{"@type":"Person","@id":"https:\/\/pcimt.org\/#\/schema\/person\/0157b9ecd4b40c936045ea21257e1ba2","name":"Nvlo","url":"https:\/\/pcimt.org\/en\/author\/nvlo\/"}]}},"_links":{"self":[{"href":"https:\/\/pcimt.org\/en\/wp-json\/wp\/v2\/posts\/1875","targetHints":{"allow":["GET"]}}],"collection":[{"href":"https:\/\/pcimt.org\/en\/wp-json\/wp\/v2\/posts"}],"about":[{"href":"https:\/\/pcimt.org\/en\/wp-json\/wp\/v2\/types\/post"}],"author":[{"embeddable":true,"href":"https:\/\/pcimt.org\/en\/wp-json\/wp\/v2\/users\/2"}],"replies":[{"embeddable":true,"href":"https:\/\/pcimt.org\/en\/wp-json\/wp\/v2\/comments?post=1875"}],"version-history":[{"count":2,"href":"https:\/\/pcimt.org\/en\/wp-json\/wp\/v2\/posts\/1875\/revisions"}],"predecessor-version":[{"id":3172,"href":"https:\/\/pcimt.org\/en\/wp-json\/wp\/v2\/posts\/1875\/revisions\/3172"}],"wp:attachment":[{"href":"https:\/\/pcimt.org\/en\/wp-json\/wp\/v2\/media?parent=1875"}],"wp:term":[{"taxonomy":"category","embeddable":true,"href":"https:\/\/pcimt.org\/en\/wp-json\/wp\/v2\/categories?post=1875"},{"taxonomy":"post_tag","embeddable":true,"href":"https:\/\/pcimt.org\/en\/wp-json\/wp\/v2\/tags?post=1875"}],"curies":[{"name":"wp","href":"https:\/\/api.w.org\/{rel}","templated":true}]}}