{"id":1873,"date":"2021-10-28T19:16:01","date_gmt":"2021-10-28T22:16:01","guid":{"rendered":"https:\/\/pcimt.org\/falta-verba-em-mt-para-novas-metas-sustentaveis\/"},"modified":"2025-03-14T12:43:53","modified_gmt":"2025-03-14T15:43:53","slug":"falta-verba-em-mt-para-novas-metas-sustentaveis","status":"publish","type":"post","link":"https:\/\/pcimt.org\/en\/falta-verba-em-mt-para-novas-metas-sustentaveis\/","title":{"rendered":"Falta verba em MT para novas metas sustent\u00e1veis"},"content":{"rendered":"<p>Alcan\u00e7ar as metas sustent\u00e1veis propostas pelo governo de Mato Grosso, na Estrat\u00e9gia Produzir, Conservar e Incluir (PCI) custar\u00e1 R$ 205 bilh\u00f5es at\u00e9 2030,segundo estudo do Instituto PCI realizado em parceria com o Instituto Internacional para Sustentabilidade (IIS). Por\u00e9m, a administra\u00e7\u00e3o estadual n\u00e3o tem 75% desses recursos em caixa ou programados. Apenas R$ 54,6 bilh\u00f5es est\u00e3o cobertos por projetos em execu\u00e7\u00e3o neste momento, pelo cr\u00e9dito rural a ser disponibilizado nos pr\u00f3ximos anos e pelo or\u00e7amento do Executivo mato-grossense.<\/p>\n<p>Diante da \u201clacuna\u201d, o estudo defende uma mobiliza\u00e7\u00e3o dos setores p\u00fablico e privado, incluindo a sociedade civil, para levantar recursos para investimento. O documento elenca oito alternativas de fonte de financiamento, entre elas doa\u00e7\u00f5es, t\u00edtulos verdes e fundos de investimento ou lastreados em carbono. De acordo com a pesquisa, instrumentos econ\u00f4micos que n\u00e3o onerem os cofres p\u00fablicos tendem ater mais \u00eaxito.<\/p>\n<p>Pouco mais de R$ 120 bilh\u00f5es que faltam ser levantados devem ser destinados a melhorias e adequa\u00e7\u00f5es dentro das propriedades rurais, como recupera\u00e7\u00e3o de pastagens degradadas, plantio de florestas, aumento de produtividade e recomposi\u00e7\u00e3o de reservas legais e \u00c1reas de Prote\u00e7\u00e3o Permanente (APPs).<\/p>\n<p>Outros R$ 30,1 bilh\u00f5es ser\u00e3o aplicados na regulariza\u00e7\u00e3o fundi\u00e1ria, controle de desmatamento, Assist\u00eancia T\u00e9cnica e Extens\u00e3o Rural (Ater), Cadastro Ambiental Rural (CAR), e gest\u00e3o de Unidades de Conserva\u00e7\u00e3o e Terras Ind\u00edgenas.<\/p>\n<p>As metas do governo, no \u00e2mbito da PCI, s\u00e3o audaciosas: ampliar o plantio de gr\u00e3os em \u00e1reas de pastos degradados de 9,5 para 12 milh\u00f5es de hectares, recuperando2,5 milh\u00f5es de hectares que apresentam baixa produtividade, al\u00e9m de aumentar a \u00e1rea sob manejo florestal sustent\u00e1vel para 6 milh\u00f5es de hectares, entre outros pontos.<\/p>\n<p>O Estado tamb\u00e9m projeta reduzir o desmatamento da Amaz\u00f4nia e do Cerrado, em90% e 95%, respectivamente, e incentivar a manuten\u00e7\u00e3o de 1 milh\u00e3o de hectares que poderiam ser desmatados legalmente, como previsto no C\u00f3digo Florestal.<\/p>\n<p>Publicado pelo Valor em 28.Outubro.2021 em:\u00a0<a href=\"https:\/\/valor.globo.com\/agronegocios\/noticia\/2021\/10\/28\/falta-verba-em-mt-para-novas-metas-sustentaveis.ghtml\">https:\/\/valor.globo.com\/agronegocios\/noticia\/2021\/10\/28\/falta-verba-em-mt-para-novas-metas-sustentaveis.ghtml<\/a><\/p>","protected":false},"excerpt":{"rendered":"<p>Alcan\u00e7ar as metas sustent\u00e1veis propostas pelo governo de Mato Grosso, na Estrat\u00e9gia Produzir, Conservar e Incluir (PCI) custar\u00e1 R$ 205 bilh\u00f5es at\u00e9 2030,segundo estudo do Instituto PCI realizado em parceria com o Instituto Internacional para Sustentabilidade (IIS). Por\u00e9m, a administra\u00e7\u00e3o estadual n\u00e3o tem 75% desses recursos em caixa ou programados. Apenas R$ 54,6 bilh\u00f5es est\u00e3o [&hellip;]<\/p>\n","protected":false},"author":2,"featured_media":0,"comment_status":"closed","ping_status":"closed","sticky":false,"template":"","format":"standard","meta":{"ocean_post_layout":"","ocean_both_sidebars_style":"","ocean_both_sidebars_content_width":0,"ocean_both_sidebars_sidebars_width":0,"ocean_sidebar":"","ocean_second_sidebar":"","ocean_disable_margins":"enable","ocean_add_body_class":"","ocean_shortcode_before_top_bar":"","ocean_shortcode_after_top_bar":"","ocean_shortcode_before_header":"","ocean_shortcode_after_header":"","ocean_has_shortcode":"","ocean_shortcode_after_title":"","ocean_shortcode_before_footer_widgets":"","ocean_shortcode_after_footer_widgets":"","ocean_shortcode_before_footer_bottom":"","ocean_shortcode_after_footer_bottom":"","ocean_display_top_bar":"default","ocean_display_header":"default","ocean_header_style":"","ocean_center_header_left_menu":"","ocean_custom_header_template":"","ocean_custom_logo":0,"ocean_custom_retina_logo":0,"ocean_custom_logo_max_width":0,"ocean_custom_logo_tablet_max_width":0,"ocean_custom_logo_mobile_max_width":0,"ocean_custom_logo_max_height":0,"ocean_custom_logo_tablet_max_height":0,"ocean_custom_logo_mobile_max_height":0,"ocean_header_custom_menu":"","ocean_menu_typo_font_family":"","ocean_menu_typo_font_subset":"","ocean_menu_typo_font_size":0,"ocean_menu_typo_font_size_tablet":0,"ocean_menu_typo_font_size_mobile":0,"ocean_menu_typo_font_size_unit":"px","ocean_menu_typo_font_weight":"","ocean_menu_typo_font_weight_tablet":"","ocean_menu_typo_font_weight_mobile":"","ocean_menu_typo_transform":"","ocean_menu_typo_transform_tablet":"","ocean_menu_typo_transform_mobile":"","ocean_menu_typo_line_height":0,"ocean_menu_typo_line_height_tablet":0,"ocean_menu_typo_line_height_mobile":0,"ocean_menu_typo_line_height_unit":"","ocean_menu_typo_spacing":0,"ocean_menu_typo_spacing_tablet":0,"ocean_menu_typo_spacing_mobile":0,"ocean_menu_typo_spacing_unit":"","ocean_menu_link_color":"","ocean_menu_link_color_hover":"","ocean_menu_link_color_active":"","ocean_menu_link_background":"","ocean_menu_link_hover_background":"","ocean_menu_link_active_background":"","ocean_menu_social_links_bg":"","ocean_menu_social_hover_links_bg":"","ocean_menu_social_links_color":"","ocean_menu_social_hover_links_color":"","ocean_disable_title":"default","ocean_disable_heading":"default","ocean_post_title":"","ocean_post_subheading":"","ocean_post_title_style":"","ocean_post_title_background_color":"","ocean_post_title_background":0,"ocean_post_title_bg_image_position":"","ocean_post_title_bg_image_attachment":"","ocean_post_title_bg_image_repeat":"","ocean_post_title_bg_image_size":"","ocean_post_title_height":0,"ocean_post_title_bg_overlay":0.5,"ocean_post_title_bg_overlay_color":"","ocean_disable_breadcrumbs":"default","ocean_breadcrumbs_color":"","ocean_breadcrumbs_separator_color":"","ocean_breadcrumbs_links_color":"","ocean_breadcrumbs_links_hover_color":"","ocean_display_footer_widgets":"default","ocean_display_footer_bottom":"default","ocean_custom_footer_template":"","ocean_post_oembed":"","ocean_post_self_hosted_media":"","ocean_post_video_embed":"","ocean_link_format":"","ocean_link_format_target":"self","ocean_quote_format":"","ocean_quote_format_link":"post","ocean_gallery_link_images":"on","ocean_gallery_id":[],"footnotes":""},"categories":[26],"tags":[],"class_list":["post-1873","post","type-post","status-publish","format-standard","hentry","category-noticias-pci","entry"],"yoast_head":"<!-- This site is optimized with the Yoast SEO plugin v27.1.1 - https:\/\/yoast.com\/product\/yoast-seo-wordpress\/ -->\n<title>Metas sustent\u00e1veis: desafios e financiamento em MT<\/title>\n<meta name=\"description\" content=\"Alcan\u00e7ar as metas sustent\u00e1veis em MT requer mobiliza\u00e7\u00e3o para cobrir a lacuna de R$ 120 bilh\u00f5es em investimentos at\u00e9 2030.\" \/>\n<meta name=\"robots\" content=\"index, follow, max-snippet:-1, max-image-preview:large, max-video-preview:-1\" \/>\n<link rel=\"canonical\" href=\"https:\/\/pcimt.org\/en\/falta-verba-em-mt-para-novas-metas-sustentaveis\/\" \/>\n<meta property=\"og:locale\" content=\"en_US\" \/>\n<meta property=\"og:type\" content=\"article\" \/>\n<meta property=\"og:title\" content=\"Metas sustent\u00e1veis: desafios e financiamento em MT\" \/>\n<meta property=\"og:description\" content=\"Alcan\u00e7ar as metas sustent\u00e1veis em MT requer mobiliza\u00e7\u00e3o para cobrir a lacuna de R$ 120 bilh\u00f5es em investimentos at\u00e9 2030.\" \/>\n<meta property=\"og:url\" content=\"https:\/\/pcimt.org\/en\/falta-verba-em-mt-para-novas-metas-sustentaveis\/\" \/>\n<meta property=\"og:site_name\" content=\"PCI\" \/>\n<meta property=\"article:published_time\" content=\"2021-10-28T22:16:01+00:00\" \/>\n<meta property=\"article:modified_time\" content=\"2025-03-14T15:43:53+00:00\" \/>\n<meta name=\"author\" content=\"Nvlo\" \/>\n<meta name=\"twitter:card\" content=\"summary_large_image\" \/>\n<meta name=\"twitter:label1\" content=\"Written by\" \/>\n\t<meta name=\"twitter:data1\" content=\"Nvlo\" \/>\n\t<meta name=\"twitter:label2\" content=\"Est. reading time\" \/>\n\t<meta name=\"twitter:data2\" content=\"2 minutes\" \/>\n<script type=\"application\/ld+json\" class=\"yoast-schema-graph\">{\"@context\":\"https:\/\/schema.org\",\"@graph\":[{\"@type\":\"Article\",\"@id\":\"https:\/\/pcimt.org\/en\/falta-verba-em-mt-para-novas-metas-sustentaveis\/#article\",\"isPartOf\":{\"@id\":\"https:\/\/pcimt.org\/en\/falta-verba-em-mt-para-novas-metas-sustentaveis\/\"},\"author\":{\"name\":\"Nvlo\",\"@id\":\"https:\/\/pcimt.org\/#\/schema\/person\/0157b9ecd4b40c936045ea21257e1ba2\"},\"headline\":\"Falta verba em MT para novas metas sustent\u00e1veis\",\"datePublished\":\"2021-10-28T22:16:01+00:00\",\"dateModified\":\"2025-03-14T15:43:53+00:00\",\"mainEntityOfPage\":{\"@id\":\"https:\/\/pcimt.org\/en\/falta-verba-em-mt-para-novas-metas-sustentaveis\/\"},\"wordCount\":359,\"articleSection\":[\"Noticias-PCI\"],\"inLanguage\":\"en-US\"},{\"@type\":\"WebPage\",\"@id\":\"https:\/\/pcimt.org\/en\/falta-verba-em-mt-para-novas-metas-sustentaveis\/\",\"url\":\"https:\/\/pcimt.org\/en\/falta-verba-em-mt-para-novas-metas-sustentaveis\/\",\"name\":\"Metas sustent\u00e1veis: desafios e financiamento em MT\",\"isPartOf\":{\"@id\":\"https:\/\/pcimt.org\/#website\"},\"datePublished\":\"2021-10-28T22:16:01+00:00\",\"dateModified\":\"2025-03-14T15:43:53+00:00\",\"author\":{\"@id\":\"https:\/\/pcimt.org\/#\/schema\/person\/0157b9ecd4b40c936045ea21257e1ba2\"},\"description\":\"Alcan\u00e7ar as metas sustent\u00e1veis em MT requer mobiliza\u00e7\u00e3o para cobrir a lacuna de R$ 120 bilh\u00f5es em investimentos at\u00e9 2030.\",\"breadcrumb\":{\"@id\":\"https:\/\/pcimt.org\/en\/falta-verba-em-mt-para-novas-metas-sustentaveis\/#breadcrumb\"},\"inLanguage\":\"en-US\",\"potentialAction\":[{\"@type\":\"ReadAction\",\"target\":[\"https:\/\/pcimt.org\/en\/falta-verba-em-mt-para-novas-metas-sustentaveis\/\"]}]},{\"@type\":\"BreadcrumbList\",\"@id\":\"https:\/\/pcimt.org\/en\/falta-verba-em-mt-para-novas-metas-sustentaveis\/#breadcrumb\",\"itemListElement\":[{\"@type\":\"ListItem\",\"position\":1,\"name\":\"In\u00edcio\",\"item\":\"https:\/\/pcimt.org\/\"},{\"@type\":\"ListItem\",\"position\":2,\"name\":\"Falta verba em MT para novas metas sustent\u00e1veis\"}]},{\"@type\":\"WebSite\",\"@id\":\"https:\/\/pcimt.org\/#website\",\"url\":\"https:\/\/pcimt.org\/\",\"name\":\"PCI\",\"description\":\"Produzir, Conservar e Incluir\",\"potentialAction\":[{\"@type\":\"SearchAction\",\"target\":{\"@type\":\"EntryPoint\",\"urlTemplate\":\"https:\/\/pcimt.org\/?s={search_term_string}\"},\"query-input\":{\"@type\":\"PropertyValueSpecification\",\"valueRequired\":true,\"valueName\":\"search_term_string\"}}],\"inLanguage\":\"en-US\"},{\"@type\":\"Person\",\"@id\":\"https:\/\/pcimt.org\/#\/schema\/person\/0157b9ecd4b40c936045ea21257e1ba2\",\"name\":\"Nvlo\",\"url\":\"https:\/\/pcimt.org\/en\/author\/nvlo\/\"}]}<\/script>\n<!-- \/ Yoast SEO plugin. -->","yoast_head_json":{"title":"Metas sustent\u00e1veis: desafios e financiamento em MT","description":"Alcan\u00e7ar as metas sustent\u00e1veis em MT requer mobiliza\u00e7\u00e3o para cobrir a lacuna de R$ 120 bilh\u00f5es em investimentos at\u00e9 2030.","robots":{"index":"index","follow":"follow","max-snippet":"max-snippet:-1","max-image-preview":"max-image-preview:large","max-video-preview":"max-video-preview:-1"},"canonical":"https:\/\/pcimt.org\/en\/falta-verba-em-mt-para-novas-metas-sustentaveis\/","og_locale":"en_US","og_type":"article","og_title":"Metas sustent\u00e1veis: desafios e financiamento em MT","og_description":"Alcan\u00e7ar as metas sustent\u00e1veis em MT requer mobiliza\u00e7\u00e3o para cobrir a lacuna de R$ 120 bilh\u00f5es em investimentos at\u00e9 2030.","og_url":"https:\/\/pcimt.org\/en\/falta-verba-em-mt-para-novas-metas-sustentaveis\/","og_site_name":"PCI","article_published_time":"2021-10-28T22:16:01+00:00","article_modified_time":"2025-03-14T15:43:53+00:00","author":"Nvlo","twitter_card":"summary_large_image","twitter_misc":{"Written by":"Nvlo","Est. reading time":"2 minutes"},"schema":{"@context":"https:\/\/schema.org","@graph":[{"@type":"Article","@id":"https:\/\/pcimt.org\/en\/falta-verba-em-mt-para-novas-metas-sustentaveis\/#article","isPartOf":{"@id":"https:\/\/pcimt.org\/en\/falta-verba-em-mt-para-novas-metas-sustentaveis\/"},"author":{"name":"Nvlo","@id":"https:\/\/pcimt.org\/#\/schema\/person\/0157b9ecd4b40c936045ea21257e1ba2"},"headline":"Falta verba em MT para novas metas sustent\u00e1veis","datePublished":"2021-10-28T22:16:01+00:00","dateModified":"2025-03-14T15:43:53+00:00","mainEntityOfPage":{"@id":"https:\/\/pcimt.org\/en\/falta-verba-em-mt-para-novas-metas-sustentaveis\/"},"wordCount":359,"articleSection":["Noticias-PCI"],"inLanguage":"en-US"},{"@type":"WebPage","@id":"https:\/\/pcimt.org\/en\/falta-verba-em-mt-para-novas-metas-sustentaveis\/","url":"https:\/\/pcimt.org\/en\/falta-verba-em-mt-para-novas-metas-sustentaveis\/","name":"Metas sustent\u00e1veis: desafios e financiamento em MT","isPartOf":{"@id":"https:\/\/pcimt.org\/#website"},"datePublished":"2021-10-28T22:16:01+00:00","dateModified":"2025-03-14T15:43:53+00:00","author":{"@id":"https:\/\/pcimt.org\/#\/schema\/person\/0157b9ecd4b40c936045ea21257e1ba2"},"description":"Alcan\u00e7ar as metas sustent\u00e1veis em MT requer mobiliza\u00e7\u00e3o para cobrir a lacuna de R$ 120 bilh\u00f5es em investimentos at\u00e9 2030.","breadcrumb":{"@id":"https:\/\/pcimt.org\/en\/falta-verba-em-mt-para-novas-metas-sustentaveis\/#breadcrumb"},"inLanguage":"en-US","potentialAction":[{"@type":"ReadAction","target":["https:\/\/pcimt.org\/en\/falta-verba-em-mt-para-novas-metas-sustentaveis\/"]}]},{"@type":"BreadcrumbList","@id":"https:\/\/pcimt.org\/en\/falta-verba-em-mt-para-novas-metas-sustentaveis\/#breadcrumb","itemListElement":[{"@type":"ListItem","position":1,"name":"In\u00edcio","item":"https:\/\/pcimt.org\/"},{"@type":"ListItem","position":2,"name":"Falta verba em MT para novas metas sustent\u00e1veis"}]},{"@type":"WebSite","@id":"https:\/\/pcimt.org\/#website","url":"https:\/\/pcimt.org\/","name":"The PCI","description":"Produce, Conserve and Include","potentialAction":[{"@type":"SearchAction","target":{"@type":"EntryPoint","urlTemplate":"https:\/\/pcimt.org\/?s={search_term_string}"},"query-input":{"@type":"PropertyValueSpecification","valueRequired":true,"valueName":"search_term_string"}}],"inLanguage":"en-US"},{"@type":"Person","@id":"https:\/\/pcimt.org\/#\/schema\/person\/0157b9ecd4b40c936045ea21257e1ba2","name":"Nvlo","url":"https:\/\/pcimt.org\/en\/author\/nvlo\/"}]}},"_links":{"self":[{"href":"https:\/\/pcimt.org\/en\/wp-json\/wp\/v2\/posts\/1873","targetHints":{"allow":["GET"]}}],"collection":[{"href":"https:\/\/pcimt.org\/en\/wp-json\/wp\/v2\/posts"}],"about":[{"href":"https:\/\/pcimt.org\/en\/wp-json\/wp\/v2\/types\/post"}],"author":[{"embeddable":true,"href":"https:\/\/pcimt.org\/en\/wp-json\/wp\/v2\/users\/2"}],"replies":[{"embeddable":true,"href":"https:\/\/pcimt.org\/en\/wp-json\/wp\/v2\/comments?post=1873"}],"version-history":[{"count":2,"href":"https:\/\/pcimt.org\/en\/wp-json\/wp\/v2\/posts\/1873\/revisions"}],"predecessor-version":[{"id":3116,"href":"https:\/\/pcimt.org\/en\/wp-json\/wp\/v2\/posts\/1873\/revisions\/3116"}],"wp:attachment":[{"href":"https:\/\/pcimt.org\/en\/wp-json\/wp\/v2\/media?parent=1873"}],"wp:term":[{"taxonomy":"category","embeddable":true,"href":"https:\/\/pcimt.org\/en\/wp-json\/wp\/v2\/categories?post=1873"},{"taxonomy":"post_tag","embeddable":true,"href":"https:\/\/pcimt.org\/en\/wp-json\/wp\/v2\/tags?post=1873"}],"curies":[{"name":"wp","href":"https:\/\/api.w.org\/{rel}","templated":true}]}}