{"id":1872,"date":"2021-10-26T19:16:01","date_gmt":"2021-10-26T22:16:01","guid":{"rendered":"https:\/\/pcimt.org\/mato-grosso-apresenta-plano-de-neutralizacao-de-emissoes-de-carbono-ate-2035\/"},"modified":"2025-03-14T12:44:03","modified_gmt":"2025-03-14T15:44:03","slug":"mato-grosso-apresenta-plano-de-neutralizacao-de-emissoes-de-carbono-ate-2035","status":"publish","type":"post","link":"https:\/\/pcimt.org\/en\/mato-grosso-apresenta-plano-de-neutralizacao-de-emissoes-de-carbono-ate-2035\/","title":{"rendered":"Mato Grosso apresenta plano de neutraliza\u00e7\u00e3o de emiss\u00f5es de carbono at\u00e9 2035"},"content":{"rendered":"<div class=\"direct-image direct-image-horz\">\n<div class=\"image-box\">O plano foi criado para alcan\u00e7ar a meta de neutraliza\u00e7\u00e3o de emiss\u00f5es de carbono at\u00e9 2035 em Mato Grosso, o governador Mauro Mendes assinou nesta segunda-feira (25.10) o decreto\u00a0 1.160\/2021, que institui o Programa <a href=\"https:\/\/pcimt.org\/en\/setor-de-base-florestal-apoia-plenamente-o-programa-carbono-neutro-mt-afirma-presidente-do-cipem\/\">Carbono Neutro MT<\/a>. O objetivo \u00e9 fortalecer a\u00e7\u00f5es que contribuem para o desenvolvimento sustent\u00e1vel, gerando o equil\u00edbrio entre as emiss\u00f5es e remo\u00e7\u00f5es de gases do efeito estufa.<\/div>\n<\/div>\n<p>O Estado aderiu \u00e0 campanha &#8220;Race to Zero&#8221; (Corrida para o Zero), das Na\u00e7\u00f5es Unidas, e se antecipa \u00e0 meta da campanha mundial, que prop\u00f5e neutralizar as emiss\u00f5es de gases de efeito estufa at\u00e9 2050. A meta intermedi\u00e1ria do programa \u00e9 alcan\u00e7ar at\u00e9 2030 a redu\u00e7\u00e3o de 80% das emiss\u00f5es.<\/p>\n<p>&#8220;\u00c9 poss\u00edvel que Mato Grosso alcance a meta n\u00e3o por aquilo que n\u00f3s vamos fazer, mas pelo que j\u00e1 estamos fazendo. Essa \u00e9 a grande diferen\u00e7a. N\u00e3o vamos come\u00e7ar agora a estruturar a\u00e7\u00f5es para a descarboniza\u00e7\u00e3o da economia. J\u00e1 existem a\u00e7\u00f5es que apresentamos, uma estrat\u00e9gia com 12 eixos, e a maioria deles j\u00e1 est\u00e3o sendo trabalhados dentro de Mato Grosso&#8221;, conta o governador Mauro Mendes sobre a pol\u00edtica ambiental do Estado.<\/p>\n<p>O governador destaca ainda que um dos diferenciais para que Mato Grosso alcance a meta \u00e9 termos 62% do territ\u00f3rio preservado, o setor produtivo estar comprometido com as causas ambientais, o empenho e investimentos no combate ao desmatamento ilegal e inc\u00eandios florestais, e ainda, o trabalho da estrat\u00e9gia Produzir, Conservar e Incluir (PCI), que fomenta o desenvolvimento social e econ\u00f4mico atrav\u00e9s do uso sustent\u00e1vel da terra.<\/p>\n<p>O procurador da Rep\u00fablica do Minist\u00e9rio P\u00fablico Federal, Erich Raphael Masson, parabenizou o Governo pela meta volunt\u00e1ria e afirmou que a cria\u00e7\u00e3o do selo Carbono Neutro MT atende \u00e0 necessidade das empresas que necessitam de certifica\u00e7\u00e3o.<\/p>\n<p>&#8220;Esse tipo de programa com o selo verde \u00e9 muito importante para garantir \u00e0s empresas que executam de fato alguma atividade para zerar a emiss\u00e3o de carbono, quem est\u00e1 correto, e a pr\u00f3pria cadeia poder selecionar os melhores produtores. A cadeia vai ter a informa\u00e7\u00e3o de quem s\u00e3o os produtores que respeitam e os que n\u00e3o respeitam o meio ambiente&#8221;, avalia.<\/p>\n<p><img decoding=\"async\" class=\"img-responsive\" src=\"http:\/\/www.mt.gov.br\/documents\/21013\/17973667\/9A1A0546.jpg\" alt=\"\" \/><\/p>\n<p>O presidente da Federa\u00e7\u00e3o das Ind\u00fastrias, Gustavo Oliveira, destaca a import\u00e2ncia da iniciativa para Mato Grosso. &#8220;A Ind\u00fastrias n\u00e3o s\u00f3 apoiam a iniciativa, mas entendem que temos uma voca\u00e7\u00e3o natural pra ser uma ind\u00fastria verde. Muitos setores, como a gera\u00e7\u00e3o de energia el\u00e9trica, e a de biocombust\u00edveis, com o manejo sustent\u00e1vel, j\u00e1 oferecem solu\u00e7\u00f5es para descarboniza\u00e7\u00e3o. Vamos ter que ampliar a escala e deixar claro para o mundo que as nossas alternativas s\u00e3o muito boas&#8221;, explica.<\/p>\n<p><strong>12 a\u00e7\u00f5es para neutraliza\u00e7\u00e3o do carbono<\/strong><\/p>\n<p>As medidas elencadas no plano como importantes para a neutraliza\u00e7\u00e3o de emiss\u00f5es de carbono de MT s\u00e3o:\u00a0 a manuten\u00e7\u00e3o do ativo florestal do estado, manejo florestal sustent\u00e1vel, regulariza\u00e7\u00e3o fundi\u00e1ria, melhorias na gest\u00e3o de \u00e1reas protegidas, reflorestamentos comerciais, restaura\u00e7\u00e3o de florestas, redu\u00e7\u00e3o do risco de inc\u00eandios, manejo sustent\u00e1vel para a produ\u00e7\u00e3o agropecu\u00e1ria, prote\u00e7\u00e3o de vegeta\u00e7\u00e3o secund\u00e1ria em \u00e1reas de desmatamento legal, recupera\u00e7\u00e3o de pastagens, integra\u00e7\u00e3o lavoura-pecu\u00e1ria-floresta, e produ\u00e7\u00e3o e consumo de biocombust\u00edveis.<\/p>\n<p>As a\u00e7\u00f5es ser\u00e3o ajustadas e revisadas constantemente para adequa\u00e7\u00e3o \u00e0s inova\u00e7\u00f5es tecnol\u00f3gicas e mudan\u00e7as de conjuntura pol\u00edtico-sociais. O decreto tamb\u00e9m institui o Comit\u00ea Gestor do Programa para monitorar os resultados.<\/p>\n<p><strong>Selo Carbono Neutro MT<\/strong><\/p>\n<p>Para alcan\u00e7ar sucesso na iniciativa, o Poder P\u00fablico conta com apoio de entidades e setor privado e pessoas f\u00edsicas \u00e0 campanha, por meio de quatro categorias de selos de compromisso: podem ser financiadores, apoiadores, carbono 0% e compromiss\u00e1rios.<\/p>\n<p>No lan\u00e7amento, aderiram ao programa como apoiadores, que far\u00e3o campanhas para disseminar as metas e os resultados, a Federa\u00e7\u00e3o das Ind\u00fastrias de Mato Grosso (FIEMT), a Federa\u00e7\u00e3o da Agricultura e Pecu\u00e1ria do Estado de Mato Grosso (Famato), Centro das Ind\u00fastrias Produtoras e Exportadoras de Madeira do Estado de Mato Grosso (Cipem), Associa\u00e7\u00e3o dos Produtores de Soja\u00a0 (Aprosoja-MT),\u00a0 Associa\u00e7\u00e3o Matogrossense dos Produtores de Algod\u00e3o (AMPA), Instituto Mato-Grossense da Carne (Imac), Uni\u00e3o Nacional do Etanol de Milho (UNEM),\u00a0 e A\u00e7\u00e3o Verde.<\/p>\n<p><img decoding=\"async\" class=\"img-responsive\" src=\"http:\/\/www.mt.gov.br\/documents\/21013\/17973667\/9A1A0681.jpg\" alt=\"\" \/>Mato Grosso \u00e9 o primeiro estado a criar uma certifica\u00e7\u00e3o por meio de concess\u00e3o de selos a compromiss\u00e1rios. &#8220;A ades\u00e3o ao selo Carbono Neutro MT \u00e9 importante para as institui\u00e7\u00f5es e empresas diante de um mercado, e consumidores, que t\u00eam cobrado cada vez mais que a cadeia produtiva esteja atrelada a compromissos de sustentabilidade&#8221;, explica a secret\u00e1ria de Estado de Meio Ambiente, Mauren Lazzaretti.<\/p>\n<p>Para receber o selo de financiador, a entidade deve destinar recursos financeiros \u00e0s a\u00e7\u00f5es voltadas ao atingimento da meta de neutraliza\u00e7\u00e3o de emiss\u00f5es em MT. O selo de apoiador ser\u00e1 destinado aos que realizam campanhas de apoio ao Programa.<\/p>\n<p>O selo de compromiss\u00e1rio ser\u00e1 concedido \u00e0s pessoas f\u00edsicas ou jur\u00eddicas que assumirem o compromisso volunt\u00e1rio de atingir a neutraliza\u00e7\u00e3o de emiss\u00f5es at\u00e9 2035, com meta intermedi\u00e1ria de redu\u00e7\u00e3o de 80% das emiss\u00f5es at\u00e9 2030.<\/p>\n<p>O selo de Carbono Neutro (Carbono 0%) \u00e9 outorgado \u00e0s pessoas f\u00edsicas ou jur\u00eddicas que comprovarem o atingimento da meta de neutraliza\u00e7\u00e3o de emiss\u00f5es de gases de efeito estufa.<br \/>\nSer\u00e1 mantida uma lista p\u00fablica com as metas e resultados alcan\u00e7ados, assim como com os selos conferidos e a sua validade.<\/p>\n<p>Estiveram presentes no lan\u00e7amento o Chefe da Casa Civil, Mauro Carvalho; deputado estadual Dilmar Dal&#8217;Bosco; ex-governador, Julio Campos; presidente da ABNT, Mario Esper; diretor-executivo da estrat\u00e9gia PCI, Fernando Sampaio; presidente da Acrimat, Oswaldo Pereira Junior; secret\u00e1rio de Desenvolvimento Econ\u00f4mico, Cesar Miranda; Secret\u00e1rio de Seguran\u00e7a P\u00fablica, Alexandre Bustamante e representantes de empresas e institui\u00e7\u00f5es parceiras.<\/p>\n<p>Confira o decreto na \u00edntegra\u00a0<a href=\"https:\/\/www.iomat.mt.gov.br\/portal\/visualizacoes\/html\/16531\/#e:16531\/#m:1290822\">CLICANDO AQUI.<\/a><\/p>\n<p>Publicado: Segunda, 25 de Outubro de 2021, por:\u00a0http:\/\/www.sema.mt.gov.br\/site\/index.php\/sema\/noticias\/5631-estado-que-mais-produz-e-conserva-meio-ambiente-apresenta-plano-de-neutraliza%C3%A7%C3%A3o-de-carbono-mais-arrojado-do-pa%C3%ADs<\/p>","protected":false},"excerpt":{"rendered":"<p>O plano foi criado para alcan\u00e7ar a meta de neutraliza\u00e7\u00e3o de emiss\u00f5es de carbono at\u00e9 2035 em Mato Grosso, o governador Mauro Mendes assinou nesta segunda-feira (25.10) o decreto\u00a0 1.160\/2021, que institui o Programa Carbono Neutro MT. O objetivo \u00e9 fortalecer a\u00e7\u00f5es que contribuem para o desenvolvimento sustent\u00e1vel, gerando o equil\u00edbrio entre as emiss\u00f5es e [&hellip;]<\/p>\n","protected":false},"author":2,"featured_media":0,"comment_status":"closed","ping_status":"closed","sticky":false,"template":"","format":"standard","meta":{"ocean_post_layout":"","ocean_both_sidebars_style":"","ocean_both_sidebars_content_width":0,"ocean_both_sidebars_sidebars_width":0,"ocean_sidebar":"","ocean_second_sidebar":"","ocean_disable_margins":"enable","ocean_add_body_class":"","ocean_shortcode_before_top_bar":"","ocean_shortcode_after_top_bar":"","ocean_shortcode_before_header":"","ocean_shortcode_after_header":"","ocean_has_shortcode":"","ocean_shortcode_after_title":"","ocean_shortcode_before_footer_widgets":"","ocean_shortcode_after_footer_widgets":"","ocean_shortcode_before_footer_bottom":"","ocean_shortcode_after_footer_bottom":"","ocean_display_top_bar":"default","ocean_display_header":"default","ocean_header_style":"","ocean_center_header_left_menu":"","ocean_custom_header_template":"","ocean_custom_logo":0,"ocean_custom_retina_logo":0,"ocean_custom_logo_max_width":0,"ocean_custom_logo_tablet_max_width":0,"ocean_custom_logo_mobile_max_width":0,"ocean_custom_logo_max_height":0,"ocean_custom_logo_tablet_max_height":0,"ocean_custom_logo_mobile_max_height":0,"ocean_header_custom_menu":"","ocean_menu_typo_font_family":"","ocean_menu_typo_font_subset":"","ocean_menu_typo_font_size":0,"ocean_menu_typo_font_size_tablet":0,"ocean_menu_typo_font_size_mobile":0,"ocean_menu_typo_font_size_unit":"px","ocean_menu_typo_font_weight":"","ocean_menu_typo_font_weight_tablet":"","ocean_menu_typo_font_weight_mobile":"","ocean_menu_typo_transform":"","ocean_menu_typo_transform_tablet":"","ocean_menu_typo_transform_mobile":"","ocean_menu_typo_line_height":0,"ocean_menu_typo_line_height_tablet":0,"ocean_menu_typo_line_height_mobile":0,"ocean_menu_typo_line_height_unit":"","ocean_menu_typo_spacing":0,"ocean_menu_typo_spacing_tablet":0,"ocean_menu_typo_spacing_mobile":0,"ocean_menu_typo_spacing_unit":"","ocean_menu_link_color":"","ocean_menu_link_color_hover":"","ocean_menu_link_color_active":"","ocean_menu_link_background":"","ocean_menu_link_hover_background":"","ocean_menu_link_active_background":"","ocean_menu_social_links_bg":"","ocean_menu_social_hover_links_bg":"","ocean_menu_social_links_color":"","ocean_menu_social_hover_links_color":"","ocean_disable_title":"default","ocean_disable_heading":"default","ocean_post_title":"","ocean_post_subheading":"","ocean_post_title_style":"","ocean_post_title_background_color":"","ocean_post_title_background":0,"ocean_post_title_bg_image_position":"","ocean_post_title_bg_image_attachment":"","ocean_post_title_bg_image_repeat":"","ocean_post_title_bg_image_size":"","ocean_post_title_height":0,"ocean_post_title_bg_overlay":0.5,"ocean_post_title_bg_overlay_color":"","ocean_disable_breadcrumbs":"default","ocean_breadcrumbs_color":"","ocean_breadcrumbs_separator_color":"","ocean_breadcrumbs_links_color":"","ocean_breadcrumbs_links_hover_color":"","ocean_display_footer_widgets":"default","ocean_display_footer_bottom":"default","ocean_custom_footer_template":"","ocean_post_oembed":"","ocean_post_self_hosted_media":"","ocean_post_video_embed":"","ocean_link_format":"","ocean_link_format_target":"self","ocean_quote_format":"","ocean_quote_format_link":"post","ocean_gallery_link_images":"on","ocean_gallery_id":[],"footnotes":""},"categories":[26],"tags":[],"class_list":["post-1872","post","type-post","status-publish","format-standard","hentry","category-noticias-pci","entry"],"yoast_head":"<!-- This site is optimized with the Yoast SEO plugin v27.1.1 - https:\/\/yoast.com\/product\/yoast-seo-wordpress\/ -->\n<title>Plano de neutraliza\u00e7\u00e3o de emiss\u00f5es de carbono<\/title>\n<meta name=\"description\" content=\"Plano de neutraliza\u00e7\u00e3o de emiss\u00f5es de carbono visa neutralizar emiss\u00f5es em MT at\u00e9 2035, fortalecendo a\u00e7\u00f5es sustent\u00e1veis.\" \/>\n<meta name=\"robots\" content=\"index, follow, max-snippet:-1, max-image-preview:large, max-video-preview:-1\" \/>\n<link rel=\"canonical\" href=\"https:\/\/pcimt.org\/en\/mato-grosso-apresenta-plano-de-neutralizacao-de-emissoes-de-carbono-ate-2035\/\" \/>\n<meta property=\"og:locale\" content=\"en_US\" \/>\n<meta property=\"og:type\" content=\"article\" \/>\n<meta property=\"og:title\" content=\"Plano de neutraliza\u00e7\u00e3o de emiss\u00f5es de carbono\" \/>\n<meta property=\"og:description\" content=\"Plano de neutraliza\u00e7\u00e3o de emiss\u00f5es de carbono visa neutralizar emiss\u00f5es em MT at\u00e9 2035, fortalecendo a\u00e7\u00f5es sustent\u00e1veis.\" \/>\n<meta property=\"og:url\" content=\"https:\/\/pcimt.org\/en\/mato-grosso-apresenta-plano-de-neutralizacao-de-emissoes-de-carbono-ate-2035\/\" \/>\n<meta property=\"og:site_name\" content=\"PCI\" \/>\n<meta property=\"article:published_time\" content=\"2021-10-26T22:16:01+00:00\" \/>\n<meta property=\"article:modified_time\" content=\"2025-03-14T15:44:03+00:00\" \/>\n<meta property=\"og:image\" content=\"http:\/\/www.mt.gov.br\/documents\/21013\/17973667\/9A1A0546.jpg\" \/>\n<meta name=\"author\" content=\"Nvlo\" \/>\n<meta name=\"twitter:card\" content=\"summary_large_image\" \/>\n<meta name=\"twitter:label1\" content=\"Written by\" \/>\n\t<meta name=\"twitter:data1\" content=\"Nvlo\" \/>\n\t<meta name=\"twitter:label2\" content=\"Est. reading time\" \/>\n\t<meta name=\"twitter:data2\" content=\"6 minutes\" \/>\n<script type=\"application\/ld+json\" class=\"yoast-schema-graph\">{\"@context\":\"https:\/\/schema.org\",\"@graph\":[{\"@type\":\"Article\",\"@id\":\"https:\/\/pcimt.org\/mato-grosso-apresenta-plano-de-neutralizacao-de-emissoes-de-carbono-ate-2035\/#article\",\"isPartOf\":{\"@id\":\"https:\/\/pcimt.org\/mato-grosso-apresenta-plano-de-neutralizacao-de-emissoes-de-carbono-ate-2035\/\"},\"author\":{\"name\":\"Nvlo\",\"@id\":\"https:\/\/pcimt.org\/#\/schema\/person\/0157b9ecd4b40c936045ea21257e1ba2\"},\"headline\":\"Mato Grosso apresenta plano de neutraliza\u00e7\u00e3o de emiss\u00f5es de carbono at\u00e9 2035\",\"datePublished\":\"2021-10-26T22:16:01+00:00\",\"dateModified\":\"2025-03-14T15:44:03+00:00\",\"mainEntityOfPage\":{\"@id\":\"https:\/\/pcimt.org\/mato-grosso-apresenta-plano-de-neutralizacao-de-emissoes-de-carbono-ate-2035\/\"},\"wordCount\":1048,\"image\":{\"@id\":\"https:\/\/pcimt.org\/mato-grosso-apresenta-plano-de-neutralizacao-de-emissoes-de-carbono-ate-2035\/#primaryimage\"},\"thumbnailUrl\":\"http:\/\/www.mt.gov.br\/documents\/21013\/17973667\/9A1A0546.jpg\",\"articleSection\":[\"Noticias-PCI\"],\"inLanguage\":\"en-US\"},{\"@type\":\"WebPage\",\"@id\":\"https:\/\/pcimt.org\/mato-grosso-apresenta-plano-de-neutralizacao-de-emissoes-de-carbono-ate-2035\/\",\"url\":\"https:\/\/pcimt.org\/mato-grosso-apresenta-plano-de-neutralizacao-de-emissoes-de-carbono-ate-2035\/\",\"name\":\"Plano de neutraliza\u00e7\u00e3o de emiss\u00f5es de carbono\",\"isPartOf\":{\"@id\":\"https:\/\/pcimt.org\/#website\"},\"primaryImageOfPage\":{\"@id\":\"https:\/\/pcimt.org\/mato-grosso-apresenta-plano-de-neutralizacao-de-emissoes-de-carbono-ate-2035\/#primaryimage\"},\"image\":{\"@id\":\"https:\/\/pcimt.org\/mato-grosso-apresenta-plano-de-neutralizacao-de-emissoes-de-carbono-ate-2035\/#primaryimage\"},\"thumbnailUrl\":\"http:\/\/www.mt.gov.br\/documents\/21013\/17973667\/9A1A0546.jpg\",\"datePublished\":\"2021-10-26T22:16:01+00:00\",\"dateModified\":\"2025-03-14T15:44:03+00:00\",\"author\":{\"@id\":\"https:\/\/pcimt.org\/#\/schema\/person\/0157b9ecd4b40c936045ea21257e1ba2\"},\"description\":\"Plano de neutraliza\u00e7\u00e3o de emiss\u00f5es de carbono visa neutralizar emiss\u00f5es em MT at\u00e9 2035, fortalecendo a\u00e7\u00f5es sustent\u00e1veis.\",\"breadcrumb\":{\"@id\":\"https:\/\/pcimt.org\/mato-grosso-apresenta-plano-de-neutralizacao-de-emissoes-de-carbono-ate-2035\/#breadcrumb\"},\"inLanguage\":\"en-US\",\"potentialAction\":[{\"@type\":\"ReadAction\",\"target\":[\"https:\/\/pcimt.org\/mato-grosso-apresenta-plano-de-neutralizacao-de-emissoes-de-carbono-ate-2035\/\"]}]},{\"@type\":\"ImageObject\",\"inLanguage\":\"en-US\",\"@id\":\"https:\/\/pcimt.org\/mato-grosso-apresenta-plano-de-neutralizacao-de-emissoes-de-carbono-ate-2035\/#primaryimage\",\"url\":\"http:\/\/www.mt.gov.br\/documents\/21013\/17973667\/9A1A0546.jpg\",\"contentUrl\":\"http:\/\/www.mt.gov.br\/documents\/21013\/17973667\/9A1A0546.jpg\"},{\"@type\":\"BreadcrumbList\",\"@id\":\"https:\/\/pcimt.org\/mato-grosso-apresenta-plano-de-neutralizacao-de-emissoes-de-carbono-ate-2035\/#breadcrumb\",\"itemListElement\":[{\"@type\":\"ListItem\",\"position\":1,\"name\":\"In\u00edcio\",\"item\":\"https:\/\/pcimt.org\/\"},{\"@type\":\"ListItem\",\"position\":2,\"name\":\"Mato Grosso apresenta plano de neutraliza\u00e7\u00e3o de emiss\u00f5es de carbono at\u00e9 2035\"}]},{\"@type\":\"WebSite\",\"@id\":\"https:\/\/pcimt.org\/#website\",\"url\":\"https:\/\/pcimt.org\/\",\"name\":\"PCI\",\"description\":\"Produzir, Conservar e Incluir\",\"potentialAction\":[{\"@type\":\"SearchAction\",\"target\":{\"@type\":\"EntryPoint\",\"urlTemplate\":\"https:\/\/pcimt.org\/?s={search_term_string}\"},\"query-input\":{\"@type\":\"PropertyValueSpecification\",\"valueRequired\":true,\"valueName\":\"search_term_string\"}}],\"inLanguage\":\"en-US\"},{\"@type\":\"Person\",\"@id\":\"https:\/\/pcimt.org\/#\/schema\/person\/0157b9ecd4b40c936045ea21257e1ba2\",\"name\":\"Nvlo\",\"url\":\"https:\/\/pcimt.org\/en\/author\/nvlo\/\"}]}<\/script>\n<!-- \/ Yoast SEO plugin. -->","yoast_head_json":{"title":"Plano de neutraliza\u00e7\u00e3o de emiss\u00f5es de carbono","description":"Plano de neutraliza\u00e7\u00e3o de emiss\u00f5es de carbono visa neutralizar emiss\u00f5es em MT at\u00e9 2035, fortalecendo a\u00e7\u00f5es sustent\u00e1veis.","robots":{"index":"index","follow":"follow","max-snippet":"max-snippet:-1","max-image-preview":"max-image-preview:large","max-video-preview":"max-video-preview:-1"},"canonical":"https:\/\/pcimt.org\/en\/mato-grosso-apresenta-plano-de-neutralizacao-de-emissoes-de-carbono-ate-2035\/","og_locale":"en_US","og_type":"article","og_title":"Plano de neutraliza\u00e7\u00e3o de emiss\u00f5es de carbono","og_description":"Plano de neutraliza\u00e7\u00e3o de emiss\u00f5es de carbono visa neutralizar emiss\u00f5es em MT at\u00e9 2035, fortalecendo a\u00e7\u00f5es sustent\u00e1veis.","og_url":"https:\/\/pcimt.org\/en\/mato-grosso-apresenta-plano-de-neutralizacao-de-emissoes-de-carbono-ate-2035\/","og_site_name":"PCI","article_published_time":"2021-10-26T22:16:01+00:00","article_modified_time":"2025-03-14T15:44:03+00:00","og_image":[{"url":"http:\/\/www.mt.gov.br\/documents\/21013\/17973667\/9A1A0546.jpg","type":"","width":"","height":""}],"author":"Nvlo","twitter_card":"summary_large_image","twitter_misc":{"Written by":"Nvlo","Est. reading time":"6 minutes"},"schema":{"@context":"https:\/\/schema.org","@graph":[{"@type":"Article","@id":"https:\/\/pcimt.org\/mato-grosso-apresenta-plano-de-neutralizacao-de-emissoes-de-carbono-ate-2035\/#article","isPartOf":{"@id":"https:\/\/pcimt.org\/mato-grosso-apresenta-plano-de-neutralizacao-de-emissoes-de-carbono-ate-2035\/"},"author":{"name":"Nvlo","@id":"https:\/\/pcimt.org\/#\/schema\/person\/0157b9ecd4b40c936045ea21257e1ba2"},"headline":"Mato Grosso apresenta plano de neutraliza\u00e7\u00e3o de emiss\u00f5es de carbono at\u00e9 2035","datePublished":"2021-10-26T22:16:01+00:00","dateModified":"2025-03-14T15:44:03+00:00","mainEntityOfPage":{"@id":"https:\/\/pcimt.org\/mato-grosso-apresenta-plano-de-neutralizacao-de-emissoes-de-carbono-ate-2035\/"},"wordCount":1048,"image":{"@id":"https:\/\/pcimt.org\/mato-grosso-apresenta-plano-de-neutralizacao-de-emissoes-de-carbono-ate-2035\/#primaryimage"},"thumbnailUrl":"http:\/\/www.mt.gov.br\/documents\/21013\/17973667\/9A1A0546.jpg","articleSection":["Noticias-PCI"],"inLanguage":"en-US"},{"@type":"WebPage","@id":"https:\/\/pcimt.org\/mato-grosso-apresenta-plano-de-neutralizacao-de-emissoes-de-carbono-ate-2035\/","url":"https:\/\/pcimt.org\/mato-grosso-apresenta-plano-de-neutralizacao-de-emissoes-de-carbono-ate-2035\/","name":"Plano de neutraliza\u00e7\u00e3o de emiss\u00f5es de carbono","isPartOf":{"@id":"https:\/\/pcimt.org\/#website"},"primaryImageOfPage":{"@id":"https:\/\/pcimt.org\/mato-grosso-apresenta-plano-de-neutralizacao-de-emissoes-de-carbono-ate-2035\/#primaryimage"},"image":{"@id":"https:\/\/pcimt.org\/mato-grosso-apresenta-plano-de-neutralizacao-de-emissoes-de-carbono-ate-2035\/#primaryimage"},"thumbnailUrl":"http:\/\/www.mt.gov.br\/documents\/21013\/17973667\/9A1A0546.jpg","datePublished":"2021-10-26T22:16:01+00:00","dateModified":"2025-03-14T15:44:03+00:00","author":{"@id":"https:\/\/pcimt.org\/#\/schema\/person\/0157b9ecd4b40c936045ea21257e1ba2"},"description":"Plano de neutraliza\u00e7\u00e3o de emiss\u00f5es de carbono visa neutralizar emiss\u00f5es em MT at\u00e9 2035, fortalecendo a\u00e7\u00f5es sustent\u00e1veis.","breadcrumb":{"@id":"https:\/\/pcimt.org\/mato-grosso-apresenta-plano-de-neutralizacao-de-emissoes-de-carbono-ate-2035\/#breadcrumb"},"inLanguage":"en-US","potentialAction":[{"@type":"ReadAction","target":["https:\/\/pcimt.org\/mato-grosso-apresenta-plano-de-neutralizacao-de-emissoes-de-carbono-ate-2035\/"]}]},{"@type":"ImageObject","inLanguage":"en-US","@id":"https:\/\/pcimt.org\/mato-grosso-apresenta-plano-de-neutralizacao-de-emissoes-de-carbono-ate-2035\/#primaryimage","url":"http:\/\/www.mt.gov.br\/documents\/21013\/17973667\/9A1A0546.jpg","contentUrl":"http:\/\/www.mt.gov.br\/documents\/21013\/17973667\/9A1A0546.jpg"},{"@type":"BreadcrumbList","@id":"https:\/\/pcimt.org\/mato-grosso-apresenta-plano-de-neutralizacao-de-emissoes-de-carbono-ate-2035\/#breadcrumb","itemListElement":[{"@type":"ListItem","position":1,"name":"In\u00edcio","item":"https:\/\/pcimt.org\/"},{"@type":"ListItem","position":2,"name":"Mato Grosso apresenta plano de neutraliza\u00e7\u00e3o de emiss\u00f5es de carbono at\u00e9 2035"}]},{"@type":"WebSite","@id":"https:\/\/pcimt.org\/#website","url":"https:\/\/pcimt.org\/","name":"The PCI","description":"Produce, Conserve and Include","potentialAction":[{"@type":"SearchAction","target":{"@type":"EntryPoint","urlTemplate":"https:\/\/pcimt.org\/?s={search_term_string}"},"query-input":{"@type":"PropertyValueSpecification","valueRequired":true,"valueName":"search_term_string"}}],"inLanguage":"en-US"},{"@type":"Person","@id":"https:\/\/pcimt.org\/#\/schema\/person\/0157b9ecd4b40c936045ea21257e1ba2","name":"Nvlo","url":"https:\/\/pcimt.org\/en\/author\/nvlo\/"}]}},"_links":{"self":[{"href":"https:\/\/pcimt.org\/en\/wp-json\/wp\/v2\/posts\/1872","targetHints":{"allow":["GET"]}}],"collection":[{"href":"https:\/\/pcimt.org\/en\/wp-json\/wp\/v2\/posts"}],"about":[{"href":"https:\/\/pcimt.org\/en\/wp-json\/wp\/v2\/types\/post"}],"author":[{"embeddable":true,"href":"https:\/\/pcimt.org\/en\/wp-json\/wp\/v2\/users\/2"}],"replies":[{"embeddable":true,"href":"https:\/\/pcimt.org\/en\/wp-json\/wp\/v2\/comments?post=1872"}],"version-history":[{"count":2,"href":"https:\/\/pcimt.org\/en\/wp-json\/wp\/v2\/posts\/1872\/revisions"}],"predecessor-version":[{"id":3110,"href":"https:\/\/pcimt.org\/en\/wp-json\/wp\/v2\/posts\/1872\/revisions\/3110"}],"wp:attachment":[{"href":"https:\/\/pcimt.org\/en\/wp-json\/wp\/v2\/media?parent=1872"}],"wp:term":[{"taxonomy":"category","embeddable":true,"href":"https:\/\/pcimt.org\/en\/wp-json\/wp\/v2\/categories?post=1872"},{"taxonomy":"post_tag","embeddable":true,"href":"https:\/\/pcimt.org\/en\/wp-json\/wp\/v2\/tags?post=1872"}],"curies":[{"name":"wp","href":"https:\/\/api.w.org\/{rel}","templated":true}]}}