{"id":1833,"date":"2020-06-24T19:19:19","date_gmt":"2020-06-24T22:19:19","guid":{"rendered":"https:\/\/pcimt.org\/nova-lei-estadual-incentiva-plantio-de-especies-nativas-em-areas-desmatadas\/"},"modified":"2025-03-14T12:45:44","modified_gmt":"2025-03-14T15:45:44","slug":"nova-lei-estadual-incentiva-plantio-de-especies-nativas-em-areas-desmatadas","status":"publish","type":"post","link":"https:\/\/pcimt.org\/en\/nova-lei-estadual-incentiva-plantio-de-especies-nativas-em-areas-desmatadas\/","title":{"rendered":"Nova Lei estadual incentiva plantio de esp\u00e9cies nativas em \u00e1reas desmatadas"},"content":{"rendered":"<div class=\"col-box-article-description content-row\" style=\"font-family: Calibri;margin: 0px 0px 30px;padding: 0px;width: 945px;float: left;color: #495057;font-size: 18px;font-style: normal;font-weight: 400;line-height: normal;letter-spacing: normal;text-align: start;text-indent: 0px;text-transform: none;background-color: #ffffff\">\n<div class=\"direct-image direct-image-horz\" style=\"font-family: Calibri;margin: 0px 0px 21px;padding: 0px\">\n<div class=\"caption-top\" style=\"font-family: Calibri;margin: 0px;padding: 3px 6px;background: #eeeff2;border-radius: 5px 5px 0px 0px;font-style: italic;color: #717782;font-size: 0.91em\">Regi\u00e3o Amaz\u00f4nica &#8211; Foto por: Marcos Vergueiro\/Secom<\/div>\n<div class=\"image-box\" style=\"font-family: Calibri;margin: 0px;padding: 0px\"><img fetchpriority=\"high\" decoding=\"async\" class=\"img-polaroid img-fulltext-left caption img-responsive alignnone\" style=\"font-family: Calibri;margin: 0px;padding: 0px;border: 0px none;vertical-align: text-bottom;max-width: 100%;height: 428px\" title=\"Regi\u00e3o Amaz\u00f4nica - Foto por: Marcos Vergueiro\/Secom\" src=\"http:\/\/www.mt.gov.br\/documents\/21013\/11203741\/floresta_MEV6282_floresta.jpg\/9f26074a-73f9-1935-2ea4-88493477f17b?t=1549539702283+&amp;imageThumbnail=3\" alt=\"Lei Estadual de Plantio de Esp\u00e9cies Nativas\" width=\"645\" height=\"428\" \/><\/div>\n<\/div>\n<div style=\"font-family: Calibri;margin: 0px;padding: 0px;text-align: justify\">Com o objetivo de incentivar a reposi\u00e7\u00e3o florestal em Mato Grosso, foi sancionada pelo Governador Mauro Mendes a <a href=\"https:\/\/leisestaduais.com.br\/mt\/lei-complementar-n-698-2021-mato-grosso-altera-dispositivos-da-lei-complementar-n%C2%BA-233-de-21-de-dezembro-de-2005-que-dispoe-sobre-a-politica-florestal-do-estado-de-mato-grosso-e-da-outras-providencias\">Lei Complementar N\u00ba 698\/2021<\/a>, que altera a Pol\u00edtica Florestal do Estado de Mato Grosso, criando a Lei Estadual de Plantio de Esp\u00e9cies Nativas. Entre as principais mudan\u00e7as, a cria\u00e7\u00e3o do fundo Desenvolve Floresta, que substitui o MT Floresta.<\/div>\n<div style=\"font-family: Calibri;margin: 0px;padding: 0px;text-align: justify\"><\/div>\n<div style=\"font-family: Calibri;margin: 0px;padding: 0px;text-align: justify\">A proposta tamb\u00e9m altera a nomenclatura da chamada &#8220;taxa florestal&#8221; para taxa de reposi\u00e7\u00e3o florestal, que \u00e9 considerada mais adequada ao objetivo da cobran\u00e7a. A reposi\u00e7\u00e3o florestal, que \u00e9 o plantio de esp\u00e9cies preferencialmente nativas, \u00e9 devida por todos que realizarem a supress\u00e3o de vegeta\u00e7\u00e3o. A obrigatoriedade e reposi\u00e7\u00e3o florestal tamb\u00e9m se aplica para aqueles que realizaram o desmatamento ilegal, sem preju\u00edzo de san\u00e7\u00f5es administrativas e criminais aplicadas em decorr\u00eancia do crime ambiental.<\/div>\n<div style=\"font-family: Calibri;margin: 0px;padding: 0px;text-align: justify\"><\/div>\n<div style=\"font-family: Calibri;margin: 0px;padding: 0px;text-align: justify\">A an\u00e1lise e aprova\u00e7\u00e3o das esp\u00e9cies adequadas para reposi\u00e7\u00e3o florestal ser\u00e1 feita pela <a href=\"https:\/\/pcimt.org\/en\/sema-mt-apresenta-acoes-contra-crimes-ambientais-a-pesquisadores-do-reino-unido\/\">Sema<\/a> por meio de projeto t\u00e9cnico. Tanto no caso de crime ambiental, quanto de desmate com autoriza\u00e7\u00e3o, a reposi\u00e7\u00e3o florestal deve ser realizada no prazo de 120 dias a contar da notifica\u00e7\u00e3o administrativa. Os que cumprirem o prazo para reflorestar a \u00e1rea desmatada poder\u00e3o parcelar a taxa em at\u00e9 dois anos.<\/div>\n<div style=\"font-family: Calibri;margin: 0px;padding: 0px;text-align: justify\"><\/div>\n<div style=\"font-family: Calibri;margin: 0px;padding: 0px;text-align: justify\">Conforme a legisla\u00e7\u00e3o ambiental, a autoriza\u00e7\u00e3o de desmate somente ser\u00e1 concedida ap\u00f3s a aprova\u00e7\u00e3o do Plano de Explora\u00e7\u00e3o Florestal &#8211; PEF, comprovado mediante vistoria do \u00f3rg\u00e3o estadual ou por laudo do t\u00e9cnico do respons\u00e1vel pela elabora\u00e7\u00e3o e cumprimento da reposi\u00e7\u00e3o florestal.<\/div>\n<div style=\"font-family: Calibri;margin: 0px;padding: 0px;text-align: justify\"><\/div>\n<div style=\"font-family: Calibri;margin: 0px;padding: 0px;text-align: justify\">O respons\u00e1vel pelo plantio solicitar\u00e1 ao \u00f3rg\u00e3o ambiental competente a gera\u00e7\u00e3o do cr\u00e9dito de reposi\u00e7\u00e3o florestal, com informa\u00e7\u00f5es sobre o plantio florestal prestadas por meio de Declara\u00e7\u00e3o de Plantio Florestal.<\/div>\n<div style=\"font-family: Calibri;margin: 0px;padding: 0px;text-align: justify\"><\/div>\n<div style=\"font-family: Calibri;margin: 0px;padding: 0px;text-align: justify\"><strong style=\"font-family: Calibri;margin: 0px;padding: 0px;font-weight: bold\">Novo fundo Desenvolve Floresta<\/strong><\/div>\n<div style=\"font-family: Calibri;margin: 0px;padding: 0px;text-align: justify\"><\/div>\n<div style=\"font-family: Calibri;margin: 0px;padding: 0px;text-align: justify\">As taxas de reposi\u00e7\u00e3o florestal ir\u00e3o para o fundo Desenvolve Floresta, que ir\u00e1 investir 90% para as atividades de florestamento, reflorestamento, aquisi\u00e7\u00e3o de cr\u00e9ditos de reposi\u00e7\u00e3o florestal, desenvolvimento de pesquisa e desenvolvimento do setor florestal, assist\u00eancia t\u00e9cnica, extens\u00e3o florestal, recupera\u00e7\u00e3o de \u00e1reas degradadas e das matas ciliares, e 10% do valor nas atividades administrativas e de educa\u00e7\u00e3o ambiental.<\/div>\n<div style=\"font-family: Calibri;margin: 0px;padding: 0px;text-align: justify\"><\/div>\n<div style=\"font-family: Calibri;margin: 0px;padding: 0px;text-align: justify\"><strong style=\"font-family: Calibri;margin: 0px;padding: 0px;font-weight: bold\">Atualiza\u00e7\u00e3o da base de c\u00e1lculo<\/strong><\/div>\n<div style=\"font-family: Calibri;margin: 0px;padding: 0px;text-align: justify\"><\/div>\n<div style=\"font-family: Calibri;margin: 0px;padding: 0px;text-align: justify\">Outra mudan\u00e7a \u00e9 a redu\u00e7\u00e3o da base de c\u00e1lculo da taxa de reposi\u00e7\u00e3o florestal, com o objetivo de estimular a reposi\u00e7\u00e3o florestal e o aumento da arrecada\u00e7\u00e3o da taxa. A cobran\u00e7a anterior era com base na Unidade Padr\u00e3o Fiscal (UPF), que aumentou muito com o passar dos anos, tornando o valor invi\u00e1vel para quem realiza a retirada de floresta de forma legal, com o intuito de compensar a \u00e1rea degradada.<\/div>\n<div style=\"font-family: Calibri;margin: 0px;padding: 0px;text-align: justify\"><\/div>\n<div style=\"font-family: Calibri;margin: 0px;padding: 0px;text-align: justify\">A expectativa \u00e9 que a redu\u00e7\u00e3o dos valores cobrados para recolhimento de taxa incentive a busca pela regulariza\u00e7\u00e3o ambiental por parte dos produtores, fazendo com que haja um crescimento exponencial da arrecada\u00e7\u00e3o do fundo.<\/div>\n<div style=\"font-family: Calibri;margin: 0px;padding: 0px;text-align: justify\"><\/div>\n<div style=\"font-family: Calibri;margin: 0px;padding: 0px;text-align: justify\">Acesse a Lei na \u00edntegra clicando\u00a0<a style=\"font-family: Calibri;margin: 0px;padding: 0px;background-color: transparent;color: #337ab7;text-decoration: none\" href=\"https:\/\/www.iomat.mt.gov.br\/portal\/visualizacoes\/jornal\/16401\/#e:16401.\" target=\"_blank\" rel=\"noopener noreferrer\">AQUI<\/a>.<\/div>\n<div style=\"font-family: Calibri;margin: 0px;padding: 0px;text-align: justify\"><\/div>\n<div style=\"font-family: Calibri;margin: 0px;padding: 0px;text-align: justify\"><span style=\"font-size: 12pt\">Fonte: <a href=\"http:\/\/www.sema.mt.gov.br\/site\/index.php\/sema\/noticias\/5530-nova-lei-estadual-incentiva-plantio-de-esp%C3%A9cies-nativas-em-%C3%A1reas-desmatadas\" target=\"_blank\" rel=\"noopener noreferrer\">http:\/\/www.sema.mt.gov.br\/site\/index.php\/sema\/noticias\/5530-nova-lei-estadual-incentiva-plantio-de-esp%C3%A9cies-nativas-em-%C3%A1reas-desmatadas<\/a><\/span><\/div>\n<\/div>","protected":false},"excerpt":{"rendered":"<p>Regi\u00e3o Amaz\u00f4nica &#8211; Foto por: Marcos Vergueiro\/Secom Com o objetivo de incentivar a reposi\u00e7\u00e3o florestal em Mato Grosso, foi sancionada pelo Governador Mauro Mendes a Lei Complementar N\u00ba 698\/2021, que altera a Pol\u00edtica Florestal do Estado de Mato Grosso, criando a Lei Estadual de Plantio de Esp\u00e9cies Nativas. Entre as principais mudan\u00e7as, a cria\u00e7\u00e3o do [&hellip;]<\/p>\n","protected":false},"author":2,"featured_media":0,"comment_status":"closed","ping_status":"closed","sticky":false,"template":"","format":"standard","meta":{"ocean_post_layout":"","ocean_both_sidebars_style":"","ocean_both_sidebars_content_width":0,"ocean_both_sidebars_sidebars_width":0,"ocean_sidebar":"","ocean_second_sidebar":"","ocean_disable_margins":"enable","ocean_add_body_class":"","ocean_shortcode_before_top_bar":"","ocean_shortcode_after_top_bar":"","ocean_shortcode_before_header":"","ocean_shortcode_after_header":"","ocean_has_shortcode":"","ocean_shortcode_after_title":"","ocean_shortcode_before_footer_widgets":"","ocean_shortcode_after_footer_widgets":"","ocean_shortcode_before_footer_bottom":"","ocean_shortcode_after_footer_bottom":"","ocean_display_top_bar":"default","ocean_display_header":"default","ocean_header_style":"","ocean_center_header_left_menu":"","ocean_custom_header_template":"","ocean_custom_logo":0,"ocean_custom_retina_logo":0,"ocean_custom_logo_max_width":0,"ocean_custom_logo_tablet_max_width":0,"ocean_custom_logo_mobile_max_width":0,"ocean_custom_logo_max_height":0,"ocean_custom_logo_tablet_max_height":0,"ocean_custom_logo_mobile_max_height":0,"ocean_header_custom_menu":"","ocean_menu_typo_font_family":"","ocean_menu_typo_font_subset":"","ocean_menu_typo_font_size":0,"ocean_menu_typo_font_size_tablet":0,"ocean_menu_typo_font_size_mobile":0,"ocean_menu_typo_font_size_unit":"px","ocean_menu_typo_font_weight":"","ocean_menu_typo_font_weight_tablet":"","ocean_menu_typo_font_weight_mobile":"","ocean_menu_typo_transform":"","ocean_menu_typo_transform_tablet":"","ocean_menu_typo_transform_mobile":"","ocean_menu_typo_line_height":0,"ocean_menu_typo_line_height_tablet":0,"ocean_menu_typo_line_height_mobile":0,"ocean_menu_typo_line_height_unit":"","ocean_menu_typo_spacing":0,"ocean_menu_typo_spacing_tablet":0,"ocean_menu_typo_spacing_mobile":0,"ocean_menu_typo_spacing_unit":"","ocean_menu_link_color":"","ocean_menu_link_color_hover":"","ocean_menu_link_color_active":"","ocean_menu_link_background":"","ocean_menu_link_hover_background":"","ocean_menu_link_active_background":"","ocean_menu_social_links_bg":"","ocean_menu_social_hover_links_bg":"","ocean_menu_social_links_color":"","ocean_menu_social_hover_links_color":"","ocean_disable_title":"default","ocean_disable_heading":"default","ocean_post_title":"","ocean_post_subheading":"","ocean_post_title_style":"","ocean_post_title_background_color":"","ocean_post_title_background":0,"ocean_post_title_bg_image_position":"","ocean_post_title_bg_image_attachment":"","ocean_post_title_bg_image_repeat":"","ocean_post_title_bg_image_size":"","ocean_post_title_height":0,"ocean_post_title_bg_overlay":0.5,"ocean_post_title_bg_overlay_color":"","ocean_disable_breadcrumbs":"default","ocean_breadcrumbs_color":"","ocean_breadcrumbs_separator_color":"","ocean_breadcrumbs_links_color":"","ocean_breadcrumbs_links_hover_color":"","ocean_display_footer_widgets":"default","ocean_display_footer_bottom":"default","ocean_custom_footer_template":"","ocean_post_oembed":"","ocean_post_self_hosted_media":"","ocean_post_video_embed":"","ocean_link_format":"","ocean_link_format_target":"self","ocean_quote_format":"","ocean_quote_format_link":"post","ocean_gallery_link_images":"on","ocean_gallery_id":[],"footnotes":""},"categories":[26],"tags":[],"class_list":["post-1833","post","type-post","status-publish","format-standard","hentry","category-noticias-pci","entry"],"yoast_head":"<!-- This site is optimized with the Yoast SEO plugin v27.1.1 - https:\/\/yoast.com\/product\/yoast-seo-wordpress\/ -->\n<title>Lei Estadual de Plantio de Esp\u00e9cies Nativas Sancionada<\/title>\n<meta name=\"description\" content=\"Lei Estadual de Plantio de Esp\u00e9cies Nativas incentiva reposi\u00e7\u00e3o florestal em Mato Grosso, alterando pol\u00edtica florestal e criando fundo.\" \/>\n<meta name=\"robots\" content=\"index, follow, max-snippet:-1, max-image-preview:large, max-video-preview:-1\" \/>\n<link rel=\"canonical\" href=\"https:\/\/pcimt.org\/en\/nova-lei-estadual-incentiva-plantio-de-especies-nativas-em-areas-desmatadas\/\" \/>\n<meta property=\"og:locale\" content=\"en_US\" \/>\n<meta property=\"og:type\" content=\"article\" \/>\n<meta property=\"og:title\" content=\"Lei Estadual de Plantio de Esp\u00e9cies Nativas Sancionada\" \/>\n<meta property=\"og:description\" content=\"Lei Estadual de Plantio de Esp\u00e9cies Nativas incentiva reposi\u00e7\u00e3o florestal em Mato Grosso, alterando pol\u00edtica florestal e criando fundo.\" \/>\n<meta property=\"og:url\" content=\"https:\/\/pcimt.org\/en\/nova-lei-estadual-incentiva-plantio-de-especies-nativas-em-areas-desmatadas\/\" \/>\n<meta property=\"og:site_name\" content=\"PCI\" \/>\n<meta property=\"article:published_time\" content=\"2020-06-24T22:19:19+00:00\" \/>\n<meta property=\"article:modified_time\" content=\"2025-03-14T15:45:44+00:00\" \/>\n<meta property=\"og:image\" content=\"http:\/\/www.mt.gov.br\/documents\/21013\/11203741\/floresta_MEV6282_floresta.jpg\/9f26074a-73f9-1935-2ea4-88493477f17b?t=1549539702283+&amp;imageThumbnail=3\" \/>\n<meta name=\"author\" content=\"Nvlo\" \/>\n<meta name=\"twitter:card\" content=\"summary_large_image\" \/>\n<meta name=\"twitter:label1\" content=\"Written by\" \/>\n\t<meta name=\"twitter:data1\" content=\"Nvlo\" \/>\n\t<meta name=\"twitter:label2\" content=\"Est. reading time\" \/>\n\t<meta name=\"twitter:data2\" content=\"3 minutes\" \/>\n<script type=\"application\/ld+json\" class=\"yoast-schema-graph\">{\"@context\":\"https:\/\/schema.org\",\"@graph\":[{\"@type\":\"Article\",\"@id\":\"https:\/\/pcimt.org\/nova-lei-estadual-incentiva-plantio-de-especies-nativas-em-areas-desmatadas\/#article\",\"isPartOf\":{\"@id\":\"https:\/\/pcimt.org\/nova-lei-estadual-incentiva-plantio-de-especies-nativas-em-areas-desmatadas\/\"},\"author\":{\"name\":\"Nvlo\",\"@id\":\"https:\/\/pcimt.org\/#\/schema\/person\/0157b9ecd4b40c936045ea21257e1ba2\"},\"headline\":\"Nova Lei estadual incentiva plantio de esp\u00e9cies nativas em \u00e1reas desmatadas\",\"datePublished\":\"2020-06-24T22:19:19+00:00\",\"dateModified\":\"2025-03-14T15:45:44+00:00\",\"mainEntityOfPage\":{\"@id\":\"https:\/\/pcimt.org\/nova-lei-estadual-incentiva-plantio-de-especies-nativas-em-areas-desmatadas\/\"},\"wordCount\":541,\"image\":{\"@id\":\"https:\/\/pcimt.org\/nova-lei-estadual-incentiva-plantio-de-especies-nativas-em-areas-desmatadas\/#primaryimage\"},\"thumbnailUrl\":\"http:\/\/www.mt.gov.br\/documents\/21013\/11203741\/floresta_MEV6282_floresta.jpg\/9f26074a-73f9-1935-2ea4-88493477f17b?t=1549539702283+&amp;imageThumbnail=3\",\"articleSection\":[\"Noticias-PCI\"],\"inLanguage\":\"en-US\"},{\"@type\":\"WebPage\",\"@id\":\"https:\/\/pcimt.org\/nova-lei-estadual-incentiva-plantio-de-especies-nativas-em-areas-desmatadas\/\",\"url\":\"https:\/\/pcimt.org\/nova-lei-estadual-incentiva-plantio-de-especies-nativas-em-areas-desmatadas\/\",\"name\":\"Lei Estadual de Plantio de Esp\u00e9cies Nativas Sancionada\",\"isPartOf\":{\"@id\":\"https:\/\/pcimt.org\/#website\"},\"primaryImageOfPage\":{\"@id\":\"https:\/\/pcimt.org\/nova-lei-estadual-incentiva-plantio-de-especies-nativas-em-areas-desmatadas\/#primaryimage\"},\"image\":{\"@id\":\"https:\/\/pcimt.org\/nova-lei-estadual-incentiva-plantio-de-especies-nativas-em-areas-desmatadas\/#primaryimage\"},\"thumbnailUrl\":\"http:\/\/www.mt.gov.br\/documents\/21013\/11203741\/floresta_MEV6282_floresta.jpg\/9f26074a-73f9-1935-2ea4-88493477f17b?t=1549539702283+&amp;imageThumbnail=3\",\"datePublished\":\"2020-06-24T22:19:19+00:00\",\"dateModified\":\"2025-03-14T15:45:44+00:00\",\"author\":{\"@id\":\"https:\/\/pcimt.org\/#\/schema\/person\/0157b9ecd4b40c936045ea21257e1ba2\"},\"description\":\"Lei Estadual de Plantio de Esp\u00e9cies Nativas incentiva reposi\u00e7\u00e3o florestal em Mato Grosso, alterando pol\u00edtica florestal e criando fundo.\",\"breadcrumb\":{\"@id\":\"https:\/\/pcimt.org\/nova-lei-estadual-incentiva-plantio-de-especies-nativas-em-areas-desmatadas\/#breadcrumb\"},\"inLanguage\":\"en-US\",\"potentialAction\":[{\"@type\":\"ReadAction\",\"target\":[\"https:\/\/pcimt.org\/nova-lei-estadual-incentiva-plantio-de-especies-nativas-em-areas-desmatadas\/\"]}]},{\"@type\":\"ImageObject\",\"inLanguage\":\"en-US\",\"@id\":\"https:\/\/pcimt.org\/nova-lei-estadual-incentiva-plantio-de-especies-nativas-em-areas-desmatadas\/#primaryimage\",\"url\":\"http:\/\/www.mt.gov.br\/documents\/21013\/11203741\/floresta_MEV6282_floresta.jpg\/9f26074a-73f9-1935-2ea4-88493477f17b?t=1549539702283+&amp;imageThumbnail=3\",\"contentUrl\":\"http:\/\/www.mt.gov.br\/documents\/21013\/11203741\/floresta_MEV6282_floresta.jpg\/9f26074a-73f9-1935-2ea4-88493477f17b?t=1549539702283+&amp;imageThumbnail=3\"},{\"@type\":\"BreadcrumbList\",\"@id\":\"https:\/\/pcimt.org\/nova-lei-estadual-incentiva-plantio-de-especies-nativas-em-areas-desmatadas\/#breadcrumb\",\"itemListElement\":[{\"@type\":\"ListItem\",\"position\":1,\"name\":\"In\u00edcio\",\"item\":\"https:\/\/pcimt.org\/\"},{\"@type\":\"ListItem\",\"position\":2,\"name\":\"Nova Lei estadual incentiva plantio de esp\u00e9cies nativas em \u00e1reas desmatadas\"}]},{\"@type\":\"WebSite\",\"@id\":\"https:\/\/pcimt.org\/#website\",\"url\":\"https:\/\/pcimt.org\/\",\"name\":\"PCI\",\"description\":\"Produzir, Conservar e Incluir\",\"potentialAction\":[{\"@type\":\"SearchAction\",\"target\":{\"@type\":\"EntryPoint\",\"urlTemplate\":\"https:\/\/pcimt.org\/?s={search_term_string}\"},\"query-input\":{\"@type\":\"PropertyValueSpecification\",\"valueRequired\":true,\"valueName\":\"search_term_string\"}}],\"inLanguage\":\"en-US\"},{\"@type\":\"Person\",\"@id\":\"https:\/\/pcimt.org\/#\/schema\/person\/0157b9ecd4b40c936045ea21257e1ba2\",\"name\":\"Nvlo\",\"url\":\"https:\/\/pcimt.org\/en\/author\/nvlo\/\"}]}<\/script>\n<!-- \/ Yoast SEO plugin. -->","yoast_head_json":{"title":"Lei Estadual de Plantio de Esp\u00e9cies Nativas Sancionada","description":"Lei Estadual de Plantio de Esp\u00e9cies Nativas incentiva reposi\u00e7\u00e3o florestal em Mato Grosso, alterando pol\u00edtica florestal e criando fundo.","robots":{"index":"index","follow":"follow","max-snippet":"max-snippet:-1","max-image-preview":"max-image-preview:large","max-video-preview":"max-video-preview:-1"},"canonical":"https:\/\/pcimt.org\/en\/nova-lei-estadual-incentiva-plantio-de-especies-nativas-em-areas-desmatadas\/","og_locale":"en_US","og_type":"article","og_title":"Lei Estadual de Plantio de Esp\u00e9cies Nativas Sancionada","og_description":"Lei Estadual de Plantio de Esp\u00e9cies Nativas incentiva reposi\u00e7\u00e3o florestal em Mato Grosso, alterando pol\u00edtica florestal e criando fundo.","og_url":"https:\/\/pcimt.org\/en\/nova-lei-estadual-incentiva-plantio-de-especies-nativas-em-areas-desmatadas\/","og_site_name":"PCI","article_published_time":"2020-06-24T22:19:19+00:00","article_modified_time":"2025-03-14T15:45:44+00:00","og_image":[{"url":"http:\/\/www.mt.gov.br\/documents\/21013\/11203741\/floresta_MEV6282_floresta.jpg\/9f26074a-73f9-1935-2ea4-88493477f17b?t=1549539702283+&amp;imageThumbnail=3","type":"","width":"","height":""}],"author":"Nvlo","twitter_card":"summary_large_image","twitter_misc":{"Written by":"Nvlo","Est. reading time":"3 minutes"},"schema":{"@context":"https:\/\/schema.org","@graph":[{"@type":"Article","@id":"https:\/\/pcimt.org\/nova-lei-estadual-incentiva-plantio-de-especies-nativas-em-areas-desmatadas\/#article","isPartOf":{"@id":"https:\/\/pcimt.org\/nova-lei-estadual-incentiva-plantio-de-especies-nativas-em-areas-desmatadas\/"},"author":{"name":"Nvlo","@id":"https:\/\/pcimt.org\/#\/schema\/person\/0157b9ecd4b40c936045ea21257e1ba2"},"headline":"Nova Lei estadual incentiva plantio de esp\u00e9cies nativas em \u00e1reas desmatadas","datePublished":"2020-06-24T22:19:19+00:00","dateModified":"2025-03-14T15:45:44+00:00","mainEntityOfPage":{"@id":"https:\/\/pcimt.org\/nova-lei-estadual-incentiva-plantio-de-especies-nativas-em-areas-desmatadas\/"},"wordCount":541,"image":{"@id":"https:\/\/pcimt.org\/nova-lei-estadual-incentiva-plantio-de-especies-nativas-em-areas-desmatadas\/#primaryimage"},"thumbnailUrl":"http:\/\/www.mt.gov.br\/documents\/21013\/11203741\/floresta_MEV6282_floresta.jpg\/9f26074a-73f9-1935-2ea4-88493477f17b?t=1549539702283+&amp;imageThumbnail=3","articleSection":["Noticias-PCI"],"inLanguage":"en-US"},{"@type":"WebPage","@id":"https:\/\/pcimt.org\/nova-lei-estadual-incentiva-plantio-de-especies-nativas-em-areas-desmatadas\/","url":"https:\/\/pcimt.org\/nova-lei-estadual-incentiva-plantio-de-especies-nativas-em-areas-desmatadas\/","name":"Lei Estadual de Plantio de Esp\u00e9cies Nativas Sancionada","isPartOf":{"@id":"https:\/\/pcimt.org\/#website"},"primaryImageOfPage":{"@id":"https:\/\/pcimt.org\/nova-lei-estadual-incentiva-plantio-de-especies-nativas-em-areas-desmatadas\/#primaryimage"},"image":{"@id":"https:\/\/pcimt.org\/nova-lei-estadual-incentiva-plantio-de-especies-nativas-em-areas-desmatadas\/#primaryimage"},"thumbnailUrl":"http:\/\/www.mt.gov.br\/documents\/21013\/11203741\/floresta_MEV6282_floresta.jpg\/9f26074a-73f9-1935-2ea4-88493477f17b?t=1549539702283+&amp;imageThumbnail=3","datePublished":"2020-06-24T22:19:19+00:00","dateModified":"2025-03-14T15:45:44+00:00","author":{"@id":"https:\/\/pcimt.org\/#\/schema\/person\/0157b9ecd4b40c936045ea21257e1ba2"},"description":"Lei Estadual de Plantio de Esp\u00e9cies Nativas incentiva reposi\u00e7\u00e3o florestal em Mato Grosso, alterando pol\u00edtica florestal e criando fundo.","breadcrumb":{"@id":"https:\/\/pcimt.org\/nova-lei-estadual-incentiva-plantio-de-especies-nativas-em-areas-desmatadas\/#breadcrumb"},"inLanguage":"en-US","potentialAction":[{"@type":"ReadAction","target":["https:\/\/pcimt.org\/nova-lei-estadual-incentiva-plantio-de-especies-nativas-em-areas-desmatadas\/"]}]},{"@type":"ImageObject","inLanguage":"en-US","@id":"https:\/\/pcimt.org\/nova-lei-estadual-incentiva-plantio-de-especies-nativas-em-areas-desmatadas\/#primaryimage","url":"http:\/\/www.mt.gov.br\/documents\/21013\/11203741\/floresta_MEV6282_floresta.jpg\/9f26074a-73f9-1935-2ea4-88493477f17b?t=1549539702283+&amp;imageThumbnail=3","contentUrl":"http:\/\/www.mt.gov.br\/documents\/21013\/11203741\/floresta_MEV6282_floresta.jpg\/9f26074a-73f9-1935-2ea4-88493477f17b?t=1549539702283+&amp;imageThumbnail=3"},{"@type":"BreadcrumbList","@id":"https:\/\/pcimt.org\/nova-lei-estadual-incentiva-plantio-de-especies-nativas-em-areas-desmatadas\/#breadcrumb","itemListElement":[{"@type":"ListItem","position":1,"name":"In\u00edcio","item":"https:\/\/pcimt.org\/"},{"@type":"ListItem","position":2,"name":"Nova Lei estadual incentiva plantio de esp\u00e9cies nativas em \u00e1reas desmatadas"}]},{"@type":"WebSite","@id":"https:\/\/pcimt.org\/#website","url":"https:\/\/pcimt.org\/","name":"The PCI","description":"Produce, Conserve and Include","potentialAction":[{"@type":"SearchAction","target":{"@type":"EntryPoint","urlTemplate":"https:\/\/pcimt.org\/?s={search_term_string}"},"query-input":{"@type":"PropertyValueSpecification","valueRequired":true,"valueName":"search_term_string"}}],"inLanguage":"en-US"},{"@type":"Person","@id":"https:\/\/pcimt.org\/#\/schema\/person\/0157b9ecd4b40c936045ea21257e1ba2","name":"Nvlo","url":"https:\/\/pcimt.org\/en\/author\/nvlo\/"}]}},"_links":{"self":[{"href":"https:\/\/pcimt.org\/en\/wp-json\/wp\/v2\/posts\/1833","targetHints":{"allow":["GET"]}}],"collection":[{"href":"https:\/\/pcimt.org\/en\/wp-json\/wp\/v2\/posts"}],"about":[{"href":"https:\/\/pcimt.org\/en\/wp-json\/wp\/v2\/types\/post"}],"author":[{"embeddable":true,"href":"https:\/\/pcimt.org\/en\/wp-json\/wp\/v2\/users\/2"}],"replies":[{"embeddable":true,"href":"https:\/\/pcimt.org\/en\/wp-json\/wp\/v2\/comments?post=1833"}],"version-history":[{"count":3,"href":"https:\/\/pcimt.org\/en\/wp-json\/wp\/v2\/posts\/1833\/revisions"}],"predecessor-version":[{"id":3611,"href":"https:\/\/pcimt.org\/en\/wp-json\/wp\/v2\/posts\/1833\/revisions\/3611"}],"wp:attachment":[{"href":"https:\/\/pcimt.org\/en\/wp-json\/wp\/v2\/media?parent=1833"}],"wp:term":[{"taxonomy":"category","embeddable":true,"href":"https:\/\/pcimt.org\/en\/wp-json\/wp\/v2\/categories?post=1833"},{"taxonomy":"post_tag","embeddable":true,"href":"https:\/\/pcimt.org\/en\/wp-json\/wp\/v2\/tags?post=1833"}],"curies":[{"name":"wp","href":"https:\/\/api.w.org\/{rel}","templated":true}]}}