{"id":1832,"date":"2020-06-24T19:21:24","date_gmt":"2020-06-24T22:21:24","guid":{"rendered":"https:\/\/pcimt.org\/conab-lanca-boletim-com-cenarios-e-perspectivas-para-agricultura-familiar\/"},"modified":"2025-03-14T12:45:19","modified_gmt":"2025-03-14T15:45:19","slug":"conab-lanca-boletim-com-cenarios-e-perspectivas-para-agricultura-familiar","status":"publish","type":"post","link":"https:\/\/pcimt.org\/en\/conab-lanca-boletim-com-cenarios-e-perspectivas-para-agricultura-familiar\/","title":{"rendered":"Conab lan\u00e7a boletim com cen\u00e1rios e perspectivas para agricultura familiar"},"content":{"rendered":"<p><span style=\"font-size: 12pt\"><span style=\"color: #555555;font-family: rawline, helvetica, arial, sans-serif;font-size: 18px;font-style: normal;font-weight: 400;letter-spacing: normal;text-align: start;text-indent: 0px;text-transform: none;background-color: #ffffff;float: none\">O documento da Conab \u00e9 dividido em macro temas, com espa\u00e7os destinados \u00e0s quest\u00f5es de cr\u00e9dito, an\u00e1lise de mercado dos principais produtos, al\u00e9m de entrevistas com os pr\u00f3prios produtores<\/span><\/span><\/p>\n<div id=\"viewlet-above-content-body\" style=\"margin: 24px 0px 0px;padding: 0px;border-width: 1px 0px 0px;letter-spacing: normal;vertical-align: baseline;position: relative;color: #555555;font-family: rawline, helvetica, arial, sans-serif;font-size: 16px;font-style: normal;font-weight: 400;text-align: start;text-indent: 0px;text-transform: none;background-color: #ffffff;border-style: solid initial initial initial\">\n<div id=\"media\" style=\"margin: 32px 0px 16px;padding-top: 0px;padding-right: 0px;padding-bottom: 0px;border: 0px none;letter-spacing: normal;vertical-align: baseline;text-align: center\"><img fetchpriority=\"high\" decoding=\"async\" style=\"margin: 0px;padding: 0px;vertical-align: bottom;border: 0px none;max-width: 100%;font-family: rawline, helvetica, arial, sans-serif;font-weight: 400;font-size: 1.6rem;color: #555555;line-height: 1.75;letter-spacing: normal;height: 415px\" src=\"https:\/\/www.gov.br\/agricultura\/pt-br\/assuntos\/noticias\/conab-lanca-boletim-com-cenarios-e-perspectivas-para-agricultura-familiar\/boletim-agricultura-familiar.jpg\/@@images\/648f352a-44c8-4259-9722-d6b288b2a26c.jpeg\" alt=\"boletim agricultura familiar.JPG\" width=\"506\" height=\"509\" \/><\/p>\n<p class=\"discreet\" style=\"margin: 5px auto;padding: 0px;font-family: rawline, helvetica, arial, sans-serif;font-weight: 400;font-size: 1.4rem;color: #555555;line-height: 1.75;border: 0px;letter-spacing: normal;vertical-align: baseline;max-width: 960px\">\n<\/div>\n<\/div>\n<p class=\"\" style=\"margin: 0px 0px 20px;padding: 0px;font-family: rawline, helvetica, arial, sans-serif;font-weight: 400;font-size: 16px;color: #555555;line-height: 1.75;border: 0px;letter-spacing: normal;vertical-align: baseline;font-style: normal;text-align: start;text-indent: 0px;text-transform: none;background-color: #ffffff\">Companhia Nacional de Abastecimento (Conab) fornece uma nova op\u00e7\u00e3o para se buscar informa\u00e7\u00f5es sobre a agricultura familiar. O Boletim da Agricultura Familiar trar\u00e1 uma an\u00e1lise sobre os principais macro temas do setor, abordando tamb\u00e9m as perspectivas, cen\u00e1rios, desafios e oportunidades.<\/p>\n<p class=\"\" style=\"margin: 0px 0px 20px;padding: 0px;font-family: rawline, helvetica, arial, sans-serif;font-weight: 400;font-size: 16px;color: #555555;line-height: 1.75;border: 0px;letter-spacing: normal;vertical-align: baseline;font-style: normal;text-align: start;text-indent: 0px;text-transform: none;background-color: #ffffff\"><span style=\"margin: 0px;padding: 0px;border: 0px;letter-spacing: normal;vertical-align: baseline\">&#8220;Desta forma, a Companhia intensifica suas a\u00e7\u00f5es na promo\u00e7\u00e3o da<\/span><span style=\"margin: 0px;padding: 0px;border: 0px;letter-spacing: normal;vertical-align: baseline\">\u00a0intelig\u00eancia agropecu\u00e1ria. As informa\u00e7\u00f5es consolidadas podem ser utilizadas de forma a auxiliar a formula\u00e7\u00e3o e execu\u00e7\u00e3o de pol\u00edticas p\u00fablicas, contribuindo para a regularidade do abastecimento e forma\u00e7\u00e3o de renda do produtor rural<\/span><span style=\"margin: 0px;padding: 0px;border: 0px;letter-spacing: normal;vertical-align: baseline\">&#8220;, destaca o presidente da Conab, Guilherme Augusto Sanches Ribeiro.<\/span><\/p>\n<p class=\"\" style=\"margin: 0px 0px 20px;padding: 0px;font-family: rawline, helvetica, arial, sans-serif;font-weight: 400;font-size: 16px;color: #555555;line-height: 1.75;border: 0px;letter-spacing: normal;vertical-align: baseline;font-style: normal;text-align: start;text-indent: 0px;text-transform: none;background-color: #ffffff\">A publica\u00e7\u00e3o tem como fio condutor a avalia\u00e7\u00e3o da conjuntura encontrada pelos agricultores familiares. Para isso, o documento ser\u00e1 dividido em macro temas, com espa\u00e7os destinados \u00e0s quest\u00f5es de cr\u00e9dito, an\u00e1lise de mercado dos principais produtos, al\u00e9m de entrevistas com os pr\u00f3prios produtores a fim de trazer uma vis\u00e3o de quem vivencia os desafios e as oportunidades existentes.<\/p>\n<p class=\"\" style=\"margin: 0px 0px 20px;padding: 0px;font-family: rawline, helvetica, arial, sans-serif;font-weight: 400;font-size: 16px;color: #555555;line-height: 1.75;border: 0px;letter-spacing: normal;vertical-align: baseline;font-style: normal;text-align: start;text-indent: 0px;text-transform: none;background-color: #ffffff\">Para o secret\u00e1rio de Agricultura Familiar e Cooperativismo do Minist\u00e9rio da Agricultura, Pecu\u00e1ria e Abastecimento (Mapa), Cesar Halum, \u201ca assinatura da Conab traz credibilidade ao Boletim que vai nos ajudar muito no nosso trabalho em fun\u00e7\u00e3o de que a Conab opera o PAA, que \u00e9 o Programa de Aquisi\u00e7\u00e3o de Alimentos, importante programa para a agricultura familiar, bem como a PGPM-Bio (Pol\u00edtica de Garantia de Pre\u00e7os M\u00ednimos para os Produtos da Sociobiodiversidade), que cuida da nossa biodiversidade, e o PGPAF (Programa de Garantia de Pre\u00e7os para a Agricultura Familiar) que tamb\u00e9m \u00e9 um programa de garantia de pre\u00e7os m\u00ednimos da agricultura familiar. Ent\u00e3o isso s\u00e3o coisas importantes e que v\u00e3o ser utilizadas e que vai nortear as nossas a\u00e7\u00f5es daqui pra frente\u201d.<\/p>\n<p class=\"\" style=\"margin: 0px 0px 20px;padding: 0px;font-family: rawline, helvetica, arial, sans-serif;font-weight: 400;font-size: 16px;color: #555555;line-height: 1.75;border: 0px;letter-spacing: normal;vertical-align: baseline;font-style: normal;text-align: start;text-indent: 0px;text-transform: none;background-color: #ffffff\">Em uma linguagem acess\u00edvel, o Boletim ainda trar\u00e1 um artigo com informa\u00e7\u00f5es sobre temas diversos afetos \u00e0 agricultura familiar. \u201cTemos a miss\u00e3o de prover intelig\u00eancia agropecu\u00e1ria e participar da formula\u00e7\u00e3o e execu\u00e7\u00e3o de pol\u00edticas p\u00fablicas, contribuindo para a regularidade do abastecimento e forma\u00e7\u00e3o de renda do produtor rural, e com essa publica\u00e7\u00e3o damos mais um passo nesse pilar importante de promo\u00e7\u00e3o da intelig\u00eancia agropecu\u00e1ria\u201d, ressalta o diretor de Pol\u00edtica Agr\u00edcola e Informa\u00e7\u00f5es da Companhia, Sergio de Zen.<\/p>\n<p class=\"\" style=\"margin: 0px 0px 20px;padding: 0px;font-family: rawline, helvetica, arial, sans-serif;font-weight: 400;font-size: 16px;color: #555555;line-height: 1.75;border: 0px;letter-spacing: normal;vertical-align: baseline;font-style: normal;text-align: start;text-indent: 0px;text-transform: none;background-color: #ffffff\">Nesta primeira edi\u00e7\u00e3o, o artigo em destaque abordar\u00e1 a import\u00e2ncia das pol\u00edticas p\u00fablicas executadas pela Conab para a agricultura familiar e para a sociedade como um todo, com destaque para os indicadores de execu\u00e7\u00e3o dos \u00faltimos anos do Programa de Aquisi\u00e7\u00e3o de Alimentos (PAA) e da Pol\u00edtica de Garantia de Pre\u00e7os M\u00ednimos para os Produtos da Sociobiodiversidade (PGPM-Bio).<\/p>\n<p class=\"\" style=\"margin: 0px 0px 20px;padding: 0px;font-family: rawline, helvetica, arial, sans-serif;font-weight: 400;font-size: 16px;color: #555555;line-height: 1.75;border: 0px;letter-spacing: normal;vertical-align: baseline;font-style: normal;text-align: start;text-indent: 0px;text-transform: none;background-color: #ffffff\">\u201cO desafio de se apresentar para a sociedade brasileira um Boletim da Agricultura Familiar n\u00e3o \u00e9 pequeno. Al\u00e9m da import\u00e2ncia, a abrang\u00eancia do tema torna necess\u00e1ria uma grande capacidade de s\u00edntese e objetividade\u201d refor\u00e7a o superintendente de Estudos Agroalimentares e da Sociobiodiversidade da estatal, Marisson Marinho. Ele ainda ressalta que a atua\u00e7\u00e3o da Conab junto aos agricultores e agricultoras familiares ocorre desde muito tempo, tendo sido intensificado a partir do in\u00edcio dos anos 2000. \u201cTal situa\u00e7\u00e3o fez com que a Companhia se apropriasse de um grande n\u00famero de informa\u00e7\u00f5es e passasse a ser uma institui\u00e7\u00e3o de refer\u00eancia sobre o setor\u201d.<\/p>\n<p class=\"\" style=\"margin: 0px 0px 20px;padding: 0px;font-family: rawline, helvetica, arial, sans-serif;font-weight: 400;font-size: 16px;color: #555555;line-height: 1.75;border: 0px;letter-spacing: normal;vertical-align: baseline;font-style: normal;text-align: start;text-indent: 0px;text-transform: none;background-color: #ffffff\"><span style=\"font-size: 10pt\">Fonte:\u00a0 <a href=\"https:\/\/www.gov.br\/agricultura\/pt-br\/assuntos\/noticias\/conab-lanca-boletim-com-cenarios-e-perspectivas-para-agricultura-familiar\" target=\"_blank\" rel=\"noopener noreferrer\">https:\/\/www.gov.br\/agricultura\/pt-br\/assuntos\/noticias\/conab-lanca-boletim-com-cenarios-e-perspectivas-para-agricultura-familiar<\/a><\/span><\/p>","protected":false},"excerpt":{"rendered":"<p>O documento da Conab \u00e9 dividido em macro temas, com espa\u00e7os destinados \u00e0s quest\u00f5es de cr\u00e9dito, an\u00e1lise de mercado dos principais produtos, al\u00e9m de entrevistas com os pr\u00f3prios produtores Companhia Nacional de Abastecimento (Conab) fornece uma nova op\u00e7\u00e3o para se buscar informa\u00e7\u00f5es sobre a agricultura familiar. O Boletim da Agricultura Familiar trar\u00e1 uma an\u00e1lise sobre [&hellip;]<\/p>\n","protected":false},"author":2,"featured_media":0,"comment_status":"closed","ping_status":"closed","sticky":false,"template":"","format":"standard","meta":{"ocean_post_layout":"","ocean_both_sidebars_style":"","ocean_both_sidebars_content_width":0,"ocean_both_sidebars_sidebars_width":0,"ocean_sidebar":"","ocean_second_sidebar":"","ocean_disable_margins":"enable","ocean_add_body_class":"","ocean_shortcode_before_top_bar":"","ocean_shortcode_after_top_bar":"","ocean_shortcode_before_header":"","ocean_shortcode_after_header":"","ocean_has_shortcode":"","ocean_shortcode_after_title":"","ocean_shortcode_before_footer_widgets":"","ocean_shortcode_after_footer_widgets":"","ocean_shortcode_before_footer_bottom":"","ocean_shortcode_after_footer_bottom":"","ocean_display_top_bar":"default","ocean_display_header":"default","ocean_header_style":"","ocean_center_header_left_menu":"","ocean_custom_header_template":"","ocean_custom_logo":0,"ocean_custom_retina_logo":0,"ocean_custom_logo_max_width":0,"ocean_custom_logo_tablet_max_width":0,"ocean_custom_logo_mobile_max_width":0,"ocean_custom_logo_max_height":0,"ocean_custom_logo_tablet_max_height":0,"ocean_custom_logo_mobile_max_height":0,"ocean_header_custom_menu":"","ocean_menu_typo_font_family":"","ocean_menu_typo_font_subset":"","ocean_menu_typo_font_size":0,"ocean_menu_typo_font_size_tablet":0,"ocean_menu_typo_font_size_mobile":0,"ocean_menu_typo_font_size_unit":"px","ocean_menu_typo_font_weight":"","ocean_menu_typo_font_weight_tablet":"","ocean_menu_typo_font_weight_mobile":"","ocean_menu_typo_transform":"","ocean_menu_typo_transform_tablet":"","ocean_menu_typo_transform_mobile":"","ocean_menu_typo_line_height":0,"ocean_menu_typo_line_height_tablet":0,"ocean_menu_typo_line_height_mobile":0,"ocean_menu_typo_line_height_unit":"","ocean_menu_typo_spacing":0,"ocean_menu_typo_spacing_tablet":0,"ocean_menu_typo_spacing_mobile":0,"ocean_menu_typo_spacing_unit":"","ocean_menu_link_color":"","ocean_menu_link_color_hover":"","ocean_menu_link_color_active":"","ocean_menu_link_background":"","ocean_menu_link_hover_background":"","ocean_menu_link_active_background":"","ocean_menu_social_links_bg":"","ocean_menu_social_hover_links_bg":"","ocean_menu_social_links_color":"","ocean_menu_social_hover_links_color":"","ocean_disable_title":"default","ocean_disable_heading":"default","ocean_post_title":"","ocean_post_subheading":"","ocean_post_title_style":"","ocean_post_title_background_color":"","ocean_post_title_background":0,"ocean_post_title_bg_image_position":"","ocean_post_title_bg_image_attachment":"","ocean_post_title_bg_image_repeat":"","ocean_post_title_bg_image_size":"","ocean_post_title_height":0,"ocean_post_title_bg_overlay":0.5,"ocean_post_title_bg_overlay_color":"","ocean_disable_breadcrumbs":"default","ocean_breadcrumbs_color":"","ocean_breadcrumbs_separator_color":"","ocean_breadcrumbs_links_color":"","ocean_breadcrumbs_links_hover_color":"","ocean_display_footer_widgets":"default","ocean_display_footer_bottom":"default","ocean_custom_footer_template":"","ocean_post_oembed":"","ocean_post_self_hosted_media":"","ocean_post_video_embed":"","ocean_link_format":"","ocean_link_format_target":"self","ocean_quote_format":"","ocean_quote_format_link":"post","ocean_gallery_link_images":"on","ocean_gallery_id":[],"footnotes":""},"categories":[26],"tags":[],"class_list":["post-1832","post","type-post","status-publish","format-standard","hentry","category-noticias-pci","entry"],"yoast_head":"<!-- This site is optimized with the Yoast SEO plugin v27.1.1 - https:\/\/yoast.com\/product\/yoast-seo-wordpress\/ -->\n<title>Conab lan\u00e7a Boletim da Agricultura Familiar<\/title>\n<meta name=\"description\" content=\"Saiba tudo sobre o novo informativo da Conab para o setor agrofamiliar. Ele trar\u00e1 diversas informa\u00e7\u00f5es relevantes.\" \/>\n<meta name=\"robots\" content=\"index, follow, max-snippet:-1, max-image-preview:large, max-video-preview:-1\" \/>\n<link rel=\"canonical\" href=\"https:\/\/pcimt.org\/en\/conab-lanca-boletim-com-cenarios-e-perspectivas-para-agricultura-familiar\/\" \/>\n<meta property=\"og:locale\" content=\"en_US\" \/>\n<meta property=\"og:type\" content=\"article\" \/>\n<meta property=\"og:title\" content=\"Conab lan\u00e7a Boletim da Agricultura Familiar\" \/>\n<meta property=\"og:description\" content=\"Saiba tudo sobre o novo informativo da Conab para o setor agrofamiliar. Ele trar\u00e1 diversas informa\u00e7\u00f5es relevantes.\" \/>\n<meta property=\"og:url\" content=\"https:\/\/pcimt.org\/en\/conab-lanca-boletim-com-cenarios-e-perspectivas-para-agricultura-familiar\/\" \/>\n<meta property=\"og:site_name\" content=\"PCI\" \/>\n<meta property=\"article:published_time\" content=\"2020-06-24T22:21:24+00:00\" \/>\n<meta property=\"article:modified_time\" content=\"2025-03-14T15:45:19+00:00\" \/>\n<meta property=\"og:image\" content=\"https:\/\/www.gov.br\/agricultura\/pt-br\/assuntos\/noticias\/conab-lanca-boletim-com-cenarios-e-perspectivas-para-agricultura-familiar\/boletim-agricultura-familiar.jpg\/@@images\/648f352a-44c8-4259-9722-d6b288b2a26c.jpeg\" \/>\n<meta name=\"author\" content=\"Nvlo\" \/>\n<meta name=\"twitter:card\" content=\"summary_large_image\" \/>\n<meta name=\"twitter:label1\" content=\"Written by\" \/>\n\t<meta name=\"twitter:data1\" content=\"Nvlo\" \/>\n\t<meta name=\"twitter:label2\" content=\"Est. reading time\" \/>\n\t<meta name=\"twitter:data2\" content=\"4 minutes\" \/>\n<script type=\"application\/ld+json\" class=\"yoast-schema-graph\">{\"@context\":\"https:\/\/schema.org\",\"@graph\":[{\"@type\":\"Article\",\"@id\":\"https:\/\/pcimt.org\/conab-lanca-boletim-com-cenarios-e-perspectivas-para-agricultura-familiar\/#article\",\"isPartOf\":{\"@id\":\"https:\/\/pcimt.org\/conab-lanca-boletim-com-cenarios-e-perspectivas-para-agricultura-familiar\/\"},\"author\":{\"name\":\"Nvlo\",\"@id\":\"https:\/\/pcimt.org\/#\/schema\/person\/0157b9ecd4b40c936045ea21257e1ba2\"},\"headline\":\"Conab lan\u00e7a boletim com cen\u00e1rios e perspectivas para agricultura familiar\",\"datePublished\":\"2020-06-24T22:21:24+00:00\",\"dateModified\":\"2025-03-14T15:45:19+00:00\",\"mainEntityOfPage\":{\"@id\":\"https:\/\/pcimt.org\/conab-lanca-boletim-com-cenarios-e-perspectivas-para-agricultura-familiar\/\"},\"wordCount\":637,\"image\":{\"@id\":\"https:\/\/pcimt.org\/conab-lanca-boletim-com-cenarios-e-perspectivas-para-agricultura-familiar\/#primaryimage\"},\"thumbnailUrl\":\"https:\/\/www.gov.br\/agricultura\/pt-br\/assuntos\/noticias\/conab-lanca-boletim-com-cenarios-e-perspectivas-para-agricultura-familiar\/boletim-agricultura-familiar.jpg\/@@images\/648f352a-44c8-4259-9722-d6b288b2a26c.jpeg\",\"articleSection\":[\"Noticias-PCI\"],\"inLanguage\":\"en-US\"},{\"@type\":\"WebPage\",\"@id\":\"https:\/\/pcimt.org\/conab-lanca-boletim-com-cenarios-e-perspectivas-para-agricultura-familiar\/\",\"url\":\"https:\/\/pcimt.org\/conab-lanca-boletim-com-cenarios-e-perspectivas-para-agricultura-familiar\/\",\"name\":\"Conab lan\u00e7a Boletim da Agricultura Familiar\",\"isPartOf\":{\"@id\":\"https:\/\/pcimt.org\/#website\"},\"primaryImageOfPage\":{\"@id\":\"https:\/\/pcimt.org\/conab-lanca-boletim-com-cenarios-e-perspectivas-para-agricultura-familiar\/#primaryimage\"},\"image\":{\"@id\":\"https:\/\/pcimt.org\/conab-lanca-boletim-com-cenarios-e-perspectivas-para-agricultura-familiar\/#primaryimage\"},\"thumbnailUrl\":\"https:\/\/www.gov.br\/agricultura\/pt-br\/assuntos\/noticias\/conab-lanca-boletim-com-cenarios-e-perspectivas-para-agricultura-familiar\/boletim-agricultura-familiar.jpg\/@@images\/648f352a-44c8-4259-9722-d6b288b2a26c.jpeg\",\"datePublished\":\"2020-06-24T22:21:24+00:00\",\"dateModified\":\"2025-03-14T15:45:19+00:00\",\"author\":{\"@id\":\"https:\/\/pcimt.org\/#\/schema\/person\/0157b9ecd4b40c936045ea21257e1ba2\"},\"description\":\"Saiba tudo sobre o novo informativo da Conab para o setor agrofamiliar. Ele trar\u00e1 diversas informa\u00e7\u00f5es relevantes.\",\"breadcrumb\":{\"@id\":\"https:\/\/pcimt.org\/conab-lanca-boletim-com-cenarios-e-perspectivas-para-agricultura-familiar\/#breadcrumb\"},\"inLanguage\":\"en-US\",\"potentialAction\":[{\"@type\":\"ReadAction\",\"target\":[\"https:\/\/pcimt.org\/conab-lanca-boletim-com-cenarios-e-perspectivas-para-agricultura-familiar\/\"]}]},{\"@type\":\"ImageObject\",\"inLanguage\":\"en-US\",\"@id\":\"https:\/\/pcimt.org\/conab-lanca-boletim-com-cenarios-e-perspectivas-para-agricultura-familiar\/#primaryimage\",\"url\":\"https:\/\/www.gov.br\/agricultura\/pt-br\/assuntos\/noticias\/conab-lanca-boletim-com-cenarios-e-perspectivas-para-agricultura-familiar\/boletim-agricultura-familiar.jpg\/@@images\/648f352a-44c8-4259-9722-d6b288b2a26c.jpeg\",\"contentUrl\":\"https:\/\/www.gov.br\/agricultura\/pt-br\/assuntos\/noticias\/conab-lanca-boletim-com-cenarios-e-perspectivas-para-agricultura-familiar\/boletim-agricultura-familiar.jpg\/@@images\/648f352a-44c8-4259-9722-d6b288b2a26c.jpeg\"},{\"@type\":\"BreadcrumbList\",\"@id\":\"https:\/\/pcimt.org\/conab-lanca-boletim-com-cenarios-e-perspectivas-para-agricultura-familiar\/#breadcrumb\",\"itemListElement\":[{\"@type\":\"ListItem\",\"position\":1,\"name\":\"In\u00edcio\",\"item\":\"https:\/\/pcimt.org\/\"},{\"@type\":\"ListItem\",\"position\":2,\"name\":\"Conab lan\u00e7a boletim com cen\u00e1rios e perspectivas para agricultura familiar\"}]},{\"@type\":\"WebSite\",\"@id\":\"https:\/\/pcimt.org\/#website\",\"url\":\"https:\/\/pcimt.org\/\",\"name\":\"PCI\",\"description\":\"Produzir, Conservar e Incluir\",\"potentialAction\":[{\"@type\":\"SearchAction\",\"target\":{\"@type\":\"EntryPoint\",\"urlTemplate\":\"https:\/\/pcimt.org\/?s={search_term_string}\"},\"query-input\":{\"@type\":\"PropertyValueSpecification\",\"valueRequired\":true,\"valueName\":\"search_term_string\"}}],\"inLanguage\":\"en-US\"},{\"@type\":\"Person\",\"@id\":\"https:\/\/pcimt.org\/#\/schema\/person\/0157b9ecd4b40c936045ea21257e1ba2\",\"name\":\"Nvlo\",\"url\":\"https:\/\/pcimt.org\/en\/author\/nvlo\/\"}]}<\/script>\n<!-- \/ Yoast SEO plugin. -->","yoast_head_json":{"title":"Conab lan\u00e7a Boletim da Agricultura Familiar","description":"Saiba tudo sobre o novo informativo da Conab para o setor agrofamiliar. Ele trar\u00e1 diversas informa\u00e7\u00f5es relevantes.","robots":{"index":"index","follow":"follow","max-snippet":"max-snippet:-1","max-image-preview":"max-image-preview:large","max-video-preview":"max-video-preview:-1"},"canonical":"https:\/\/pcimt.org\/en\/conab-lanca-boletim-com-cenarios-e-perspectivas-para-agricultura-familiar\/","og_locale":"en_US","og_type":"article","og_title":"Conab lan\u00e7a Boletim da Agricultura Familiar","og_description":"Saiba tudo sobre o novo informativo da Conab para o setor agrofamiliar. Ele trar\u00e1 diversas informa\u00e7\u00f5es relevantes.","og_url":"https:\/\/pcimt.org\/en\/conab-lanca-boletim-com-cenarios-e-perspectivas-para-agricultura-familiar\/","og_site_name":"PCI","article_published_time":"2020-06-24T22:21:24+00:00","article_modified_time":"2025-03-14T15:45:19+00:00","og_image":[{"url":"https:\/\/www.gov.br\/agricultura\/pt-br\/assuntos\/noticias\/conab-lanca-boletim-com-cenarios-e-perspectivas-para-agricultura-familiar\/boletim-agricultura-familiar.jpg\/@@images\/648f352a-44c8-4259-9722-d6b288b2a26c.jpeg","type":"","width":"","height":""}],"author":"Nvlo","twitter_card":"summary_large_image","twitter_misc":{"Written by":"Nvlo","Est. reading time":"4 minutes"},"schema":{"@context":"https:\/\/schema.org","@graph":[{"@type":"Article","@id":"https:\/\/pcimt.org\/conab-lanca-boletim-com-cenarios-e-perspectivas-para-agricultura-familiar\/#article","isPartOf":{"@id":"https:\/\/pcimt.org\/conab-lanca-boletim-com-cenarios-e-perspectivas-para-agricultura-familiar\/"},"author":{"name":"Nvlo","@id":"https:\/\/pcimt.org\/#\/schema\/person\/0157b9ecd4b40c936045ea21257e1ba2"},"headline":"Conab lan\u00e7a boletim com cen\u00e1rios e perspectivas para agricultura familiar","datePublished":"2020-06-24T22:21:24+00:00","dateModified":"2025-03-14T15:45:19+00:00","mainEntityOfPage":{"@id":"https:\/\/pcimt.org\/conab-lanca-boletim-com-cenarios-e-perspectivas-para-agricultura-familiar\/"},"wordCount":637,"image":{"@id":"https:\/\/pcimt.org\/conab-lanca-boletim-com-cenarios-e-perspectivas-para-agricultura-familiar\/#primaryimage"},"thumbnailUrl":"https:\/\/www.gov.br\/agricultura\/pt-br\/assuntos\/noticias\/conab-lanca-boletim-com-cenarios-e-perspectivas-para-agricultura-familiar\/boletim-agricultura-familiar.jpg\/@@images\/648f352a-44c8-4259-9722-d6b288b2a26c.jpeg","articleSection":["Noticias-PCI"],"inLanguage":"en-US"},{"@type":"WebPage","@id":"https:\/\/pcimt.org\/conab-lanca-boletim-com-cenarios-e-perspectivas-para-agricultura-familiar\/","url":"https:\/\/pcimt.org\/conab-lanca-boletim-com-cenarios-e-perspectivas-para-agricultura-familiar\/","name":"Conab lan\u00e7a Boletim da Agricultura Familiar","isPartOf":{"@id":"https:\/\/pcimt.org\/#website"},"primaryImageOfPage":{"@id":"https:\/\/pcimt.org\/conab-lanca-boletim-com-cenarios-e-perspectivas-para-agricultura-familiar\/#primaryimage"},"image":{"@id":"https:\/\/pcimt.org\/conab-lanca-boletim-com-cenarios-e-perspectivas-para-agricultura-familiar\/#primaryimage"},"thumbnailUrl":"https:\/\/www.gov.br\/agricultura\/pt-br\/assuntos\/noticias\/conab-lanca-boletim-com-cenarios-e-perspectivas-para-agricultura-familiar\/boletim-agricultura-familiar.jpg\/@@images\/648f352a-44c8-4259-9722-d6b288b2a26c.jpeg","datePublished":"2020-06-24T22:21:24+00:00","dateModified":"2025-03-14T15:45:19+00:00","author":{"@id":"https:\/\/pcimt.org\/#\/schema\/person\/0157b9ecd4b40c936045ea21257e1ba2"},"description":"Saiba tudo sobre o novo informativo da Conab para o setor agrofamiliar. Ele trar\u00e1 diversas informa\u00e7\u00f5es relevantes.","breadcrumb":{"@id":"https:\/\/pcimt.org\/conab-lanca-boletim-com-cenarios-e-perspectivas-para-agricultura-familiar\/#breadcrumb"},"inLanguage":"en-US","potentialAction":[{"@type":"ReadAction","target":["https:\/\/pcimt.org\/conab-lanca-boletim-com-cenarios-e-perspectivas-para-agricultura-familiar\/"]}]},{"@type":"ImageObject","inLanguage":"en-US","@id":"https:\/\/pcimt.org\/conab-lanca-boletim-com-cenarios-e-perspectivas-para-agricultura-familiar\/#primaryimage","url":"https:\/\/www.gov.br\/agricultura\/pt-br\/assuntos\/noticias\/conab-lanca-boletim-com-cenarios-e-perspectivas-para-agricultura-familiar\/boletim-agricultura-familiar.jpg\/@@images\/648f352a-44c8-4259-9722-d6b288b2a26c.jpeg","contentUrl":"https:\/\/www.gov.br\/agricultura\/pt-br\/assuntos\/noticias\/conab-lanca-boletim-com-cenarios-e-perspectivas-para-agricultura-familiar\/boletim-agricultura-familiar.jpg\/@@images\/648f352a-44c8-4259-9722-d6b288b2a26c.jpeg"},{"@type":"BreadcrumbList","@id":"https:\/\/pcimt.org\/conab-lanca-boletim-com-cenarios-e-perspectivas-para-agricultura-familiar\/#breadcrumb","itemListElement":[{"@type":"ListItem","position":1,"name":"In\u00edcio","item":"https:\/\/pcimt.org\/"},{"@type":"ListItem","position":2,"name":"Conab lan\u00e7a boletim com cen\u00e1rios e perspectivas para agricultura familiar"}]},{"@type":"WebSite","@id":"https:\/\/pcimt.org\/#website","url":"https:\/\/pcimt.org\/","name":"The PCI","description":"Produce, Conserve and Include","potentialAction":[{"@type":"SearchAction","target":{"@type":"EntryPoint","urlTemplate":"https:\/\/pcimt.org\/?s={search_term_string}"},"query-input":{"@type":"PropertyValueSpecification","valueRequired":true,"valueName":"search_term_string"}}],"inLanguage":"en-US"},{"@type":"Person","@id":"https:\/\/pcimt.org\/#\/schema\/person\/0157b9ecd4b40c936045ea21257e1ba2","name":"Nvlo","url":"https:\/\/pcimt.org\/en\/author\/nvlo\/"}]}},"_links":{"self":[{"href":"https:\/\/pcimt.org\/en\/wp-json\/wp\/v2\/posts\/1832","targetHints":{"allow":["GET"]}}],"collection":[{"href":"https:\/\/pcimt.org\/en\/wp-json\/wp\/v2\/posts"}],"about":[{"href":"https:\/\/pcimt.org\/en\/wp-json\/wp\/v2\/types\/post"}],"author":[{"embeddable":true,"href":"https:\/\/pcimt.org\/en\/wp-json\/wp\/v2\/users\/2"}],"replies":[{"embeddable":true,"href":"https:\/\/pcimt.org\/en\/wp-json\/wp\/v2\/comments?post=1832"}],"version-history":[{"count":3,"href":"https:\/\/pcimt.org\/en\/wp-json\/wp\/v2\/posts\/1832\/revisions"}],"predecessor-version":[{"id":3604,"href":"https:\/\/pcimt.org\/en\/wp-json\/wp\/v2\/posts\/1832\/revisions\/3604"}],"wp:attachment":[{"href":"https:\/\/pcimt.org\/en\/wp-json\/wp\/v2\/media?parent=1832"}],"wp:term":[{"taxonomy":"category","embeddable":true,"href":"https:\/\/pcimt.org\/en\/wp-json\/wp\/v2\/categories?post=1832"},{"taxonomy":"post_tag","embeddable":true,"href":"https:\/\/pcimt.org\/en\/wp-json\/wp\/v2\/tags?post=1832"}],"curies":[{"name":"wp","href":"https:\/\/api.w.org\/{rel}","templated":true}]}}