{"id":1825,"date":"2020-06-24T19:21:24","date_gmt":"2020-06-24T22:21:24","guid":{"rendered":"https:\/\/pcimt.org\/corpo-de-bombeiros-e-sema-iniciam-construcao-de-aceiros-mecanicos-no-parque-encontro-das-aguas\/"},"modified":"2025-03-14T12:45:11","modified_gmt":"2025-03-14T15:45:11","slug":"corpo-de-bombeiros-e-sema-iniciam-construcao-de-aceiros-mecanicos-no-parque-encontro-das-aguas","status":"publish","type":"post","link":"https:\/\/pcimt.org\/en\/corpo-de-bombeiros-e-sema-iniciam-construcao-de-aceiros-mecanicos-no-parque-encontro-das-aguas\/","title":{"rendered":"Corpo de Bombeiros e Sema iniciam constru\u00e7\u00e3o de aceiros mec\u00e2nicos no Parque Encontro das \u00c1guas"},"content":{"rendered":"<div class=\"direct-image direct-image-horz\" style=\"font-family: Calibri;margin: 0px 0px 21px;padding: 0px;color: #495057;font-size: 18px;font-style: normal;font-weight: 400;letter-spacing: normal;text-align: start;text-indent: 0px;text-transform: none;background-color: #ffffff\">\n<div class=\"caption-top\" style=\"font-family: Calibri;margin: 0px;padding: 3px 6px;background: #eeeff2;border-radius: 5px 5px 0px 0px;font-style: italic;color: #717782;font-size: 0.91em\">objetivo da constru\u00e7\u00e3o de aceiros mec\u00e2nicos foi reduzir a quantidade de biomassa presente na vegeta\u00e7\u00e3o local para preven\u00e7\u00e3o de grandes inc\u00eandios. &#8211; Foto por: Michel Alvim &#8211; SECOM\/MT<\/div>\n<div class=\"image-box\" style=\"font-family: Calibri;margin: 0px;padding: 0px\"><img decoding=\"async\" class=\"img-polaroid img-fulltext-left caption img-responsive\" style=\"font-family: Calibri;margin: 0px;padding: 0px;border: 0px;vertical-align: text-bottom;max-width: 100%;height: auto\" title=\"objetivo dos trabalhos foi reduzir a quantidade de biomassa presente na vegeta\u00e7\u00e3o local para preven\u00e7\u00e3o de grandes inc\u00eandios. - Foto por: Michel Alvim - SECOM\/MT\" src=\"http:\/\/www.mt.gov.br\/documents\/21013\/17169677\/17+06+2021+-+Corpo+de+Bombeiros+e+Sema+iniciam+queimas+prescritas+e+aceiros+no+Parque+Encontro+das+%C3%81guas%2C+no+Pantanal+%2814%29.jpg\/e45ab828-c313-12fc-9ddf-c83783c338a2?t=1623960696078+&amp;imageThumbnail=3\" alt=\"imagem sem descri\u00e7\u00e3o.\" \/><\/div>\n<\/div>\n<p style=\"font-family: Calibri;margin: 0px 0px 10px;padding: 0px;color: #495057;font-size: 18px;font-style: normal;font-weight: 400;letter-spacing: normal;text-indent: 0px;text-transform: none;background-color: #ffffff;text-align: justify\">O Corpo de Bombeiros Militares (CBM-MT) e a Secretaria de Estado de Meio Ambiente (Sema-MT) iniciaram na \u00faltima quarta-feira (16.06) a constru\u00e7\u00e3o de aceiros mec\u00e2nicos na regi\u00e3o do Parque Encontro das \u00c1guas, localizado no Pantanal mato-grossense, em Pocon\u00e9 (104 km distante de Cuiab\u00e1). As equipes t\u00e9cnicas avaliaram que esta modalidade, sem uso do fogo, era a mais adequada para aquela \u00e1rea.<\/p>\n<p style=\"font-family: Calibri;margin: 0px 0px 10px;padding: 0px;color: #495057;font-size: 18px;font-style: normal;font-weight: 400;letter-spacing: normal;text-indent: 0px;text-transform: none;background-color: #ffffff;text-align: justify\">As demarca\u00e7\u00f5es com maquin\u00e1rios pesados tiveram in\u00edcio por volta de 7h, quando ainda n\u00e3o h\u00e1 sol. As equipes retiram vegeta\u00e7\u00e3o &#8211; que serve como combust\u00edvel para o fogo &#8211; de locais estrat\u00e9gicos, e formam o que chamam de &#8220;linhas de defesa&#8221;, uma barreira natural por onde o fogo n\u00e3o passa. A a\u00e7\u00e3o aconteceu em parceria tamb\u00e9m com a Associa\u00e7\u00e3o de Defesa do Pantanal (Adepan).<\/p>\n<p style=\"font-family: Calibri;margin: 0px 0px 10px;padding: 0px;color: #495057;font-size: 18px;font-style: normal;font-weight: 400;letter-spacing: normal;text-indent: 0px;text-transform: none;background-color: #ffffff;text-align: justify\">&#8220;O Corpo de Bombeiros est\u00e1 auxiliando a Sema na execu\u00e7\u00e3o do plano de preven\u00e7\u00e3o aos inc\u00eandios do Parque, na constru\u00e7\u00e3o das linhas de defesa, que vai ajudar a mitigar os focos de calor, para que a gente possa combater de forma mais facilitada caso aconte\u00e7am os inc\u00eandios&#8221;, explica o comandante da Companhia de Preven\u00e7\u00e3o e Combate aos Inc\u00eandios Florestais do BEA, 1\u00b0 tenente Isaac Wihby.<\/p>\n<p style=\"font-family: Calibri;margin: 0px 0px 10px;padding: 0px;color: #495057;font-size: 18px;font-style: normal;font-weight: 400;letter-spacing: normal;text-indent: 0px;text-transform: none;background-color: #ffffff;text-align: justify\">O objetivo \u00e9 proteger dos inc\u00eandios a regi\u00e3o conhecida como &#8220;ref\u00fagio das on\u00e7as&#8221;, localizada no cora\u00e7\u00e3o do Pantanal, que foi castigado pelo fogo no ano anterior. O Parque Estadual Encontro das \u00c1guas \u00e9 uma \u00e1rea de prote\u00e7\u00e3o integral de 108 mil hectares que abrange Pocon\u00e9 e Bar\u00e3o de Melga\u00e7o, gerida pela Sema-MT.<\/p>\n<p style=\"font-family: Calibri;margin: 0px 0px 10px;padding: 0px;color: #495057;font-size: 18px;font-style: normal;font-weight: 400;letter-spacing: normal;text-indent: 0px;text-transform: none;background-color: #ffffff;text-align: justify\">Os aceiros s\u00e3o demarca\u00e7\u00f5es para criar uma esp\u00e9cie de faixa ao longo das cercas, onde a vegeta\u00e7\u00e3o \u00e9 completamente eliminada da superf\u00edcie do solo. A finalidade \u00e9 prevenir a passagem do fogo para a \u00e1rea de vegeta\u00e7\u00e3o, evitando queimadas e criando espa\u00e7os para que os animais possam escapar das chamas.<\/p>\n<p style=\"font-family: Calibri;margin: 0px 0px 10px;padding: 0px;color: #495057;font-size: 18px;font-style: normal;font-weight: 400;letter-spacing: normal;text-indent: 0px;text-transform: none;background-color: #ffffff;text-align: justify\">A avalia\u00e7\u00e3o das condi\u00e7\u00f5es clim\u00e1ticas, tendo em vista que algumas \u00e1reas do Parque ainda est\u00e3o \u00famidas, foi determinante para a defini\u00e7\u00e3o de que a modalidade de aceiro mec\u00e2nico fosse a escolhida.<\/p>\n<p style=\"font-family: Calibri;margin: 0px 0px 10px;padding: 0px;color: #495057;font-size: 18px;font-style: normal;font-weight: 400;letter-spacing: normal;text-indent: 0px;text-transform: none;background-color: #ffffff;text-align: justify\">Conforme a superintendente de Mudan\u00e7as Clim\u00e1ticas e Biodiversidade, Gabriela Priante, esta \u00e9 uma a\u00e7\u00e3o cont\u00ednua que vai continuar sendo feita no entorno do Parque. Os maquin\u00e1rios utilizados foram apreendidos de infratores flagrados em crimes ambientais.<\/p>\n<p style=\"font-family: Calibri;margin: 0px 0px 10px;padding: 0px;color: #495057;font-size: 18px;font-style: normal;font-weight: 400;letter-spacing: normal;text-indent: 0px;text-transform: none;background-color: #ffffff;text-align: justify\"><strong style=\"font-family: Calibri;margin: 0px;padding: 0px;font-weight: bold\">Capacita\u00e7\u00e3o<\/strong><\/p>\n<p style=\"font-family: Calibri;margin: 0px 0px 10px;padding: 0px;color: #495057;font-size: 18px;font-style: normal;font-weight: 400;letter-spacing: normal;text-indent: 0px;text-transform: none;background-color: #ffffff;text-align: justify\">Os aceiros mec\u00e2nicos foram feitos por servidores que foram capacitados para a opera\u00e7\u00e3o de p\u00e1s carregadeiras, com o objetivo de somar esfor\u00e7os qualificados no enfrentamento ao fogo em per\u00edodos cr\u00edticos, e na preven\u00e7\u00e3o. T\u00e9cnicos da Sema tamb\u00e9m fizeram parte da turma e adquiriram conhecimento que possibilita a remo\u00e7\u00e3o dos maquin\u00e1rios em caso de apreens\u00e3o em crime ambiental.<\/p>\n<p style=\"font-family: Calibri;margin: 0px 0px 10px;padding: 0px;color: #495057;font-size: 18px;font-style: normal;font-weight: 400;letter-spacing: normal;text-indent: 0px;text-transform: none;background-color: #ffffff;text-align: justify\">Foram capacitados 25 servidores, entre Bombeiros Militares do Estado de Mato Grosso pertencentes ao Batalh\u00e3o de Emerg\u00eancias Ambientais e sete comandos regionais, e analistas ambientais da Secretaria de Estado de Meio Ambiente (<a href=\"https:\/\/portal.sema.mt.gov.br\/\">Sema-MT<\/a>), entre os dias 3 e 5 de junho. O curso foi realizado em parceria com o Servi\u00e7o Nacional de Aprendizagem Rural (SENAR).<\/p>\n<p style=\"font-family: Calibri;margin: 0px 0px 10px;padding: 0px;color: #495057;font-size: 18px;font-style: normal;font-weight: 400;letter-spacing: normal;text-indent: 0px;text-transform: none;background-color: #ffffff;text-align: justify\"><span style=\"font-size: 10pt\">Fonte:http:\/\/www.sema.mt.gov.br\/site\/index.php\/sema\/noticias\/5499-corpo-de-bombeiros-e-sema-iniciam-constru%C3%A7%C3%A3o-de-aceiros-mec%C3%A2nicos-no-parque-encontro-das-%C3%A1guas<\/span><\/p>","protected":false},"excerpt":{"rendered":"<p>objetivo da constru\u00e7\u00e3o de aceiros mec\u00e2nicos foi reduzir a quantidade de biomassa presente na vegeta\u00e7\u00e3o local para preven\u00e7\u00e3o de grandes inc\u00eandios. &#8211; Foto por: Michel Alvim &#8211; SECOM\/MT O Corpo de Bombeiros Militares (CBM-MT) e a Secretaria de Estado de Meio Ambiente (Sema-MT) iniciaram na \u00faltima quarta-feira (16.06) a constru\u00e7\u00e3o de aceiros mec\u00e2nicos na regi\u00e3o [&hellip;]<\/p>\n","protected":false},"author":2,"featured_media":0,"comment_status":"closed","ping_status":"closed","sticky":false,"template":"","format":"standard","meta":{"ocean_post_layout":"","ocean_both_sidebars_style":"","ocean_both_sidebars_content_width":0,"ocean_both_sidebars_sidebars_width":0,"ocean_sidebar":"","ocean_second_sidebar":"","ocean_disable_margins":"enable","ocean_add_body_class":"","ocean_shortcode_before_top_bar":"","ocean_shortcode_after_top_bar":"","ocean_shortcode_before_header":"","ocean_shortcode_after_header":"","ocean_has_shortcode":"","ocean_shortcode_after_title":"","ocean_shortcode_before_footer_widgets":"","ocean_shortcode_after_footer_widgets":"","ocean_shortcode_before_footer_bottom":"","ocean_shortcode_after_footer_bottom":"","ocean_display_top_bar":"default","ocean_display_header":"default","ocean_header_style":"","ocean_center_header_left_menu":"","ocean_custom_header_template":"","ocean_custom_logo":0,"ocean_custom_retina_logo":0,"ocean_custom_logo_max_width":0,"ocean_custom_logo_tablet_max_width":0,"ocean_custom_logo_mobile_max_width":0,"ocean_custom_logo_max_height":0,"ocean_custom_logo_tablet_max_height":0,"ocean_custom_logo_mobile_max_height":0,"ocean_header_custom_menu":"","ocean_menu_typo_font_family":"","ocean_menu_typo_font_subset":"","ocean_menu_typo_font_size":0,"ocean_menu_typo_font_size_tablet":0,"ocean_menu_typo_font_size_mobile":0,"ocean_menu_typo_font_size_unit":"px","ocean_menu_typo_font_weight":"","ocean_menu_typo_font_weight_tablet":"","ocean_menu_typo_font_weight_mobile":"","ocean_menu_typo_transform":"","ocean_menu_typo_transform_tablet":"","ocean_menu_typo_transform_mobile":"","ocean_menu_typo_line_height":0,"ocean_menu_typo_line_height_tablet":0,"ocean_menu_typo_line_height_mobile":0,"ocean_menu_typo_line_height_unit":"","ocean_menu_typo_spacing":0,"ocean_menu_typo_spacing_tablet":0,"ocean_menu_typo_spacing_mobile":0,"ocean_menu_typo_spacing_unit":"","ocean_menu_link_color":"","ocean_menu_link_color_hover":"","ocean_menu_link_color_active":"","ocean_menu_link_background":"","ocean_menu_link_hover_background":"","ocean_menu_link_active_background":"","ocean_menu_social_links_bg":"","ocean_menu_social_hover_links_bg":"","ocean_menu_social_links_color":"","ocean_menu_social_hover_links_color":"","ocean_disable_title":"default","ocean_disable_heading":"default","ocean_post_title":"","ocean_post_subheading":"","ocean_post_title_style":"","ocean_post_title_background_color":"","ocean_post_title_background":0,"ocean_post_title_bg_image_position":"","ocean_post_title_bg_image_attachment":"","ocean_post_title_bg_image_repeat":"","ocean_post_title_bg_image_size":"","ocean_post_title_height":0,"ocean_post_title_bg_overlay":0.5,"ocean_post_title_bg_overlay_color":"","ocean_disable_breadcrumbs":"default","ocean_breadcrumbs_color":"","ocean_breadcrumbs_separator_color":"","ocean_breadcrumbs_links_color":"","ocean_breadcrumbs_links_hover_color":"","ocean_display_footer_widgets":"default","ocean_display_footer_bottom":"default","ocean_custom_footer_template":"","ocean_post_oembed":"","ocean_post_self_hosted_media":"","ocean_post_video_embed":"","ocean_link_format":"","ocean_link_format_target":"self","ocean_quote_format":"","ocean_quote_format_link":"post","ocean_gallery_link_images":"on","ocean_gallery_id":[],"footnotes":""},"categories":[26],"tags":[],"class_list":["post-1825","post","type-post","status-publish","format-standard","hentry","category-noticias-pci","entry"],"yoast_head":"<!-- This site is optimized with the Yoast SEO plugin v27.1.1 - https:\/\/yoast.com\/product\/yoast-seo-wordpress\/ -->\n<title>Constru\u00e7\u00e3o de aceiros mec\u00e2nicos no Pantanal contra inc\u00eandios<\/title>\n<meta name=\"description\" content=\"CBMMT e Sema fazem a constru\u00e7\u00e3o de aceiros mec\u00e2nicos como medida de seguran\u00e7a para combate a queimadas ilegais no Pantanal.\" \/>\n<meta name=\"robots\" content=\"index, follow, max-snippet:-1, max-image-preview:large, max-video-preview:-1\" \/>\n<link rel=\"canonical\" href=\"https:\/\/pcimt.org\/en\/corpo-de-bombeiros-e-sema-iniciam-construcao-de-aceiros-mecanicos-no-parque-encontro-das-aguas\/\" \/>\n<meta property=\"og:locale\" content=\"en_US\" \/>\n<meta property=\"og:type\" content=\"article\" \/>\n<meta property=\"og:title\" content=\"Constru\u00e7\u00e3o de aceiros mec\u00e2nicos no Pantanal contra inc\u00eandios\" \/>\n<meta property=\"og:description\" content=\"CBMMT e Sema fazem a constru\u00e7\u00e3o de aceiros mec\u00e2nicos como medida de seguran\u00e7a para combate a queimadas ilegais no Pantanal.\" \/>\n<meta property=\"og:url\" content=\"https:\/\/pcimt.org\/en\/corpo-de-bombeiros-e-sema-iniciam-construcao-de-aceiros-mecanicos-no-parque-encontro-das-aguas\/\" \/>\n<meta property=\"og:site_name\" content=\"PCI\" \/>\n<meta property=\"article:published_time\" content=\"2020-06-24T22:21:24+00:00\" \/>\n<meta property=\"article:modified_time\" content=\"2025-03-14T15:45:11+00:00\" \/>\n<meta property=\"og:image\" content=\"http:\/\/www.mt.gov.br\/documents\/21013\/17169677\/17+06+2021+-+Corpo+de+Bombeiros+e+Sema+iniciam+queimas+prescritas+e+aceiros+no+Parque+Encontro+das+%C3%81guas%2C+no+Pantanal+%2814%29.jpg\/e45ab828-c313-12fc-9ddf-c83783c338a2?t=1623960696078+&amp;imageThumbnail=3\" \/>\n<meta name=\"author\" content=\"Nvlo\" \/>\n<meta name=\"twitter:card\" content=\"summary_large_image\" \/>\n<meta name=\"twitter:label1\" content=\"Written by\" \/>\n\t<meta name=\"twitter:data1\" content=\"Nvlo\" \/>\n\t<meta name=\"twitter:label2\" content=\"Est. reading time\" \/>\n\t<meta name=\"twitter:data2\" content=\"3 minutes\" \/>\n<script type=\"application\/ld+json\" class=\"yoast-schema-graph\">{\"@context\":\"https:\/\/schema.org\",\"@graph\":[{\"@type\":\"Article\",\"@id\":\"https:\/\/pcimt.org\/corpo-de-bombeiros-e-sema-iniciam-construcao-de-aceiros-mecanicos-no-parque-encontro-das-aguas\/#article\",\"isPartOf\":{\"@id\":\"https:\/\/pcimt.org\/corpo-de-bombeiros-e-sema-iniciam-construcao-de-aceiros-mecanicos-no-parque-encontro-das-aguas\/\"},\"author\":{\"name\":\"Nvlo\",\"@id\":\"https:\/\/pcimt.org\/#\/schema\/person\/0157b9ecd4b40c936045ea21257e1ba2\"},\"headline\":\"Corpo de Bombeiros e Sema iniciam constru\u00e7\u00e3o de aceiros mec\u00e2nicos no Parque Encontro das \u00c1guas\",\"datePublished\":\"2020-06-24T22:21:24+00:00\",\"dateModified\":\"2025-03-14T15:45:11+00:00\",\"mainEntityOfPage\":{\"@id\":\"https:\/\/pcimt.org\/corpo-de-bombeiros-e-sema-iniciam-construcao-de-aceiros-mecanicos-no-parque-encontro-das-aguas\/\"},\"wordCount\":599,\"image\":{\"@id\":\"https:\/\/pcimt.org\/corpo-de-bombeiros-e-sema-iniciam-construcao-de-aceiros-mecanicos-no-parque-encontro-das-aguas\/#primaryimage\"},\"thumbnailUrl\":\"http:\/\/www.mt.gov.br\/documents\/21013\/17169677\/17+06+2021+-+Corpo+de+Bombeiros+e+Sema+iniciam+queimas+prescritas+e+aceiros+no+Parque+Encontro+das+%C3%81guas%2C+no+Pantanal+%2814%29.jpg\/e45ab828-c313-12fc-9ddf-c83783c338a2?t=1623960696078+&amp;imageThumbnail=3\",\"articleSection\":[\"Noticias-PCI\"],\"inLanguage\":\"en-US\"},{\"@type\":\"WebPage\",\"@id\":\"https:\/\/pcimt.org\/corpo-de-bombeiros-e-sema-iniciam-construcao-de-aceiros-mecanicos-no-parque-encontro-das-aguas\/\",\"url\":\"https:\/\/pcimt.org\/corpo-de-bombeiros-e-sema-iniciam-construcao-de-aceiros-mecanicos-no-parque-encontro-das-aguas\/\",\"name\":\"Constru\u00e7\u00e3o de aceiros mec\u00e2nicos no Pantanal contra inc\u00eandios\",\"isPartOf\":{\"@id\":\"https:\/\/pcimt.org\/#website\"},\"primaryImageOfPage\":{\"@id\":\"https:\/\/pcimt.org\/corpo-de-bombeiros-e-sema-iniciam-construcao-de-aceiros-mecanicos-no-parque-encontro-das-aguas\/#primaryimage\"},\"image\":{\"@id\":\"https:\/\/pcimt.org\/corpo-de-bombeiros-e-sema-iniciam-construcao-de-aceiros-mecanicos-no-parque-encontro-das-aguas\/#primaryimage\"},\"thumbnailUrl\":\"http:\/\/www.mt.gov.br\/documents\/21013\/17169677\/17+06+2021+-+Corpo+de+Bombeiros+e+Sema+iniciam+queimas+prescritas+e+aceiros+no+Parque+Encontro+das+%C3%81guas%2C+no+Pantanal+%2814%29.jpg\/e45ab828-c313-12fc-9ddf-c83783c338a2?t=1623960696078+&amp;imageThumbnail=3\",\"datePublished\":\"2020-06-24T22:21:24+00:00\",\"dateModified\":\"2025-03-14T15:45:11+00:00\",\"author\":{\"@id\":\"https:\/\/pcimt.org\/#\/schema\/person\/0157b9ecd4b40c936045ea21257e1ba2\"},\"description\":\"CBMMT e Sema fazem a constru\u00e7\u00e3o de aceiros mec\u00e2nicos como medida de seguran\u00e7a para combate a queimadas ilegais no Pantanal.\",\"breadcrumb\":{\"@id\":\"https:\/\/pcimt.org\/corpo-de-bombeiros-e-sema-iniciam-construcao-de-aceiros-mecanicos-no-parque-encontro-das-aguas\/#breadcrumb\"},\"inLanguage\":\"en-US\",\"potentialAction\":[{\"@type\":\"ReadAction\",\"target\":[\"https:\/\/pcimt.org\/corpo-de-bombeiros-e-sema-iniciam-construcao-de-aceiros-mecanicos-no-parque-encontro-das-aguas\/\"]}]},{\"@type\":\"ImageObject\",\"inLanguage\":\"en-US\",\"@id\":\"https:\/\/pcimt.org\/corpo-de-bombeiros-e-sema-iniciam-construcao-de-aceiros-mecanicos-no-parque-encontro-das-aguas\/#primaryimage\",\"url\":\"http:\/\/www.mt.gov.br\/documents\/21013\/17169677\/17+06+2021+-+Corpo+de+Bombeiros+e+Sema+iniciam+queimas+prescritas+e+aceiros+no+Parque+Encontro+das+%C3%81guas%2C+no+Pantanal+%2814%29.jpg\/e45ab828-c313-12fc-9ddf-c83783c338a2?t=1623960696078+&amp;imageThumbnail=3\",\"contentUrl\":\"http:\/\/www.mt.gov.br\/documents\/21013\/17169677\/17+06+2021+-+Corpo+de+Bombeiros+e+Sema+iniciam+queimas+prescritas+e+aceiros+no+Parque+Encontro+das+%C3%81guas%2C+no+Pantanal+%2814%29.jpg\/e45ab828-c313-12fc-9ddf-c83783c338a2?t=1623960696078+&amp;imageThumbnail=3\"},{\"@type\":\"BreadcrumbList\",\"@id\":\"https:\/\/pcimt.org\/corpo-de-bombeiros-e-sema-iniciam-construcao-de-aceiros-mecanicos-no-parque-encontro-das-aguas\/#breadcrumb\",\"itemListElement\":[{\"@type\":\"ListItem\",\"position\":1,\"name\":\"In\u00edcio\",\"item\":\"https:\/\/pcimt.org\/\"},{\"@type\":\"ListItem\",\"position\":2,\"name\":\"Corpo de Bombeiros e Sema iniciam constru\u00e7\u00e3o de aceiros mec\u00e2nicos no Parque Encontro das \u00c1guas\"}]},{\"@type\":\"WebSite\",\"@id\":\"https:\/\/pcimt.org\/#website\",\"url\":\"https:\/\/pcimt.org\/\",\"name\":\"PCI\",\"description\":\"Produzir, Conservar e Incluir\",\"potentialAction\":[{\"@type\":\"SearchAction\",\"target\":{\"@type\":\"EntryPoint\",\"urlTemplate\":\"https:\/\/pcimt.org\/?s={search_term_string}\"},\"query-input\":{\"@type\":\"PropertyValueSpecification\",\"valueRequired\":true,\"valueName\":\"search_term_string\"}}],\"inLanguage\":\"en-US\"},{\"@type\":\"Person\",\"@id\":\"https:\/\/pcimt.org\/#\/schema\/person\/0157b9ecd4b40c936045ea21257e1ba2\",\"name\":\"Nvlo\",\"url\":\"https:\/\/pcimt.org\/en\/author\/nvlo\/\"}]}<\/script>\n<!-- \/ Yoast SEO plugin. -->","yoast_head_json":{"title":"Constru\u00e7\u00e3o de aceiros mec\u00e2nicos no Pantanal contra inc\u00eandios","description":"CBMMT e Sema fazem a constru\u00e7\u00e3o de aceiros mec\u00e2nicos como medida de seguran\u00e7a para combate a queimadas ilegais no Pantanal.","robots":{"index":"index","follow":"follow","max-snippet":"max-snippet:-1","max-image-preview":"max-image-preview:large","max-video-preview":"max-video-preview:-1"},"canonical":"https:\/\/pcimt.org\/en\/corpo-de-bombeiros-e-sema-iniciam-construcao-de-aceiros-mecanicos-no-parque-encontro-das-aguas\/","og_locale":"en_US","og_type":"article","og_title":"Constru\u00e7\u00e3o de aceiros mec\u00e2nicos no Pantanal contra inc\u00eandios","og_description":"CBMMT e Sema fazem a constru\u00e7\u00e3o de aceiros mec\u00e2nicos como medida de seguran\u00e7a para combate a queimadas ilegais no Pantanal.","og_url":"https:\/\/pcimt.org\/en\/corpo-de-bombeiros-e-sema-iniciam-construcao-de-aceiros-mecanicos-no-parque-encontro-das-aguas\/","og_site_name":"PCI","article_published_time":"2020-06-24T22:21:24+00:00","article_modified_time":"2025-03-14T15:45:11+00:00","og_image":[{"url":"http:\/\/www.mt.gov.br\/documents\/21013\/17169677\/17+06+2021+-+Corpo+de+Bombeiros+e+Sema+iniciam+queimas+prescritas+e+aceiros+no+Parque+Encontro+das+%C3%81guas%2C+no+Pantanal+%2814%29.jpg\/e45ab828-c313-12fc-9ddf-c83783c338a2?t=1623960696078+&amp;imageThumbnail=3","type":"","width":"","height":""}],"author":"Nvlo","twitter_card":"summary_large_image","twitter_misc":{"Written by":"Nvlo","Est. reading time":"3 minutes"},"schema":{"@context":"https:\/\/schema.org","@graph":[{"@type":"Article","@id":"https:\/\/pcimt.org\/corpo-de-bombeiros-e-sema-iniciam-construcao-de-aceiros-mecanicos-no-parque-encontro-das-aguas\/#article","isPartOf":{"@id":"https:\/\/pcimt.org\/corpo-de-bombeiros-e-sema-iniciam-construcao-de-aceiros-mecanicos-no-parque-encontro-das-aguas\/"},"author":{"name":"Nvlo","@id":"https:\/\/pcimt.org\/#\/schema\/person\/0157b9ecd4b40c936045ea21257e1ba2"},"headline":"Corpo de Bombeiros e Sema iniciam constru\u00e7\u00e3o de aceiros mec\u00e2nicos no Parque Encontro das \u00c1guas","datePublished":"2020-06-24T22:21:24+00:00","dateModified":"2025-03-14T15:45:11+00:00","mainEntityOfPage":{"@id":"https:\/\/pcimt.org\/corpo-de-bombeiros-e-sema-iniciam-construcao-de-aceiros-mecanicos-no-parque-encontro-das-aguas\/"},"wordCount":599,"image":{"@id":"https:\/\/pcimt.org\/corpo-de-bombeiros-e-sema-iniciam-construcao-de-aceiros-mecanicos-no-parque-encontro-das-aguas\/#primaryimage"},"thumbnailUrl":"http:\/\/www.mt.gov.br\/documents\/21013\/17169677\/17+06+2021+-+Corpo+de+Bombeiros+e+Sema+iniciam+queimas+prescritas+e+aceiros+no+Parque+Encontro+das+%C3%81guas%2C+no+Pantanal+%2814%29.jpg\/e45ab828-c313-12fc-9ddf-c83783c338a2?t=1623960696078+&amp;imageThumbnail=3","articleSection":["Noticias-PCI"],"inLanguage":"en-US"},{"@type":"WebPage","@id":"https:\/\/pcimt.org\/corpo-de-bombeiros-e-sema-iniciam-construcao-de-aceiros-mecanicos-no-parque-encontro-das-aguas\/","url":"https:\/\/pcimt.org\/corpo-de-bombeiros-e-sema-iniciam-construcao-de-aceiros-mecanicos-no-parque-encontro-das-aguas\/","name":"Constru\u00e7\u00e3o de aceiros mec\u00e2nicos no Pantanal contra inc\u00eandios","isPartOf":{"@id":"https:\/\/pcimt.org\/#website"},"primaryImageOfPage":{"@id":"https:\/\/pcimt.org\/corpo-de-bombeiros-e-sema-iniciam-construcao-de-aceiros-mecanicos-no-parque-encontro-das-aguas\/#primaryimage"},"image":{"@id":"https:\/\/pcimt.org\/corpo-de-bombeiros-e-sema-iniciam-construcao-de-aceiros-mecanicos-no-parque-encontro-das-aguas\/#primaryimage"},"thumbnailUrl":"http:\/\/www.mt.gov.br\/documents\/21013\/17169677\/17+06+2021+-+Corpo+de+Bombeiros+e+Sema+iniciam+queimas+prescritas+e+aceiros+no+Parque+Encontro+das+%C3%81guas%2C+no+Pantanal+%2814%29.jpg\/e45ab828-c313-12fc-9ddf-c83783c338a2?t=1623960696078+&amp;imageThumbnail=3","datePublished":"2020-06-24T22:21:24+00:00","dateModified":"2025-03-14T15:45:11+00:00","author":{"@id":"https:\/\/pcimt.org\/#\/schema\/person\/0157b9ecd4b40c936045ea21257e1ba2"},"description":"CBMMT e Sema fazem a constru\u00e7\u00e3o de aceiros mec\u00e2nicos como medida de seguran\u00e7a para combate a queimadas ilegais no Pantanal.","breadcrumb":{"@id":"https:\/\/pcimt.org\/corpo-de-bombeiros-e-sema-iniciam-construcao-de-aceiros-mecanicos-no-parque-encontro-das-aguas\/#breadcrumb"},"inLanguage":"en-US","potentialAction":[{"@type":"ReadAction","target":["https:\/\/pcimt.org\/corpo-de-bombeiros-e-sema-iniciam-construcao-de-aceiros-mecanicos-no-parque-encontro-das-aguas\/"]}]},{"@type":"ImageObject","inLanguage":"en-US","@id":"https:\/\/pcimt.org\/corpo-de-bombeiros-e-sema-iniciam-construcao-de-aceiros-mecanicos-no-parque-encontro-das-aguas\/#primaryimage","url":"http:\/\/www.mt.gov.br\/documents\/21013\/17169677\/17+06+2021+-+Corpo+de+Bombeiros+e+Sema+iniciam+queimas+prescritas+e+aceiros+no+Parque+Encontro+das+%C3%81guas%2C+no+Pantanal+%2814%29.jpg\/e45ab828-c313-12fc-9ddf-c83783c338a2?t=1623960696078+&amp;imageThumbnail=3","contentUrl":"http:\/\/www.mt.gov.br\/documents\/21013\/17169677\/17+06+2021+-+Corpo+de+Bombeiros+e+Sema+iniciam+queimas+prescritas+e+aceiros+no+Parque+Encontro+das+%C3%81guas%2C+no+Pantanal+%2814%29.jpg\/e45ab828-c313-12fc-9ddf-c83783c338a2?t=1623960696078+&amp;imageThumbnail=3"},{"@type":"BreadcrumbList","@id":"https:\/\/pcimt.org\/corpo-de-bombeiros-e-sema-iniciam-construcao-de-aceiros-mecanicos-no-parque-encontro-das-aguas\/#breadcrumb","itemListElement":[{"@type":"ListItem","position":1,"name":"In\u00edcio","item":"https:\/\/pcimt.org\/"},{"@type":"ListItem","position":2,"name":"Corpo de Bombeiros e Sema iniciam constru\u00e7\u00e3o de aceiros mec\u00e2nicos no Parque Encontro das \u00c1guas"}]},{"@type":"WebSite","@id":"https:\/\/pcimt.org\/#website","url":"https:\/\/pcimt.org\/","name":"The PCI","description":"Produce, Conserve and Include","potentialAction":[{"@type":"SearchAction","target":{"@type":"EntryPoint","urlTemplate":"https:\/\/pcimt.org\/?s={search_term_string}"},"query-input":{"@type":"PropertyValueSpecification","valueRequired":true,"valueName":"search_term_string"}}],"inLanguage":"en-US"},{"@type":"Person","@id":"https:\/\/pcimt.org\/#\/schema\/person\/0157b9ecd4b40c936045ea21257e1ba2","name":"Nvlo","url":"https:\/\/pcimt.org\/en\/author\/nvlo\/"}]}},"_links":{"self":[{"href":"https:\/\/pcimt.org\/en\/wp-json\/wp\/v2\/posts\/1825","targetHints":{"allow":["GET"]}}],"collection":[{"href":"https:\/\/pcimt.org\/en\/wp-json\/wp\/v2\/posts"}],"about":[{"href":"https:\/\/pcimt.org\/en\/wp-json\/wp\/v2\/types\/post"}],"author":[{"embeddable":true,"href":"https:\/\/pcimt.org\/en\/wp-json\/wp\/v2\/users\/2"}],"replies":[{"embeddable":true,"href":"https:\/\/pcimt.org\/en\/wp-json\/wp\/v2\/comments?post=1825"}],"version-history":[{"count":3,"href":"https:\/\/pcimt.org\/en\/wp-json\/wp\/v2\/posts\/1825\/revisions"}],"predecessor-version":[{"id":3609,"href":"https:\/\/pcimt.org\/en\/wp-json\/wp\/v2\/posts\/1825\/revisions\/3609"}],"wp:attachment":[{"href":"https:\/\/pcimt.org\/en\/wp-json\/wp\/v2\/media?parent=1825"}],"wp:term":[{"taxonomy":"category","embeddable":true,"href":"https:\/\/pcimt.org\/en\/wp-json\/wp\/v2\/categories?post=1825"},{"taxonomy":"post_tag","embeddable":true,"href":"https:\/\/pcimt.org\/en\/wp-json\/wp\/v2\/tags?post=1825"}],"curies":[{"name":"wp","href":"https:\/\/api.w.org\/{rel}","templated":true}]}}