{"id":1791,"date":"2023-09-25T19:21:25","date_gmt":"2023-09-25T22:21:25","guid":{"rendered":"https:\/\/pcimt.org\/mapeamento-de-areas-rurais-adotado-em-mato-grosso-tem-alto-nivel-de-precisao-mostra-estudo\/"},"modified":"2025-03-14T12:42:32","modified_gmt":"2025-03-14T15:42:32","slug":"mapeamento-de-areas-rurais-adotado-em-mato-grosso-tem-alto-nivel-de-precisao-mostra-estudo","status":"publish","type":"post","link":"https:\/\/pcimt.org\/en\/mapeamento-de-areas-rurais-adotado-em-mato-grosso-tem-alto-nivel-de-precisao-mostra-estudo\/","title":{"rendered":"Mapping of rural areas adopted in Mato Grosso has a high level of precision, study shows"},"content":{"rendered":"<p>Um novo estudo cient\u00edfico comprovou a alta precis\u00e3o do mapeamento de \u00e1reas rurais de uso consolidado feito pelo Instituto Centro de Vida (ICV) no estado de Mato Grosso.<\/p>\n\n\n\n<p>Foi identificado um \u00edndice de 92% de acur\u00e1cia geral para o mapa utilizado pela Secretaria do Estado de Meio Ambiente de Mato Grosso (Sema\/MT) no processo de identifica\u00e7\u00e3o dessas \u00e1reas.<\/p>\n\n\n\n<p>Os resultados da pesquisa foram dispostos no artigo cient\u00edfico \u201c<a href=\"https:\/\/www.icv.org.br\/publicacao\/the-2008-map-of-consolidated-rural-areas-in-the-brazilian-legal-amazon-state-of-mato-grosso-accuracy-assessment-and-implications-for-the-environmental-regularization-of-rural-properties\/\">The 2008 map of consolidated rural areas in the Brazilian Legal Amazon state of Mato Grosso: Accuracy assessment and implications for the environmental regularization of rural properties<\/a>\u201d, publicado na \u00faltima semana pela revista cient\u00edfica&nbsp;<a href=\"https:\/\/www.journals.elsevier.com\/land-use-policy\">Land Use Policy<\/a>.<\/p>\n\n\n\n<p>As \u00e1reas rurais que sofreram desmatamento e estavam em uso at\u00e9 o dia 22 de julho de 2008 recebem, pelo C\u00f3digo Florestal, a classifica\u00e7\u00e3o de uso consolidado, uma das categorias de uso de solo que pode ser declarada no Cadastro Ambiental Rural (CAR), instrumento obrigat\u00f3rio para regulariza\u00e7\u00e3o ambiental.<\/p>\n\n\n\n<p>A informa\u00e7\u00e3o \u00e9 validada posteriormente pelos \u00f3rg\u00e3os respons\u00e1veis.<\/p>\n\n\n\n<p>Fruto de um trabalho de parceria entre academia, terceiro setor e administra\u00e7\u00e3o p\u00fablica, a pesquisa destaca o mapeamento como refer\u00eancia para pol\u00edticas p\u00fablicas que visam assegurar a regularidade ambiental da produ\u00e7\u00e3o agropecu\u00e1ria, principal economia do estado.<\/p>\n\n\n\n<p>A partir de dados e imagens de sat\u00e9lite de 2008,&nbsp;<a href=\"https:\/\/www.icv.org.br\/2017\/08\/icv-lanca-mapeamento-das-areas-de-uso-consolidado-em-mato-grosso\/\">o mapeamento das \u00e1reas de uso consolidado de Mato Grosso foi realizado pelo Instituto Centro de Vida (ICV) sob revis\u00e3o da SEMA\/MT e publicado em 2017<\/a>.<\/p>\n\n\n\n<p>O uso do mapeamento j\u00e1 teve resultados importantes, como a emiss\u00e3o autom\u00e1tica da Autoriza\u00e7\u00e3o Provis\u00f3ria de Funcionamento de Atividade Rural (APF Rural) para \u00e1reas que incidem sobre o mapa.<\/p>\n\n\n\n<p>O mapeamento tamb\u00e9m subsidiou a constata\u00e7\u00e3o de diverg\u00eancias relativas \u00e0s \u00e1reas consolidadas cadastradas no sistema, o que culminou na Opera\u00e7\u00e3o Polygonum, uma investiga\u00e7\u00e3o de seis fases que apurou esquemas de fraudes ambientais no estado e resultou no indiciamento criminal de mais de 70 pessoas entre 2018 e 2019.<\/p>\n\n\n\n<p><strong>DETERMINANDO O USO CONSOLIDADO<\/strong><\/p>\n\n\n\n<figure class=\"wp-block-image size-full\"><img fetchpriority=\"high\" decoding=\"async\" width=\"1024\" height=\"724\" src=\"http:\/\/pcimt.org\/wp-content\/uploads\/2021\/03\/mapa-uso-consolidado-97c.jpg\" alt=\"\" class=\"wp-image-1790\" srcset=\"https:\/\/pcimt.org\/wp-content\/uploads\/2021\/03\/mapa-uso-consolidado-97c.jpg 1024w, https:\/\/pcimt.org\/wp-content\/uploads\/2021\/03\/mapa-uso-consolidado-97c-300x212.jpg 300w, https:\/\/pcimt.org\/wp-content\/uploads\/2021\/03\/mapa-uso-consolidado-97c-768x543.jpg 768w, https:\/\/pcimt.org\/wp-content\/uploads\/2021\/03\/mapa-uso-consolidado-97c-18x12.jpg 18w\" sizes=\"(max-width: 1024px) 100vw, 1024px\" \/><\/figure>\n\n\n\n<p>Como refer\u00eancia para elabora\u00e7\u00e3o do mapa e seu uso, a Sema lan\u00e7ou a Nota T\u00e9cnica n\u00b0 001\/2017, que disp\u00f5e sobre a metodologia de interpreta\u00e7\u00e3o de imagens de sat\u00e9lite para a defini\u00e7\u00e3o das \u00e1reas de uso consolidado.<\/p>\n\n\n\n<p>O coordenador de Geoprocessamento e Monitoramento Ambiental da Sema, Andr\u00e9 Dias, \u00e9 um dos autores, e explica que a base de refer\u00eancia supriu uma demanda do \u00f3rg\u00e3o de agilizar a verifica\u00e7\u00e3o das informa\u00e7\u00f5es de uso consolidado declaradas no CAR.<\/p>\n\n\n\n<p>Atualmente, existem mais de 100 mil im\u00f3veis rurais cadastrados no SIMCAR (Sistema Mato-grossense de Cadastro Ambiental Rural). Do total, cerca de 45% dos cadastros j\u00e1 passaram por ao menos uma an\u00e1lise e mais de 60% dos cadastros analisados aguardam complementa\u00e7\u00e3o.<\/p>\n\n\n\n<p>\u201cA an\u00e1lise, constitui, portanto, um dos gargalos para efetiva\u00e7\u00e3o do CAR\u201d, classifica Dias, que aponta a necessidade de melhorias na elabora\u00e7\u00e3o de normas e procedimentos, analistas capacitados e insumos tecnol\u00f3gicos, como as bases e imagens de refer\u00eancia.<\/p>\n\n\n\n<p>Coordenador do N\u00facleo de Intelig\u00eancia Territorial do ICV e um dos autores da pesquisa, Vin\u00edcius Silgueiro, tamb\u00e9m comenta a import\u00e2ncia da base de refer\u00eancia para identifica\u00e7\u00e3o adequada das \u00e1reas de acordo com o definido pela legisla\u00e7\u00e3o.<\/p>\n\n\n\n<p>\u201cA base possibilita a identifica\u00e7\u00e3o dessas \u00e1reas e, por exemplo, alguns produtores cadastravam como \u00e1rea de uso consolidado um local onde passou fogo, e n\u00e3o \u00e9. \u00c9 obrigat\u00f3rio pela defini\u00e7\u00e3o que o C\u00f3digo Florestal trouxe que a \u00e1rea tenha sido convertida e esteja em uso\u201d, afirma.<\/p>\n\n\n\n<p>O C\u00f3digo Florestal determina que \u00e1reas abandonadas por mais de cinco anos, ou seja, j\u00e1 em processo de regenera\u00e7\u00e3o natural, tamb\u00e9m n\u00e3o podem ser classificadas como uso consolidado.<\/p>\n\n\n\n<p>A legisla\u00e7\u00e3o prev\u00ea uma s\u00e9rie de benef\u00edcios aos propriet\u00e1rios rurais com \u00e1reas que entram nessa classifica\u00e7\u00e3o, como isen\u00e7\u00e3o da obrigatoriedade de restaurar a porcentagem total exigida de Reserva Legal, al\u00e9m de suspens\u00e3o de multas e san\u00e7\u00f5es pelos desmatamentos anteriores a essa data.<\/p>\n\n\n\n<p><strong>A PESQUISA E OS RESULTADOS<\/strong><\/p>\n\n\n\n<p>Vin\u00edcius explica que a base de refer\u00eancia teve a efici\u00eancia questionada algumas vezes desde sua implementa\u00e7\u00e3o, o que intensificou a necessidade de verificar a acur\u00e1cia do material. O mapa foi constru\u00eddo principalmente com uso de imagens do sat\u00e9lite SPOT-5, de 2,5 metros de resolu\u00e7\u00e3o espacial, datadas de 2008.<\/p>\n\n\n\n<p>\u201cTodo mapeamento possui certa discrep\u00e2ncia com a realidade de campo. Mas, por ser um mapeamento pret\u00e9rito, ou seja, com uma defini\u00e7\u00e3o temporal de mais de dez anos atr\u00e1s, a verifica\u00e7\u00e3o de sua acur\u00e1cia se mostrava ainda mais desafiadora\u201d, conta o engenheiro florestal.<\/p>\n\n\n\n<p>O que possibilitou o estudo foi um conjunto de fotografias a\u00e9reas encontradas no acervo da Sema, de opera\u00e7\u00f5es realizadas, por coincid\u00eancia e sorte, em julho de 2008.<\/p>\n\n\n\n<p>\u201cN\u00f3s cruzamos essas \u00e1reas mapeadas e as fotografias para checar se os pontos haviam sido bem verificados ou n\u00e3o\u201d, explica Damien Arvor, pesquisador do Centro Nacional de Pesquisa Cient\u00edfica (CNRS, na sigla em franc\u00eas) e da Universit\u00e9 Rennes 2, da Fran\u00e7a.<\/p>\n\n\n\n<p>Arvor explica que tamb\u00e9m foi realizada an\u00e1lise de erros de precis\u00e3o no cruzamento dos dados. \u201cComo as imagens de sat\u00e9lite tem uma resolu\u00e7\u00e3o de 2,5 metros e as fotografias a\u00e9reas, de 60 cent\u00edmetros, precisamos diferenciar os erros de classifica\u00e7\u00e3o reais dos erros observados nas fronteiras de classes, os quais resultam da diferen\u00e7a de resolu\u00e7\u00e3o\u201d, afirma o pesquisador, que \u00e9 especialista em din\u00e2mica de uso e ocupa\u00e7\u00e3o do solo na regi\u00e3o sul da Amaz\u00f4nia brasileira.<\/p>\n\n\n\n<p>A pesquisa rodou a an\u00e1lise separadamente para cada um dos tr\u00eas biomas presentes em Mato Grosso: Pantanal, Cerrado e Amaz\u00f4nia.<\/p>\n\n\n\n<p>Um dos autores do artigo e professor da Universidade Federal de Mato Grosso (UFMT), Gustavo Nunes explica que as diferen\u00e7as de cada bioma implicam nessa necessidade. \u201cO planejamento e protocolo metodol\u00f3gico para mapeamento deve considerar o conhecimento de campo e de laborat\u00f3rio, aliado a an\u00e1lise individualizada para cada bioma\u201d, explica.<\/p>\n\n\n\n<p>O resultado, afirmam os pesquisadores no artigo, \u201c\u00e9 uma informa\u00e7\u00e3o importante j\u00e1 que a regulariza\u00e7\u00e3o rural das propriedades \u00e9 necess\u00e1ria para que o Brasil alcance os objetivos de reduzir a emiss\u00e3o de gases de efeito estufa\u201d.<\/p>\n\n\n\n<p>Apesar dos resultados positivos, os pesquisadores explicam que a base de refer\u00eancia ainda \u00e9 suscet\u00edvel a melhorias. \u201cQuando apontada alguma inconsist\u00eancia na base, o analista do CAR informa \u00e0 coordenadoria, que ap\u00f3s a devida verifica\u00e7\u00e3o, procede a corre\u00e7\u00e3o ou n\u00e3o da base\u201d, explica Dias.<\/p>\n\n\n\n<p>O trabalho simboliza o potencial da articula\u00e7\u00e3o entre sociedade civil, academia e \u00f3rg\u00e3os p\u00fablico na gest\u00e3o ambiental do estado. \u201cSetores tecnicamente alicer\u00e7ados por um objetivo comum de melhorar as pol\u00edticas p\u00fablicas ambientais\u201d, conclui Silgueiro.<\/p>\n\n\n\n<p><small>Tags:&nbsp;<\/small><a href=\"https:\/\/www.icv.org.br\/tag\/amazonia\/\">Amaz\u00f4nia<\/a><a href=\"https:\/\/www.icv.org.br\/tag\/areas-de-uso-consolidado\/\">\u00e1reas de uso consolidado<\/a><a href=\"https:\/\/www.icv.org.br\/tag\/codigo-florestal\/\">c\u00f3digo florestal<\/a><a href=\"https:\/\/www.icv.org.br\/tag\/mapa-de-uso-consolidado\/\">mapa de uso consolidado<\/a><a href=\"https:\/\/www.icv.org.br\/tag\/mapeamento\/\">mapeamento<\/a><a href=\"https:\/\/www.icv.org.br\/tag\/mato-grosso\/\">Mato Grosso<\/a><a href=\"https:\/\/www.icv.org.br\/tag\/uso-consolidado\/\">uso consolidado<\/a><\/p>","protected":false},"excerpt":{"rendered":"<p>Um novo estudo cient\u00edfico comprovou a alta precis\u00e3o do mapeamento de \u00e1reas rurais de uso consolidado feito pelo Instituto Centro de Vida (ICV) no estado de Mato Grosso. Foi identificado um \u00edndice de 92% de acur\u00e1cia geral para o mapa utilizado pela Secretaria do Estado de Meio Ambiente de Mato Grosso (Sema\/MT) no processo de [&hellip;]<\/p>\n","protected":false},"author":2,"featured_media":3339,"comment_status":"closed","ping_status":"closed","sticky":false,"template":"","format":"standard","meta":{"ocean_post_layout":"","ocean_both_sidebars_style":"","ocean_both_sidebars_content_width":0,"ocean_both_sidebars_sidebars_width":0,"ocean_sidebar":"","ocean_second_sidebar":"","ocean_disable_margins":"enable","ocean_add_body_class":"","ocean_shortcode_before_top_bar":"","ocean_shortcode_after_top_bar":"","ocean_shortcode_before_header":"","ocean_shortcode_after_header":"","ocean_has_shortcode":"","ocean_shortcode_after_title":"","ocean_shortcode_before_footer_widgets":"","ocean_shortcode_after_footer_widgets":"","ocean_shortcode_before_footer_bottom":"","ocean_shortcode_after_footer_bottom":"","ocean_display_top_bar":"default","ocean_display_header":"default","ocean_header_style":"","ocean_center_header_left_menu":"","ocean_custom_header_template":"","ocean_custom_logo":0,"ocean_custom_retina_logo":0,"ocean_custom_logo_max_width":0,"ocean_custom_logo_tablet_max_width":0,"ocean_custom_logo_mobile_max_width":0,"ocean_custom_logo_max_height":0,"ocean_custom_logo_tablet_max_height":0,"ocean_custom_logo_mobile_max_height":0,"ocean_header_custom_menu":"","ocean_menu_typo_font_family":"","ocean_menu_typo_font_subset":"","ocean_menu_typo_font_size":0,"ocean_menu_typo_font_size_tablet":0,"ocean_menu_typo_font_size_mobile":0,"ocean_menu_typo_font_size_unit":"px","ocean_menu_typo_font_weight":"","ocean_menu_typo_font_weight_tablet":"","ocean_menu_typo_font_weight_mobile":"","ocean_menu_typo_transform":"","ocean_menu_typo_transform_tablet":"","ocean_menu_typo_transform_mobile":"","ocean_menu_typo_line_height":0,"ocean_menu_typo_line_height_tablet":0,"ocean_menu_typo_line_height_mobile":0,"ocean_menu_typo_line_height_unit":"","ocean_menu_typo_spacing":0,"ocean_menu_typo_spacing_tablet":0,"ocean_menu_typo_spacing_mobile":0,"ocean_menu_typo_spacing_unit":"","ocean_menu_link_color":"","ocean_menu_link_color_hover":"","ocean_menu_link_color_active":"","ocean_menu_link_background":"","ocean_menu_link_hover_background":"","ocean_menu_link_active_background":"","ocean_menu_social_links_bg":"","ocean_menu_social_hover_links_bg":"","ocean_menu_social_links_color":"","ocean_menu_social_hover_links_color":"","ocean_disable_title":"default","ocean_disable_heading":"default","ocean_post_title":"","ocean_post_subheading":"","ocean_post_title_style":"","ocean_post_title_background_color":"","ocean_post_title_background":0,"ocean_post_title_bg_image_position":"","ocean_post_title_bg_image_attachment":"","ocean_post_title_bg_image_repeat":"","ocean_post_title_bg_image_size":"","ocean_post_title_height":0,"ocean_post_title_bg_overlay":0.5,"ocean_post_title_bg_overlay_color":"","ocean_disable_breadcrumbs":"default","ocean_breadcrumbs_color":"","ocean_breadcrumbs_separator_color":"","ocean_breadcrumbs_links_color":"","ocean_breadcrumbs_links_hover_color":"","ocean_display_footer_widgets":"default","ocean_display_footer_bottom":"default","ocean_custom_footer_template":"","ocean_post_oembed":"","ocean_post_self_hosted_media":"","ocean_post_video_embed":"","ocean_link_format":"","ocean_link_format_target":"self","ocean_quote_format":"","ocean_quote_format_link":"post","ocean_gallery_link_images":"on","ocean_gallery_id":[],"footnotes":""},"categories":[26],"tags":[],"class_list":["post-1791","post","type-post","status-publish","format-standard","has-post-thumbnail","hentry","category-noticias-pci","entry","has-media"],"yoast_head":"<!-- This site is optimized with the Yoast SEO plugin v27.1.1 - https:\/\/yoast.com\/product\/yoast-seo-wordpress\/ -->\n<title>Mapeamento de \u00e1reas rurais: Resultados de alta precis\u00e3o no MT!<\/title>\n<meta name=\"description\" content=\"Um novo estudo cient\u00edfico validou a alta precis\u00e3o do mapeamento de \u00e1reas rurais de uso consolidado realizado pelo ICV.\" \/>\n<meta name=\"robots\" content=\"index, follow, max-snippet:-1, max-image-preview:large, max-video-preview:-1\" \/>\n<link rel=\"canonical\" href=\"https:\/\/pcimt.org\/en\/mapeamento-de-areas-rurais-adotado-em-mato-grosso-tem-alto-nivel-de-precisao-mostra-estudo\/\" \/>\n<meta property=\"og:locale\" content=\"en_US\" \/>\n<meta property=\"og:type\" content=\"article\" \/>\n<meta property=\"og:title\" content=\"Mapeamento de \u00e1reas rurais: Resultados de alta precis\u00e3o no MT!\" \/>\n<meta property=\"og:description\" content=\"Um novo estudo cient\u00edfico validou a alta precis\u00e3o do mapeamento de \u00e1reas rurais de uso consolidado realizado pelo ICV.\" \/>\n<meta property=\"og:url\" content=\"https:\/\/pcimt.org\/en\/mapeamento-de-areas-rurais-adotado-em-mato-grosso-tem-alto-nivel-de-precisao-mostra-estudo\/\" \/>\n<meta property=\"og:site_name\" content=\"PCI\" \/>\n<meta property=\"article:published_time\" content=\"2023-09-25T22:21:25+00:00\" \/>\n<meta property=\"article:modified_time\" content=\"2025-03-14T15:42:32+00:00\" \/>\n<meta property=\"og:image\" content=\"https:\/\/pcimt.org\/wp-content\/uploads\/2024\/06\/mapeamento-de-areas-rurais.jpg\" \/>\n\t<meta property=\"og:image:width\" content=\"1200\" \/>\n\t<meta property=\"og:image:height\" content=\"800\" \/>\n\t<meta property=\"og:image:type\" content=\"image\/jpeg\" \/>\n<meta name=\"author\" content=\"Nvlo\" \/>\n<meta name=\"twitter:card\" content=\"summary_large_image\" \/>\n<meta name=\"twitter:label1\" content=\"Written by\" \/>\n\t<meta name=\"twitter:data1\" content=\"Nvlo\" \/>\n\t<meta name=\"twitter:label2\" content=\"Est. reading time\" \/>\n\t<meta name=\"twitter:data2\" content=\"7 minutes\" \/>\n<script type=\"application\/ld+json\" class=\"yoast-schema-graph\">{\"@context\":\"https:\/\/schema.org\",\"@graph\":[{\"@type\":\"Article\",\"@id\":\"https:\/\/pcimt.org\/en\/mapeamento-de-areas-rurais-adotado-em-mato-grosso-tem-alto-nivel-de-precisao-mostra-estudo\/#article\",\"isPartOf\":{\"@id\":\"https:\/\/pcimt.org\/en\/mapeamento-de-areas-rurais-adotado-em-mato-grosso-tem-alto-nivel-de-precisao-mostra-estudo\/\"},\"author\":{\"name\":\"Nvlo\",\"@id\":\"https:\/\/pcimt.org\/#\/schema\/person\/0157b9ecd4b40c936045ea21257e1ba2\"},\"headline\":\"Mapeamento de \u00e1reas rurais adotado em Mato Grosso tem alto n\u00edvel de precis\u00e3o, mostra estudo\",\"datePublished\":\"2023-09-25T22:21:25+00:00\",\"dateModified\":\"2025-03-14T15:42:32+00:00\",\"mainEntityOfPage\":{\"@id\":\"https:\/\/pcimt.org\/en\/mapeamento-de-areas-rurais-adotado-em-mato-grosso-tem-alto-nivel-de-precisao-mostra-estudo\/\"},\"wordCount\":1189,\"image\":{\"@id\":\"https:\/\/pcimt.org\/en\/mapeamento-de-areas-rurais-adotado-em-mato-grosso-tem-alto-nivel-de-precisao-mostra-estudo\/#primaryimage\"},\"thumbnailUrl\":\"https:\/\/pcimt.org\/wp-content\/uploads\/2024\/06\/mapeamento-de-areas-rurais.jpg\",\"articleSection\":[\"Noticias-PCI\"],\"inLanguage\":\"en-US\"},{\"@type\":\"WebPage\",\"@id\":\"https:\/\/pcimt.org\/en\/mapeamento-de-areas-rurais-adotado-em-mato-grosso-tem-alto-nivel-de-precisao-mostra-estudo\/\",\"url\":\"https:\/\/pcimt.org\/en\/mapeamento-de-areas-rurais-adotado-em-mato-grosso-tem-alto-nivel-de-precisao-mostra-estudo\/\",\"name\":\"Mapeamento de \u00e1reas rurais: Resultados de alta precis\u00e3o no MT!\",\"isPartOf\":{\"@id\":\"https:\/\/pcimt.org\/#website\"},\"primaryImageOfPage\":{\"@id\":\"https:\/\/pcimt.org\/en\/mapeamento-de-areas-rurais-adotado-em-mato-grosso-tem-alto-nivel-de-precisao-mostra-estudo\/#primaryimage\"},\"image\":{\"@id\":\"https:\/\/pcimt.org\/en\/mapeamento-de-areas-rurais-adotado-em-mato-grosso-tem-alto-nivel-de-precisao-mostra-estudo\/#primaryimage\"},\"thumbnailUrl\":\"https:\/\/pcimt.org\/wp-content\/uploads\/2024\/06\/mapeamento-de-areas-rurais.jpg\",\"datePublished\":\"2023-09-25T22:21:25+00:00\",\"dateModified\":\"2025-03-14T15:42:32+00:00\",\"author\":{\"@id\":\"https:\/\/pcimt.org\/#\/schema\/person\/0157b9ecd4b40c936045ea21257e1ba2\"},\"description\":\"Um novo estudo cient\u00edfico validou a alta precis\u00e3o do mapeamento de \u00e1reas rurais de uso consolidado realizado pelo ICV.\",\"breadcrumb\":{\"@id\":\"https:\/\/pcimt.org\/en\/mapeamento-de-areas-rurais-adotado-em-mato-grosso-tem-alto-nivel-de-precisao-mostra-estudo\/#breadcrumb\"},\"inLanguage\":\"en-US\",\"potentialAction\":[{\"@type\":\"ReadAction\",\"target\":[\"https:\/\/pcimt.org\/en\/mapeamento-de-areas-rurais-adotado-em-mato-grosso-tem-alto-nivel-de-precisao-mostra-estudo\/\"]}]},{\"@type\":\"ImageObject\",\"inLanguage\":\"en-US\",\"@id\":\"https:\/\/pcimt.org\/en\/mapeamento-de-areas-rurais-adotado-em-mato-grosso-tem-alto-nivel-de-precisao-mostra-estudo\/#primaryimage\",\"url\":\"https:\/\/pcimt.org\/wp-content\/uploads\/2024\/06\/mapeamento-de-areas-rurais.jpg\",\"contentUrl\":\"https:\/\/pcimt.org\/wp-content\/uploads\/2024\/06\/mapeamento-de-areas-rurais.jpg\",\"width\":1200,\"height\":800},{\"@type\":\"BreadcrumbList\",\"@id\":\"https:\/\/pcimt.org\/en\/mapeamento-de-areas-rurais-adotado-em-mato-grosso-tem-alto-nivel-de-precisao-mostra-estudo\/#breadcrumb\",\"itemListElement\":[{\"@type\":\"ListItem\",\"position\":1,\"name\":\"In\u00edcio\",\"item\":\"https:\/\/pcimt.org\/\"},{\"@type\":\"ListItem\",\"position\":2,\"name\":\"Mapeamento de \u00e1reas rurais adotado em Mato Grosso tem alto n\u00edvel de precis\u00e3o, mostra estudo\"}]},{\"@type\":\"WebSite\",\"@id\":\"https:\/\/pcimt.org\/#website\",\"url\":\"https:\/\/pcimt.org\/\",\"name\":\"PCI\",\"description\":\"Produzir, Conservar e Incluir\",\"potentialAction\":[{\"@type\":\"SearchAction\",\"target\":{\"@type\":\"EntryPoint\",\"urlTemplate\":\"https:\/\/pcimt.org\/?s={search_term_string}\"},\"query-input\":{\"@type\":\"PropertyValueSpecification\",\"valueRequired\":true,\"valueName\":\"search_term_string\"}}],\"inLanguage\":\"en-US\"},{\"@type\":\"Person\",\"@id\":\"https:\/\/pcimt.org\/#\/schema\/person\/0157b9ecd4b40c936045ea21257e1ba2\",\"name\":\"Nvlo\",\"url\":\"https:\/\/pcimt.org\/en\/author\/nvlo\/\"}]}<\/script>\n<!-- \/ Yoast SEO plugin. -->","yoast_head_json":{"title":"Mapeamento de \u00e1reas rurais: Resultados de alta precis\u00e3o no MT!","description":"Um novo estudo cient\u00edfico validou a alta precis\u00e3o do mapeamento de \u00e1reas rurais de uso consolidado realizado pelo ICV.","robots":{"index":"index","follow":"follow","max-snippet":"max-snippet:-1","max-image-preview":"max-image-preview:large","max-video-preview":"max-video-preview:-1"},"canonical":"https:\/\/pcimt.org\/en\/mapeamento-de-areas-rurais-adotado-em-mato-grosso-tem-alto-nivel-de-precisao-mostra-estudo\/","og_locale":"en_US","og_type":"article","og_title":"Mapeamento de \u00e1reas rurais: Resultados de alta precis\u00e3o no MT!","og_description":"Um novo estudo cient\u00edfico validou a alta precis\u00e3o do mapeamento de \u00e1reas rurais de uso consolidado realizado pelo ICV.","og_url":"https:\/\/pcimt.org\/en\/mapeamento-de-areas-rurais-adotado-em-mato-grosso-tem-alto-nivel-de-precisao-mostra-estudo\/","og_site_name":"PCI","article_published_time":"2023-09-25T22:21:25+00:00","article_modified_time":"2025-03-14T15:42:32+00:00","og_image":[{"width":1200,"height":800,"url":"https:\/\/pcimt.org\/wp-content\/uploads\/2024\/06\/mapeamento-de-areas-rurais.jpg","type":"image\/jpeg"}],"author":"Nvlo","twitter_card":"summary_large_image","twitter_misc":{"Written by":"Nvlo","Est. reading time":"7 minutes"},"schema":{"@context":"https:\/\/schema.org","@graph":[{"@type":"Article","@id":"https:\/\/pcimt.org\/en\/mapeamento-de-areas-rurais-adotado-em-mato-grosso-tem-alto-nivel-de-precisao-mostra-estudo\/#article","isPartOf":{"@id":"https:\/\/pcimt.org\/en\/mapeamento-de-areas-rurais-adotado-em-mato-grosso-tem-alto-nivel-de-precisao-mostra-estudo\/"},"author":{"name":"Nvlo","@id":"https:\/\/pcimt.org\/#\/schema\/person\/0157b9ecd4b40c936045ea21257e1ba2"},"headline":"Mapeamento de \u00e1reas rurais adotado em Mato Grosso tem alto n\u00edvel de precis\u00e3o, mostra estudo","datePublished":"2023-09-25T22:21:25+00:00","dateModified":"2025-03-14T15:42:32+00:00","mainEntityOfPage":{"@id":"https:\/\/pcimt.org\/en\/mapeamento-de-areas-rurais-adotado-em-mato-grosso-tem-alto-nivel-de-precisao-mostra-estudo\/"},"wordCount":1189,"image":{"@id":"https:\/\/pcimt.org\/en\/mapeamento-de-areas-rurais-adotado-em-mato-grosso-tem-alto-nivel-de-precisao-mostra-estudo\/#primaryimage"},"thumbnailUrl":"https:\/\/pcimt.org\/wp-content\/uploads\/2024\/06\/mapeamento-de-areas-rurais.jpg","articleSection":["Noticias-PCI"],"inLanguage":"en-US"},{"@type":"WebPage","@id":"https:\/\/pcimt.org\/en\/mapeamento-de-areas-rurais-adotado-em-mato-grosso-tem-alto-nivel-de-precisao-mostra-estudo\/","url":"https:\/\/pcimt.org\/en\/mapeamento-de-areas-rurais-adotado-em-mato-grosso-tem-alto-nivel-de-precisao-mostra-estudo\/","name":"Mapeamento de \u00e1reas rurais: Resultados de alta precis\u00e3o no MT!","isPartOf":{"@id":"https:\/\/pcimt.org\/#website"},"primaryImageOfPage":{"@id":"https:\/\/pcimt.org\/en\/mapeamento-de-areas-rurais-adotado-em-mato-grosso-tem-alto-nivel-de-precisao-mostra-estudo\/#primaryimage"},"image":{"@id":"https:\/\/pcimt.org\/en\/mapeamento-de-areas-rurais-adotado-em-mato-grosso-tem-alto-nivel-de-precisao-mostra-estudo\/#primaryimage"},"thumbnailUrl":"https:\/\/pcimt.org\/wp-content\/uploads\/2024\/06\/mapeamento-de-areas-rurais.jpg","datePublished":"2023-09-25T22:21:25+00:00","dateModified":"2025-03-14T15:42:32+00:00","author":{"@id":"https:\/\/pcimt.org\/#\/schema\/person\/0157b9ecd4b40c936045ea21257e1ba2"},"description":"Um novo estudo cient\u00edfico validou a alta precis\u00e3o do mapeamento de \u00e1reas rurais de uso consolidado realizado pelo ICV.","breadcrumb":{"@id":"https:\/\/pcimt.org\/en\/mapeamento-de-areas-rurais-adotado-em-mato-grosso-tem-alto-nivel-de-precisao-mostra-estudo\/#breadcrumb"},"inLanguage":"en-US","potentialAction":[{"@type":"ReadAction","target":["https:\/\/pcimt.org\/en\/mapeamento-de-areas-rurais-adotado-em-mato-grosso-tem-alto-nivel-de-precisao-mostra-estudo\/"]}]},{"@type":"ImageObject","inLanguage":"en-US","@id":"https:\/\/pcimt.org\/en\/mapeamento-de-areas-rurais-adotado-em-mato-grosso-tem-alto-nivel-de-precisao-mostra-estudo\/#primaryimage","url":"https:\/\/pcimt.org\/wp-content\/uploads\/2024\/06\/mapeamento-de-areas-rurais.jpg","contentUrl":"https:\/\/pcimt.org\/wp-content\/uploads\/2024\/06\/mapeamento-de-areas-rurais.jpg","width":1200,"height":800},{"@type":"BreadcrumbList","@id":"https:\/\/pcimt.org\/en\/mapeamento-de-areas-rurais-adotado-em-mato-grosso-tem-alto-nivel-de-precisao-mostra-estudo\/#breadcrumb","itemListElement":[{"@type":"ListItem","position":1,"name":"In\u00edcio","item":"https:\/\/pcimt.org\/"},{"@type":"ListItem","position":2,"name":"Mapeamento de \u00e1reas rurais adotado em Mato Grosso tem alto n\u00edvel de precis\u00e3o, mostra estudo"}]},{"@type":"WebSite","@id":"https:\/\/pcimt.org\/#website","url":"https:\/\/pcimt.org\/","name":"The PCI","description":"Produce, Conserve and Include","potentialAction":[{"@type":"SearchAction","target":{"@type":"EntryPoint","urlTemplate":"https:\/\/pcimt.org\/?s={search_term_string}"},"query-input":{"@type":"PropertyValueSpecification","valueRequired":true,"valueName":"search_term_string"}}],"inLanguage":"en-US"},{"@type":"Person","@id":"https:\/\/pcimt.org\/#\/schema\/person\/0157b9ecd4b40c936045ea21257e1ba2","name":"Nvlo","url":"https:\/\/pcimt.org\/en\/author\/nvlo\/"}]}},"_links":{"self":[{"href":"https:\/\/pcimt.org\/en\/wp-json\/wp\/v2\/posts\/1791","targetHints":{"allow":["GET"]}}],"collection":[{"href":"https:\/\/pcimt.org\/en\/wp-json\/wp\/v2\/posts"}],"about":[{"href":"https:\/\/pcimt.org\/en\/wp-json\/wp\/v2\/types\/post"}],"author":[{"embeddable":true,"href":"https:\/\/pcimt.org\/en\/wp-json\/wp\/v2\/users\/2"}],"replies":[{"embeddable":true,"href":"https:\/\/pcimt.org\/en\/wp-json\/wp\/v2\/comments?post=1791"}],"version-history":[{"count":6,"href":"https:\/\/pcimt.org\/en\/wp-json\/wp\/v2\/posts\/1791\/revisions"}],"predecessor-version":[{"id":3595,"href":"https:\/\/pcimt.org\/en\/wp-json\/wp\/v2\/posts\/1791\/revisions\/3595"}],"wp:featuredmedia":[{"embeddable":true,"href":"https:\/\/pcimt.org\/en\/wp-json\/wp\/v2\/media\/3339"}],"wp:attachment":[{"href":"https:\/\/pcimt.org\/en\/wp-json\/wp\/v2\/media?parent=1791"}],"wp:term":[{"taxonomy":"category","embeddable":true,"href":"https:\/\/pcimt.org\/en\/wp-json\/wp\/v2\/categories?post=1791"},{"taxonomy":"post_tag","embeddable":true,"href":"https:\/\/pcimt.org\/en\/wp-json\/wp\/v2\/tags?post=1791"}],"curies":[{"name":"wp","href":"https:\/\/api.w.org\/{rel}","templated":true}]}}