{"id":1772,"date":"2020-06-24T19:21:25","date_gmt":"2020-06-24T22:21:25","guid":{"rendered":"https:\/\/pcimt.org\/projeto-que-apoia-geracao-de-renda-e-conservacao-ambiental-e-iniciado-em-cotriguacu\/"},"modified":"2025-03-14T12:44:23","modified_gmt":"2025-03-14T15:44:23","slug":"projeto-que-apoia-geracao-de-renda-e-conservacao-ambiental-e-iniciado-em-cotriguacu","status":"publish","type":"post","link":"https:\/\/pcimt.org\/en\/projeto-que-apoia-geracao-de-renda-e-conservacao-ambiental-e-iniciado-em-cotriguacu\/","title":{"rendered":"Projeto que apoia gera\u00e7\u00e3o de renda e conserva\u00e7\u00e3o ambiental \u00e9 iniciado em Cotrigua\u00e7u"},"content":{"rendered":"<div class=\"noticia-meta\">\n<div class=\"dados\">\n<h2 class=\"titulo\">Autor: Assessoria de Imprensa<\/h2>\n<\/div>\n<\/div>\n<div class=\"noticia-imagem\"><img fetchpriority=\"high\" decoding=\"async\" class=\"alignnone wp-image-1771 size-full\" src=\"http:\/\/pcimt.org\/wp-content\/uploads\/2021\/03\/terramaz-27c.jpeg\" alt=\"Projeto em Cotrigua\u00e7u\" width=\"1280\" height=\"720\" srcset=\"https:\/\/pcimt.org\/wp-content\/uploads\/2021\/03\/terramaz-27c.jpeg 1280w, https:\/\/pcimt.org\/wp-content\/uploads\/2021\/03\/terramaz-27c-300x169.jpeg 300w, https:\/\/pcimt.org\/wp-content\/uploads\/2021\/03\/terramaz-27c-1024x576.jpeg 1024w, https:\/\/pcimt.org\/wp-content\/uploads\/2021\/03\/terramaz-27c-768x432.jpeg 768w, https:\/\/pcimt.org\/wp-content\/uploads\/2021\/03\/terramaz-27c-18x10.jpeg 18w, https:\/\/pcimt.org\/wp-content\/uploads\/2021\/03\/terramaz-27c-800x450.jpeg 800w\" sizes=\"(max-width: 1280px) 100vw, 1280px\" \/><\/div>\n<div class=\"noticia-share\">COMPARTILHE NAS REDES SOCIAIS<\/p>\n<div class=\"linha-sociais\">\n<div class=\"ssba-classic-2 ssba ssbp-wrap left ssbp--theme-1\">\n<div><a class=\"ssba_facebook_share\" href=\"http:\/\/www.facebook.com\/sharer.php?u=https:\/\/www.icv.org.br\/2021\/03\/projeto-que-apoia-geracao-de-renda-e-conservacao-ambiental-e-iniciado-em-mt\/\" target=\"_blank\" rel=\"noopener noreferrer\" data-site=\"\"><img decoding=\"async\" class=\"ssba ssba-img\" title=\"Facebook\" src=\"http:\/\/pcimt.org\/wp-content\/uploads\/2021\/03\/facebook-867.png\" alt=\"Share on Facebook\" \/><\/a><a class=\"ssba_pinterest_share\" data-site=\"pinterest\"><img decoding=\"async\" class=\"ssba ssba-img\" title=\"Pinterest\" src=\"http:\/\/pcimt.org\/wp-content\/uploads\/2021\/03\/pinterest-cab.png\" alt=\"Pin on Pinterest\" \/><\/a><a class=\"ssba_twitter_share\" href=\"http:\/\/twitter.com\/share?url=https:\/\/www.icv.org.br\/2021\/03\/projeto-que-apoia-geracao-de-renda-e-conservacao-ambiental-e-iniciado-em-mt\/&amp;text=Projeto%20que%20apoia%20gera%C3%A7%C3%A3o%20de%20renda%20e%20conserva%C3%A7%C3%A3o%20ambiental%20%C3%A9%20iniciado%20em%20Cotrigua%C3%A7u%20\" target=\"&quot;_blank&quot;\" rel=\"noopener\" data-site=\"\"><img decoding=\"async\" class=\"ssba ssba-img\" title=\"Twitter\" src=\"http:\/\/pcimt.org\/wp-content\/uploads\/2021\/03\/twitter-041.png\" alt=\"Tweet about this on Twitter\" \/><\/a><a class=\"ssba_linkedin_share ssba_share_link\" href=\"http:\/\/www.linkedin.com\/shareArticle?mini=true&amp;url=https:\/\/www.icv.org.br\/2021\/03\/projeto-que-apoia-geracao-de-renda-e-conservacao-ambiental-e-iniciado-em-mt\/\" target=\"&quot;_blank&quot;\" rel=\"noopener\" data-site=\"linkedin\"><img decoding=\"async\" class=\"ssba ssba-img\" title=\"LinkedIn\" src=\"http:\/\/pcimt.org\/wp-content\/uploads\/2021\/03\/linkedin-fdc.png\" alt=\"Share on LinkedIn\" \/><\/a><\/div>\n<\/div>\n<\/div>\n<\/div>\n<div class=\"noticia-texto config-texto\">\n<p>Pol\u00edticas p\u00fablicas que convergem desenvolvimento econ\u00f4mico e conserva\u00e7\u00e3o ambiental est\u00e3o no centro do debate na Amaz\u00f4nia, como o projeto em Cotrigua\u00e7u. Em meio \u00e0 crise clim\u00e1tica, elas s\u00e3o fundamentais para que os pa\u00edses da regi\u00e3o atinjam compromissos firmados internacionalmente pela preserva\u00e7\u00e3o de um dos biomas mais importantes do mundo.<\/p>\n<p>A implementa\u00e7\u00e3o, entretanto, ainda esbarra na falta de articula\u00e7\u00e3o com os atores locais: a gest\u00e3o p\u00fablica dos munic\u00edpios e as organiza\u00e7\u00f5es da sociedade civil de cada territ\u00f3rio.<\/p>\n<p>Essa \u00e9 uma das premissas que inspiraram a cria\u00e7\u00e3o do rec\u00e9m lan\u00e7ado \u201cTerrAmaz \u2013 Territ\u00f3rios Amaz\u00f4nicos\u201d, projeto financiado pela Ag\u00eancia Francesa de Desenvolvimento (AFD) que implementar\u00e1 a\u00e7\u00f5es em \u00e1reas piloto localizadas em quatro pa\u00edses da Amaz\u00f4nia.<\/p>\n<p>O principal objetivo do projeto \u00e9 apoiar os territ\u00f3rios na implementa\u00e7\u00e3o de pol\u00edticas de desmatamento e transi\u00e7\u00e3o para um modelo de desenvolvimento que combina desenvolvimento econ\u00f4mico de baixo carbono e conserva\u00e7\u00e3o de ecossistemas.<\/p>\n<p>Um dos s\u00edtios piloto ser\u00e1 Cotrigua\u00e7u, munic\u00edpio localizado na regi\u00e3o norte de Mato Grosso e sob forte press\u00e3o de desmatamento e que hoje conta com atua\u00e7\u00e3o de organiza\u00e7\u00f5es da sociedade civil no apoio ao desenvolvimento de pr\u00e1ticas produtivas sustent\u00e1veis.<\/p>\n<p>O in\u00edcio das atividades da iniciativa local do projeto denominada \u201cPlanejamento Territorial e Transi\u00e7\u00e3o Agroecol\u00f3gica de Atividades Produtivas em Cotrigua\u00e7u (MT)\u201d foi oficializado com o lan\u00e7amento em um evento online realizado na sexta-feira passada.<\/p>\n<p>O programa no munic\u00edpio ser\u00e1 implementado pelo CIRAD (Centro de Coopera\u00e7\u00e3o Internacional em Pesquisa Agron\u00f4mica para o Desenvolvimento), com apoio da ONF Brasil e do Instituto Centro de Vida (ICV) pelo per\u00edodo de quatro anos.<\/p>\n<p>O financiamento \u00e9 da Ag\u00eancia Francesa de Desenvolvimento (AFD). Assista abaixo o evento de lan\u00e7amento da iniciativa:<\/p>\n<p><a href=\"https:\/\/www.facebook.com\/plugins\/video.php?height=314&amp;href=https%3A%2F%2Fwww.facebook.com%2FInstitutoCentrodeVida%2Fvideos%2F3894204547268318%2F&amp;show_text=false&amp;width=560\" target=\"_blank\" rel=\"noopener noreferrer\">Clique aqui<\/a><\/p>\n<div><strong>ESTRAT\u00c9GIA GLOBAL E ESTADUAL<\/strong><\/div>\n<p>No evento, Philippe Orliange, representante da AFD, ressaltou a necessidade de abordagem integrada entre diferentes atores na aplica\u00e7\u00e3o das pol\u00edticas p\u00fablicas. Isso \u00e9 um pr\u00e9-requisito, segundo ele, para se atingir as metas tra\u00e7adas globalmente por meio dos Objetivos de Desenvolvimento Sustent\u00e1vel (ODS) das Na\u00e7\u00f5es Unidas.<\/p>\n<p>\u201cIsso torna poss\u00edvel reconciliar o desenvolvimento socioecon\u00f4mico, a gest\u00e3o de recursos naturais e a conserva\u00e7\u00e3o da biodiversidade. Uma abordagem que Mato Grosso desenvolve desde a implementa\u00e7\u00e3o da PCI\u201d, afirmou.<\/p>\n<p>No estado, o projeto contribui diretamente para a consolida\u00e7\u00e3o da Estrat\u00e9gia PCI (Produzir, Conservar e Incluir), pol\u00edtica lan\u00e7ada pelo estado de Mato Grosso na COP-21, em 2015.<\/p>\n<p>Fernando Sampaio, diretor-executivo da estrat\u00e9gia, afirmou no evento que o programa lan\u00e7ado h\u00e1 seis anos tra\u00e7a uma \u201cvis\u00e3o de futuro\u201d para o estado de Mato Grosso, mas que encara o desafio de combinar esfor\u00e7os para que as a\u00e7\u00f5es sejam efetivadas e as metas, cumpridas.<\/p>\n<p>\u201cN\u00e3o \u00e9 implementada de cima pra baixo e agora. Agora, Cotrigua\u00e7u \u00e9 um munic\u00edpio pioneiro e piloto de ter uma PCI regional onde atores locais discutam as melhores formas de implementar\u201d, afirmou.<\/p>\n<p>A diretora da ONF Brasil Estelle Dugachard afirmou na apresenta\u00e7\u00e3o que, al\u00e9m da PCI, iniciativas em atua\u00e7\u00e3o no estado como a rec\u00e9m formada\u00a0<a href=\"https:\/\/www.icv.org.br\/2019\/07\/produtores-se-unem-em-rede-para-impulsionar-a-agricultura-organica-na-amazonia\/\">Rede de Produ\u00e7\u00e3o Org\u00e2nica da Amaz\u00f4nia Mato-grossense (REPOAMA)<\/a>\u00a0poder\u00e3o potencializar os resultados do projeto.<\/p>\n<p>\u201cCaminham juntas para fortalecer o territ\u00f3rio de Cotrigua\u00e7u nesse caminho e inserir dentro da din\u00e2mica global\u201d, afirmou.<\/p>\n<p>A coordenadora do\u00a0<a href=\"https:\/\/www.icv.org.br\/programa\/negocios-sociais\/\">Programa de Neg\u00f3cios Sociais do ICV<\/a>, Camila Rodrigues reiterou as afirma\u00e7\u00f5es dos participantes no evento.<\/p>\n<p>\u201cA efic\u00e1cia na implementa\u00e7\u00e3o de pol\u00edticas p\u00fablicas depende de atores locais, seja na sociedade civil ou prefeituras municipais. Enquanto isso, as iniciativas da sociedade civil podem inspirar a constru\u00e7\u00e3o de novas pol\u00edticas\u201d, concluiu.<\/p>\n<p>O munic\u00edpio mato-grossense foi um dos escolhidos por possuir caracter\u00edsticas que abarcam grande diversidade de quest\u00f5es do bioma Amaz\u00f4nia, com foco na produ\u00e7\u00e3o agr\u00edcola e qualidade de vida na \u00e1rea rural da bacia.<\/p>\n<p>Est\u00e1 localizado em uma \u00e1rea conhecida como \u201cArco do Desmatamento\u201d e \u00e9 formado por grandes propriedades rurais e assentamentos da reforma agr\u00e1ria.<\/p>\n<p><strong>PR\u00c1TICAS PRODUTIVAS SUSTENT\u00c1VEIS<\/strong><\/p>\n<p>As a\u00e7\u00f5es do projeto em Cotrigua\u00e7u ter\u00e3o diferentes eixos, complementares um ao outro.<\/p>\n<p>Ser\u00e3o implementadas unidades demonstrativas de pr\u00e1ticas produtivas em propriedades pilotos da agricultura familiar, com a forma\u00e7\u00e3o de uma rede de produtores com acesso a workshops e interc\u00e2mbios de experi\u00eancias bem sucedidas de atividades de baixo carbono nas pr\u00e1ticas.<\/p>\n<p>Um dos componentes da iniciativa tamb\u00e9m \u00e9 o apoio ao beneficiamento da Castanha do Brasil, realizado na regi\u00e3o pela Associa\u00e7\u00e3o de Coletores de Castanha do Brasil do PA Juruena (ACCPAJ).<\/p>\n<p>Presidenta da entidade, Veridiana Vieira afirmou ser poss\u00edvel gerar renda e conservar o bioma ao relatar a experi\u00eancia do extrativismo da Castanha do Brasil na regi\u00e3o.<\/p>\n<p>Para viabilizar a atividade extrativista do recurso n\u00e3o madeireiro, a associa\u00e7\u00e3o realiza parcerias com propriet\u00e1rios rurais da regi\u00e3o.<\/p>\n<p>\u201cMostra que \u00e9 poss\u00edvel viver de forma sustent\u00e1vel criando boi, plantando, colhendo e mantendo a floresta em p\u00e9 com emprego e renda\u201d, disse.<\/p>\n<p><strong>DADOS, GEST\u00c3O E MONITORAMENTO<\/strong><\/p>\n<p>O desenvolvimento de uma plataforma online para monitoramento de desmatamento e de indicadores, al\u00e9m de servir para uso dos envolvidos e benefici\u00e1rios na elabora\u00e7\u00e3o de pol\u00edticas p\u00fablicas para o munic\u00edpio, servir\u00e1 como forma de avalia\u00e7\u00e3o das atividades do projeto.<\/p>\n<p>\u201cDar\u00e1 transpar\u00eancia, facilitar\u00e1 a troca de informa\u00e7\u00e3o e os dados servir\u00e3o de subs\u00eddios para articula\u00e7\u00f5es\u201d, disse Estelle na apresenta\u00e7\u00e3o.<\/p>\n<p>O projeto ir\u00e1 apoiar a ades\u00e3o e implementa\u00e7\u00e3o do Sistema Integrado da Agricultura Familiar (SEIAF) e fortalecer a pol\u00edtica estadual atrav\u00e9s da cria\u00e7\u00e3o de uma base de dados municipal da agricultura familiar, que servir\u00e1 diretamente para a cria\u00e7\u00e3o de um Plano Municipal da Agricultura Familiar.<\/p>\n<p>Al\u00e9m disso, o projeto. tamb\u00e9m atuar\u00e1 pelo fortalecimento do Conselho Municipal de Desenvolvimento Rural Sustent\u00e1vel.<\/p>\n<p>\u201cHoje os dados que temos n\u00e3o s\u00e3o suficientes\u201d, afirmou George Lima, da SEIAF.<\/p>\n<p>\u201cE quando falamos de comunidades tradicionais e ind\u00edgenas, h\u00e1 uma escassez maior ainda\u201d, disse.<\/p>\n<p>No evento, o presidente da Federa\u00e7\u00e3o dos Povos Ind\u00edgenas de Mato Grosso (FEPOIMT), Crisanto Xavante afirmou que o projeto \u00e9 uma importante a\u00e7\u00e3o para inclus\u00e3o de outros segmentos da sociedade.<\/p>\n<p>\u201cAinda bem que estamos escrevendo essa hist\u00f3ria hoje\u201d, relatou. \u201cMostrar que \u00e9 poss\u00edvel que cada cidad\u00e3o se desenvolva, com respeito ao outro. \u00c9 poss\u00edvel viver de forma compartilhada, respeitando a plurietnicidade\u201d, concluiu.<\/p>\n<p>George tamb\u00e9m fez refer\u00eancia \u00e0 estrat\u00e9gia PCI e ressaltou que o eixo \u201cIncluir\u201d abrange, essencialmente, a\u00e7\u00f5es voltadas \u00e0 agricultura familiar. \u201cHoje a estrat\u00e9gia PCI tem dificuldade de monitorar isso porque falta dados\u201d, comentou.<\/p>\n<p>\u201cAlguns anos atr\u00e1s, falava-se que agricultura e meio ambiente n\u00e3o poderiam andar lado a lado. Hoje vemos a agricultura familiar numa situa\u00e7\u00e3o de abandono e a partir do momento em que se faz um levantamento desses dados, sabemos o que precisam e onde investir. E com agricultura e meio ambiente juntas\u201d, concluiu o secret\u00e1rio de agricultura e meio Ambiente de Cotrigua\u00e7u, Evandro Oliveira.<\/p>\n<\/div>","protected":false},"excerpt":{"rendered":"<p>Autor: Assessoria de Imprensa COMPARTILHE NAS REDES SOCIAIS Pol\u00edticas p\u00fablicas que convergem desenvolvimento econ\u00f4mico e conserva\u00e7\u00e3o ambiental est\u00e3o no centro do debate na Amaz\u00f4nia, como o projeto em Cotrigua\u00e7u. Em meio \u00e0 crise clim\u00e1tica, elas s\u00e3o fundamentais para que os pa\u00edses da regi\u00e3o atinjam compromissos firmados internacionalmente pela preserva\u00e7\u00e3o de um dos biomas mais importantes [&hellip;]<\/p>\n","protected":false},"author":2,"featured_media":1771,"comment_status":"closed","ping_status":"closed","sticky":false,"template":"","format":"standard","meta":{"ocean_post_layout":"","ocean_both_sidebars_style":"","ocean_both_sidebars_content_width":0,"ocean_both_sidebars_sidebars_width":0,"ocean_sidebar":"","ocean_second_sidebar":"","ocean_disable_margins":"enable","ocean_add_body_class":"","ocean_shortcode_before_top_bar":"","ocean_shortcode_after_top_bar":"","ocean_shortcode_before_header":"","ocean_shortcode_after_header":"","ocean_has_shortcode":"","ocean_shortcode_after_title":"","ocean_shortcode_before_footer_widgets":"","ocean_shortcode_after_footer_widgets":"","ocean_shortcode_before_footer_bottom":"","ocean_shortcode_after_footer_bottom":"","ocean_display_top_bar":"default","ocean_display_header":"default","ocean_header_style":"","ocean_center_header_left_menu":"","ocean_custom_header_template":"","ocean_custom_logo":0,"ocean_custom_retina_logo":0,"ocean_custom_logo_max_width":0,"ocean_custom_logo_tablet_max_width":0,"ocean_custom_logo_mobile_max_width":0,"ocean_custom_logo_max_height":0,"ocean_custom_logo_tablet_max_height":0,"ocean_custom_logo_mobile_max_height":0,"ocean_header_custom_menu":"","ocean_menu_typo_font_family":"","ocean_menu_typo_font_subset":"","ocean_menu_typo_font_size":0,"ocean_menu_typo_font_size_tablet":0,"ocean_menu_typo_font_size_mobile":0,"ocean_menu_typo_font_size_unit":"px","ocean_menu_typo_font_weight":"","ocean_menu_typo_font_weight_tablet":"","ocean_menu_typo_font_weight_mobile":"","ocean_menu_typo_transform":"","ocean_menu_typo_transform_tablet":"","ocean_menu_typo_transform_mobile":"","ocean_menu_typo_line_height":0,"ocean_menu_typo_line_height_tablet":0,"ocean_menu_typo_line_height_mobile":0,"ocean_menu_typo_line_height_unit":"","ocean_menu_typo_spacing":0,"ocean_menu_typo_spacing_tablet":0,"ocean_menu_typo_spacing_mobile":0,"ocean_menu_typo_spacing_unit":"","ocean_menu_link_color":"","ocean_menu_link_color_hover":"","ocean_menu_link_color_active":"","ocean_menu_link_background":"","ocean_menu_link_hover_background":"","ocean_menu_link_active_background":"","ocean_menu_social_links_bg":"","ocean_menu_social_hover_links_bg":"","ocean_menu_social_links_color":"","ocean_menu_social_hover_links_color":"","ocean_disable_title":"default","ocean_disable_heading":"default","ocean_post_title":"","ocean_post_subheading":"","ocean_post_title_style":"","ocean_post_title_background_color":"","ocean_post_title_background":0,"ocean_post_title_bg_image_position":"","ocean_post_title_bg_image_attachment":"","ocean_post_title_bg_image_repeat":"","ocean_post_title_bg_image_size":"","ocean_post_title_height":0,"ocean_post_title_bg_overlay":0.5,"ocean_post_title_bg_overlay_color":"","ocean_disable_breadcrumbs":"default","ocean_breadcrumbs_color":"","ocean_breadcrumbs_separator_color":"","ocean_breadcrumbs_links_color":"","ocean_breadcrumbs_links_hover_color":"","ocean_display_footer_widgets":"default","ocean_display_footer_bottom":"default","ocean_custom_footer_template":"","ocean_post_oembed":"","ocean_post_self_hosted_media":"","ocean_post_video_embed":"","ocean_link_format":"","ocean_link_format_target":"self","ocean_quote_format":"","ocean_quote_format_link":"post","ocean_gallery_link_images":"on","ocean_gallery_id":[],"footnotes":""},"categories":[26],"tags":[],"class_list":["post-1772","post","type-post","status-publish","format-standard","has-post-thumbnail","hentry","category-noticias-pci","entry","has-media"],"yoast_head":"<!-- This site is optimized with the Yoast SEO plugin v27.1.1 - https:\/\/yoast.com\/product\/yoast-seo-wordpress\/ -->\n<title>Projeto em Cotrigua\u00e7u promove desenvolvimento sustent\u00e1vel<\/title>\n<meta name=\"description\" content=\"Projeto em Cotrigua\u00e7u alia desenvolvimento econ\u00f4mico e conserva\u00e7\u00e3o ambiental na Amaz\u00f4nia, apoiado pela Ag\u00eancia Francesa de Desenvolvimento.\" \/>\n<meta name=\"robots\" content=\"index, follow, max-snippet:-1, max-image-preview:large, max-video-preview:-1\" \/>\n<link rel=\"canonical\" href=\"https:\/\/pcimt.org\/en\/projeto-que-apoia-geracao-de-renda-e-conservacao-ambiental-e-iniciado-em-cotriguacu\/\" \/>\n<meta property=\"og:locale\" content=\"en_US\" \/>\n<meta property=\"og:type\" content=\"article\" \/>\n<meta property=\"og:title\" content=\"Projeto em Cotrigua\u00e7u promove desenvolvimento sustent\u00e1vel\" \/>\n<meta property=\"og:description\" content=\"Projeto em Cotrigua\u00e7u alia desenvolvimento econ\u00f4mico e conserva\u00e7\u00e3o ambiental na Amaz\u00f4nia, apoiado pela Ag\u00eancia Francesa de Desenvolvimento.\" \/>\n<meta property=\"og:url\" content=\"https:\/\/pcimt.org\/en\/projeto-que-apoia-geracao-de-renda-e-conservacao-ambiental-e-iniciado-em-cotriguacu\/\" \/>\n<meta property=\"og:site_name\" content=\"PCI\" \/>\n<meta property=\"article:published_time\" content=\"2020-06-24T22:21:25+00:00\" \/>\n<meta property=\"article:modified_time\" content=\"2025-03-14T15:44:23+00:00\" \/>\n<meta property=\"og:image\" content=\"https:\/\/pcimt.org\/wp-content\/uploads\/2021\/03\/terramaz-27c.jpeg\" \/>\n\t<meta property=\"og:image:width\" content=\"1280\" \/>\n\t<meta property=\"og:image:height\" content=\"720\" \/>\n\t<meta property=\"og:image:type\" content=\"image\/jpeg\" \/>\n<meta name=\"author\" content=\"Nvlo\" \/>\n<meta name=\"twitter:card\" content=\"summary_large_image\" \/>\n<meta name=\"twitter:label1\" content=\"Written by\" \/>\n\t<meta name=\"twitter:data1\" content=\"Nvlo\" \/>\n\t<meta name=\"twitter:label2\" content=\"Est. reading time\" \/>\n\t<meta name=\"twitter:data2\" content=\"8 minutes\" \/>\n<script type=\"application\/ld+json\" class=\"yoast-schema-graph\">{\"@context\":\"https:\/\/schema.org\",\"@graph\":[{\"@type\":\"Article\",\"@id\":\"https:\/\/pcimt.org\/en\/projeto-que-apoia-geracao-de-renda-e-conservacao-ambiental-e-iniciado-em-cotriguacu\/#article\",\"isPartOf\":{\"@id\":\"https:\/\/pcimt.org\/en\/projeto-que-apoia-geracao-de-renda-e-conservacao-ambiental-e-iniciado-em-cotriguacu\/\"},\"author\":{\"name\":\"Nvlo\",\"@id\":\"https:\/\/pcimt.org\/#\/schema\/person\/0157b9ecd4b40c936045ea21257e1ba2\"},\"headline\":\"Projeto que apoia gera\u00e7\u00e3o de renda e conserva\u00e7\u00e3o ambiental \u00e9 iniciado em Cotrigua\u00e7u\",\"datePublished\":\"2020-06-24T22:21:25+00:00\",\"dateModified\":\"2025-03-14T15:44:23+00:00\",\"mainEntityOfPage\":{\"@id\":\"https:\/\/pcimt.org\/en\/projeto-que-apoia-geracao-de-renda-e-conservacao-ambiental-e-iniciado-em-cotriguacu\/\"},\"wordCount\":1250,\"image\":{\"@id\":\"https:\/\/pcimt.org\/en\/projeto-que-apoia-geracao-de-renda-e-conservacao-ambiental-e-iniciado-em-cotriguacu\/#primaryimage\"},\"thumbnailUrl\":\"https:\/\/pcimt.org\/wp-content\/uploads\/2021\/03\/terramaz-27c.jpeg\",\"articleSection\":[\"Noticias-PCI\"],\"inLanguage\":\"en-US\"},{\"@type\":\"WebPage\",\"@id\":\"https:\/\/pcimt.org\/en\/projeto-que-apoia-geracao-de-renda-e-conservacao-ambiental-e-iniciado-em-cotriguacu\/\",\"url\":\"https:\/\/pcimt.org\/en\/projeto-que-apoia-geracao-de-renda-e-conservacao-ambiental-e-iniciado-em-cotriguacu\/\",\"name\":\"Projeto em Cotrigua\u00e7u promove desenvolvimento sustent\u00e1vel\",\"isPartOf\":{\"@id\":\"https:\/\/pcimt.org\/#website\"},\"primaryImageOfPage\":{\"@id\":\"https:\/\/pcimt.org\/en\/projeto-que-apoia-geracao-de-renda-e-conservacao-ambiental-e-iniciado-em-cotriguacu\/#primaryimage\"},\"image\":{\"@id\":\"https:\/\/pcimt.org\/en\/projeto-que-apoia-geracao-de-renda-e-conservacao-ambiental-e-iniciado-em-cotriguacu\/#primaryimage\"},\"thumbnailUrl\":\"https:\/\/pcimt.org\/wp-content\/uploads\/2021\/03\/terramaz-27c.jpeg\",\"datePublished\":\"2020-06-24T22:21:25+00:00\",\"dateModified\":\"2025-03-14T15:44:23+00:00\",\"author\":{\"@id\":\"https:\/\/pcimt.org\/#\/schema\/person\/0157b9ecd4b40c936045ea21257e1ba2\"},\"description\":\"Projeto em Cotrigua\u00e7u alia desenvolvimento econ\u00f4mico e conserva\u00e7\u00e3o ambiental na Amaz\u00f4nia, apoiado pela Ag\u00eancia Francesa de Desenvolvimento.\",\"breadcrumb\":{\"@id\":\"https:\/\/pcimt.org\/en\/projeto-que-apoia-geracao-de-renda-e-conservacao-ambiental-e-iniciado-em-cotriguacu\/#breadcrumb\"},\"inLanguage\":\"en-US\",\"potentialAction\":[{\"@type\":\"ReadAction\",\"target\":[\"https:\/\/pcimt.org\/en\/projeto-que-apoia-geracao-de-renda-e-conservacao-ambiental-e-iniciado-em-cotriguacu\/\"]}]},{\"@type\":\"ImageObject\",\"inLanguage\":\"en-US\",\"@id\":\"https:\/\/pcimt.org\/en\/projeto-que-apoia-geracao-de-renda-e-conservacao-ambiental-e-iniciado-em-cotriguacu\/#primaryimage\",\"url\":\"https:\/\/pcimt.org\/wp-content\/uploads\/2021\/03\/terramaz-27c.jpeg\",\"contentUrl\":\"https:\/\/pcimt.org\/wp-content\/uploads\/2021\/03\/terramaz-27c.jpeg\",\"width\":1280,\"height\":720},{\"@type\":\"BreadcrumbList\",\"@id\":\"https:\/\/pcimt.org\/en\/projeto-que-apoia-geracao-de-renda-e-conservacao-ambiental-e-iniciado-em-cotriguacu\/#breadcrumb\",\"itemListElement\":[{\"@type\":\"ListItem\",\"position\":1,\"name\":\"In\u00edcio\",\"item\":\"https:\/\/pcimt.org\/\"},{\"@type\":\"ListItem\",\"position\":2,\"name\":\"Projeto que apoia gera\u00e7\u00e3o de renda e conserva\u00e7\u00e3o ambiental \u00e9 iniciado em Cotrigua\u00e7u\"}]},{\"@type\":\"WebSite\",\"@id\":\"https:\/\/pcimt.org\/#website\",\"url\":\"https:\/\/pcimt.org\/\",\"name\":\"PCI\",\"description\":\"Produzir, Conservar e Incluir\",\"potentialAction\":[{\"@type\":\"SearchAction\",\"target\":{\"@type\":\"EntryPoint\",\"urlTemplate\":\"https:\/\/pcimt.org\/?s={search_term_string}\"},\"query-input\":{\"@type\":\"PropertyValueSpecification\",\"valueRequired\":true,\"valueName\":\"search_term_string\"}}],\"inLanguage\":\"en-US\"},{\"@type\":\"Person\",\"@id\":\"https:\/\/pcimt.org\/#\/schema\/person\/0157b9ecd4b40c936045ea21257e1ba2\",\"name\":\"Nvlo\",\"url\":\"https:\/\/pcimt.org\/en\/author\/nvlo\/\"}]}<\/script>\n<!-- \/ Yoast SEO plugin. -->","yoast_head_json":{"title":"Projeto em Cotrigua\u00e7u promove desenvolvimento sustent\u00e1vel","description":"Projeto em Cotrigua\u00e7u alia desenvolvimento econ\u00f4mico e conserva\u00e7\u00e3o ambiental na Amaz\u00f4nia, apoiado pela Ag\u00eancia Francesa de Desenvolvimento.","robots":{"index":"index","follow":"follow","max-snippet":"max-snippet:-1","max-image-preview":"max-image-preview:large","max-video-preview":"max-video-preview:-1"},"canonical":"https:\/\/pcimt.org\/en\/projeto-que-apoia-geracao-de-renda-e-conservacao-ambiental-e-iniciado-em-cotriguacu\/","og_locale":"en_US","og_type":"article","og_title":"Projeto em Cotrigua\u00e7u promove desenvolvimento sustent\u00e1vel","og_description":"Projeto em Cotrigua\u00e7u alia desenvolvimento econ\u00f4mico e conserva\u00e7\u00e3o ambiental na Amaz\u00f4nia, apoiado pela Ag\u00eancia Francesa de Desenvolvimento.","og_url":"https:\/\/pcimt.org\/en\/projeto-que-apoia-geracao-de-renda-e-conservacao-ambiental-e-iniciado-em-cotriguacu\/","og_site_name":"PCI","article_published_time":"2020-06-24T22:21:25+00:00","article_modified_time":"2025-03-14T15:44:23+00:00","og_image":[{"width":1280,"height":720,"url":"https:\/\/pcimt.org\/wp-content\/uploads\/2021\/03\/terramaz-27c.jpeg","type":"image\/jpeg"}],"author":"Nvlo","twitter_card":"summary_large_image","twitter_misc":{"Written by":"Nvlo","Est. reading time":"8 minutes"},"schema":{"@context":"https:\/\/schema.org","@graph":[{"@type":"Article","@id":"https:\/\/pcimt.org\/en\/projeto-que-apoia-geracao-de-renda-e-conservacao-ambiental-e-iniciado-em-cotriguacu\/#article","isPartOf":{"@id":"https:\/\/pcimt.org\/en\/projeto-que-apoia-geracao-de-renda-e-conservacao-ambiental-e-iniciado-em-cotriguacu\/"},"author":{"name":"Nvlo","@id":"https:\/\/pcimt.org\/#\/schema\/person\/0157b9ecd4b40c936045ea21257e1ba2"},"headline":"Projeto que apoia gera\u00e7\u00e3o de renda e conserva\u00e7\u00e3o ambiental \u00e9 iniciado em Cotrigua\u00e7u","datePublished":"2020-06-24T22:21:25+00:00","dateModified":"2025-03-14T15:44:23+00:00","mainEntityOfPage":{"@id":"https:\/\/pcimt.org\/en\/projeto-que-apoia-geracao-de-renda-e-conservacao-ambiental-e-iniciado-em-cotriguacu\/"},"wordCount":1250,"image":{"@id":"https:\/\/pcimt.org\/en\/projeto-que-apoia-geracao-de-renda-e-conservacao-ambiental-e-iniciado-em-cotriguacu\/#primaryimage"},"thumbnailUrl":"https:\/\/pcimt.org\/wp-content\/uploads\/2021\/03\/terramaz-27c.jpeg","articleSection":["Noticias-PCI"],"inLanguage":"en-US"},{"@type":"WebPage","@id":"https:\/\/pcimt.org\/en\/projeto-que-apoia-geracao-de-renda-e-conservacao-ambiental-e-iniciado-em-cotriguacu\/","url":"https:\/\/pcimt.org\/en\/projeto-que-apoia-geracao-de-renda-e-conservacao-ambiental-e-iniciado-em-cotriguacu\/","name":"Projeto em Cotrigua\u00e7u promove desenvolvimento sustent\u00e1vel","isPartOf":{"@id":"https:\/\/pcimt.org\/#website"},"primaryImageOfPage":{"@id":"https:\/\/pcimt.org\/en\/projeto-que-apoia-geracao-de-renda-e-conservacao-ambiental-e-iniciado-em-cotriguacu\/#primaryimage"},"image":{"@id":"https:\/\/pcimt.org\/en\/projeto-que-apoia-geracao-de-renda-e-conservacao-ambiental-e-iniciado-em-cotriguacu\/#primaryimage"},"thumbnailUrl":"https:\/\/pcimt.org\/wp-content\/uploads\/2021\/03\/terramaz-27c.jpeg","datePublished":"2020-06-24T22:21:25+00:00","dateModified":"2025-03-14T15:44:23+00:00","author":{"@id":"https:\/\/pcimt.org\/#\/schema\/person\/0157b9ecd4b40c936045ea21257e1ba2"},"description":"Projeto em Cotrigua\u00e7u alia desenvolvimento econ\u00f4mico e conserva\u00e7\u00e3o ambiental na Amaz\u00f4nia, apoiado pela Ag\u00eancia Francesa de Desenvolvimento.","breadcrumb":{"@id":"https:\/\/pcimt.org\/en\/projeto-que-apoia-geracao-de-renda-e-conservacao-ambiental-e-iniciado-em-cotriguacu\/#breadcrumb"},"inLanguage":"en-US","potentialAction":[{"@type":"ReadAction","target":["https:\/\/pcimt.org\/en\/projeto-que-apoia-geracao-de-renda-e-conservacao-ambiental-e-iniciado-em-cotriguacu\/"]}]},{"@type":"ImageObject","inLanguage":"en-US","@id":"https:\/\/pcimt.org\/en\/projeto-que-apoia-geracao-de-renda-e-conservacao-ambiental-e-iniciado-em-cotriguacu\/#primaryimage","url":"https:\/\/pcimt.org\/wp-content\/uploads\/2021\/03\/terramaz-27c.jpeg","contentUrl":"https:\/\/pcimt.org\/wp-content\/uploads\/2021\/03\/terramaz-27c.jpeg","width":1280,"height":720},{"@type":"BreadcrumbList","@id":"https:\/\/pcimt.org\/en\/projeto-que-apoia-geracao-de-renda-e-conservacao-ambiental-e-iniciado-em-cotriguacu\/#breadcrumb","itemListElement":[{"@type":"ListItem","position":1,"name":"In\u00edcio","item":"https:\/\/pcimt.org\/"},{"@type":"ListItem","position":2,"name":"Projeto que apoia gera\u00e7\u00e3o de renda e conserva\u00e7\u00e3o ambiental \u00e9 iniciado em Cotrigua\u00e7u"}]},{"@type":"WebSite","@id":"https:\/\/pcimt.org\/#website","url":"https:\/\/pcimt.org\/","name":"The PCI","description":"Produce, Conserve and Include","potentialAction":[{"@type":"SearchAction","target":{"@type":"EntryPoint","urlTemplate":"https:\/\/pcimt.org\/?s={search_term_string}"},"query-input":{"@type":"PropertyValueSpecification","valueRequired":true,"valueName":"search_term_string"}}],"inLanguage":"en-US"},{"@type":"Person","@id":"https:\/\/pcimt.org\/#\/schema\/person\/0157b9ecd4b40c936045ea21257e1ba2","name":"Nvlo","url":"https:\/\/pcimt.org\/en\/author\/nvlo\/"}]}},"_links":{"self":[{"href":"https:\/\/pcimt.org\/en\/wp-json\/wp\/v2\/posts\/1772","targetHints":{"allow":["GET"]}}],"collection":[{"href":"https:\/\/pcimt.org\/en\/wp-json\/wp\/v2\/posts"}],"about":[{"href":"https:\/\/pcimt.org\/en\/wp-json\/wp\/v2\/types\/post"}],"author":[{"embeddable":true,"href":"https:\/\/pcimt.org\/en\/wp-json\/wp\/v2\/users\/2"}],"replies":[{"embeddable":true,"href":"https:\/\/pcimt.org\/en\/wp-json\/wp\/v2\/comments?post=1772"}],"version-history":[{"count":2,"href":"https:\/\/pcimt.org\/en\/wp-json\/wp\/v2\/posts\/1772\/revisions"}],"predecessor-version":[{"id":3268,"href":"https:\/\/pcimt.org\/en\/wp-json\/wp\/v2\/posts\/1772\/revisions\/3268"}],"wp:featuredmedia":[{"embeddable":true,"href":"https:\/\/pcimt.org\/en\/wp-json\/wp\/v2\/media\/1771"}],"wp:attachment":[{"href":"https:\/\/pcimt.org\/en\/wp-json\/wp\/v2\/media?parent=1772"}],"wp:term":[{"taxonomy":"category","embeddable":true,"href":"https:\/\/pcimt.org\/en\/wp-json\/wp\/v2\/categories?post=1772"},{"taxonomy":"post_tag","embeddable":true,"href":"https:\/\/pcimt.org\/en\/wp-json\/wp\/v2\/tags?post=1772"}],"curies":[{"name":"wp","href":"https:\/\/api.w.org\/{rel}","templated":true}]}}