{"id":1770,"date":"2020-06-24T19:21:25","date_gmt":"2020-06-24T22:21:25","guid":{"rendered":"https:\/\/pcimt.org\/mato-grosso-registrou-60-de-aumento-na-exploracao-madeireira-em-2018-e-2019-e-ilegalidade-diminui\/"},"modified":"2025-03-14T12:44:27","modified_gmt":"2025-03-14T15:44:27","slug":"mato-grosso-registrou-60-de-aumento-na-exploracao-madeireira-em-2018-e-2019-e-ilegalidade-diminui","status":"publish","type":"post","link":"https:\/\/pcimt.org\/en\/mato-grosso-registrou-60-de-aumento-na-exploracao-madeireira-em-2018-e-2019-e-ilegalidade-diminui\/","title":{"rendered":"Mato Grosso registrou 60% de aumento na explora\u00e7\u00e3o madeireira em 2018 e 2019 e ilegalidade diminui"},"content":{"rendered":"<p><img fetchpriority=\"high\" decoding=\"async\" class=\"size-full wp-image-1768\" src=\"http:\/\/pcimt.org\/wp-content\/uploads\/2021\/03\/whatsapp-image-2021-03-16-at-123155-40b.jpeg\" width=\"1050\" height=\"695\" srcset=\"https:\/\/pcimt.org\/wp-content\/uploads\/2021\/03\/whatsapp-image-2021-03-16-at-123155-40b.jpeg 1600w, https:\/\/pcimt.org\/wp-content\/uploads\/2021\/03\/whatsapp-image-2021-03-16-at-123155-40b-300x199.jpeg 300w, https:\/\/pcimt.org\/wp-content\/uploads\/2021\/03\/whatsapp-image-2021-03-16-at-123155-40b-1024x678.jpeg 1024w, https:\/\/pcimt.org\/wp-content\/uploads\/2021\/03\/whatsapp-image-2021-03-16-at-123155-40b-768x508.jpeg 768w, https:\/\/pcimt.org\/wp-content\/uploads\/2021\/03\/whatsapp-image-2021-03-16-at-123155-40b-1536x1017.jpeg 1536w, https:\/\/pcimt.org\/wp-content\/uploads\/2021\/03\/whatsapp-image-2021-03-16-at-123155-40b-18x12.jpeg 18w\" sizes=\"(max-width: 1050px) 100vw, 1050px\" \/><\/p>\n<div class=\"noticia-conteudo\">\n<div class=\"noticia-texto config-texto\">\n<p>Entre 2018 e 2019, o estado de Mato Grosso contabilizou um aumento de 60% na \u00e1rea de explora\u00e7\u00e3o madeireira em rela\u00e7\u00e3o ao per\u00edodo avaliado anteriormente, entre 2016 e 2017.<\/p>\n<p>Foram 457 mil hectares de florestas nativas exploradas no estado no per\u00edodo, que vai de agosto de 2017 a julho de 2019.<\/p>\n<p>O mapeamento anterior, de agosto de 2015 a julho de 2017, contabilizou 268 mil hectares explorados.<\/p>\n<p>Do total mapeado no per\u00edodo, 289 mil hectares (63%) foram realizados de forma legal, ou seja, com autoriza\u00e7\u00e3o v\u00e1lida e dentro de \u00e1rea autorizada pela Secretaria de Estado de Meio Ambiente (Sema\/MT).<\/p>\n<p>J\u00e1 168 mil hectares (37%) foram explorados ilegalmente, o que representa uma diminui\u00e7\u00e3o na propor\u00e7\u00e3o da ilegalidade na explora\u00e7\u00e3o madeireira do estado. No per\u00edodo anterior, 39% da atividade foi ilegal.<\/p>\n<p>Os dados s\u00e3o do \u201c<a href=\"http:\/\/pcimt.org\/wp-content\/uploads\/2021\/03\/tf-14-mapeamento-da-ilegalidade-na-exploracao-madeireira-mt-2018-a-2019-icv-2f7.pdf\">Mapeamento da ilegalidade na explora\u00e7\u00e3o madeireira em Mato Grosso entre 2018 e 2019<\/a>\u201c, estudo rec\u00e9m-publicado pelo Instituto Centro de Vida (ICV).<\/p>\n<p>A an\u00e1lise foi baseada no Sistema de Monitoramento da Explora\u00e7\u00e3o Madeireira (Simex), elaborado pelo Instituto do Homem e Meio Ambiente da Amaz\u00f4nia (Imazon), e com adapta\u00e7\u00f5es incorporadas pelo ICV e Sema\/MT.<\/p>\n<p>O trabalho foi realizado em parceria com a Sema e tamb\u00e9m resultou em um infogr\u00e1fico.<\/p>\n<p><strong>PROPOR\u00c7\u00c3O DA ILEGALIDADE MENOR; \u00c1REA MAIOR<\/strong><\/p>\n<p>A publica\u00e7\u00e3o mostra que a propor\u00e7\u00e3o de ilegalidade na atividade madeireira em Mato Grosso sofre uma redu\u00e7\u00e3o gradativa nos \u00faltimos anos.<\/p>\n<p>No bi\u00eanio de 2014 a 2015, o estado contabilizou uma m\u00e9dia de 41% de ilegalidade nas \u00e1reas de extra\u00e7\u00e3o madeireira, e de 2016 a 2017, 39%. No novo per\u00edodo monitorado, a m\u00e9dia baixou para 37%.<\/p>\n<p>Apesar de proporcionalmente menor, a atividade ilegal superou em tamanho de \u00e1rea o per\u00edodo anterior avaliado, quando foi contabilizado 112 mil hectares.<\/p>\n<p>\u201cEssa ilegalidade acaba prejudicando o setor florestal porque dificulta a valoriza\u00e7\u00e3o da produ\u00e7\u00e3o madeireira legal e cria uma concorr\u00eancia desleal para as empresas que trabalham na legalidade\u201d, comenta o engenheiro florestal Vin\u00edcius Silgueiro, um dos autores do estudo e coordenador do N\u00facleo de Intelig\u00eancia Territorial do ICV.<\/p>\n<p>Mato Grosso \u00e9 o principal fornecedor de madeira nativa brasileira e a atividade \u00e9 base econ\u00f4mica de 44 munic\u00edpios do estado. Tem 3,7 milh\u00f5es de hectares de \u00e1rea sob manejo florestal e gera cerca de 90 mil postos de trabalho diretos e indiretos.<\/p>\n<p>Apesar de sua relev\u00e2ncia, o setor florestal ainda \u00e9 marcado pela ilegalidade e frequentemente relacionado ao desmatamento ilegal na Amaz\u00f4nia.<\/p>\n<p>A publica\u00e7\u00e3o ainda indica que os \u00faltimos movimentos em pol\u00edticas p\u00fablicas e gest\u00e3o ambiental no pa\u00eds t\u00eam potencial de agravar o cen\u00e1rio de ilegalidade e dificultar a valoriza\u00e7\u00e3o da legalidade na atividade madeireira.<\/p>\n<p>\u201cO corte de recursos se soma a medidas como a flexibiliza\u00e7\u00e3o do controle de exporta\u00e7\u00e3o de madeira e a persegui\u00e7\u00e3o a servidores pela defesa de posicionamentos t\u00e9cnicos opostos \u00e0s investidas contra o meio ambiente\u201d, cita o estudo.<\/p>\n<p><strong>CATEGORIZA\u00c7\u00c3O DA EXPLORA\u00c7\u00c3O ILEGAL<\/strong><\/p>\n<p>Da \u00e1rea total explorada ilegalmente, 116,3 mil hectares (69%) incidiram em im\u00f3veis rurais cadastrados, seguido pelas \u00e1reas sem categoria fundi\u00e1ria definida com 25,8 mil hectares (15%), 16,6 mil hectares em terras ind\u00edgenas (10%), 5,6 mil hectares em unidades de conserva\u00e7\u00e3o (3%) e 3 mil hectares em assentamentos rurais (2%).<\/p>\n<p>\u201cA maior parte da explora\u00e7\u00e3o madeireira ilegal se d\u00e1 em im\u00f3veis rurais j\u00e1 cadastrados na Sema\/MT, ent\u00e3o \u00e9 poss\u00edvel realizar essa responsabiliza\u00e7\u00e3o de forma mais efetiva\u201d, comenta Vin\u00edcius.<\/p>\n<p>Dos 168 mil, mais de 22 mil hectares das \u00e1reas exploradas ilegalmente se deram em \u00e1reas protegidas. A \u00e1rea representa um aumento de 79% da explora\u00e7\u00e3o madeireira ilegal nas \u00e1reas protegidas do estado em rela\u00e7\u00e3o ao bi\u00eanio anterior, quando foram mapeados 12,4 mil hectares.<\/p>\n<p>Foram 20 Terras Ind\u00edgenas (TIs), o que simbolizou um aumento de 139% na \u00e1rea explorada nessa categoria em compara\u00e7\u00e3o ao per\u00edodo anterior, e sete Unidades de Conserva\u00e7\u00e3o (UCs) impactadas.<\/p>\n<p>Nos projetos de assentamentos federais (PAs), a explora\u00e7\u00e3o madeireira ilegal totalizou 3 mil hectares distribu\u00eddos em 15 assentamentos, o que indicou uma redu\u00e7\u00e3o de 16% na \u00e1rea total explorada ilegalmente da categoria em rela\u00e7\u00e3o ao bi\u00eanio anterior.<\/p>\n<p>Dos dez munic\u00edpios com maior registro de explora\u00e7\u00f5es ilegais, oito tamb\u00e9m figuram no ranking da explora\u00e7\u00e3o madeireira legal.<\/p>\n<p>\u201cIsso indica que essas pr\u00e1ticas caminham lado a lado e que a exist\u00eancia de brechas nos sistemas de controle florestal ainda permite que produtos madeireiros extra\u00eddos ilegalmente sejam encobertos por documentos oficiais\u201d, avalia Vin\u00edcius.<\/p>\n<p><strong>MAIOR N\u00daMERO DE AUTORIZA\u00c7\u00d5ES<\/strong><\/p>\n<p>O aumento no n\u00famero de autoriza\u00e7\u00f5es concedidas, que quase quadriplicou entre 2014 e 2019, pode ter sido o principal respons\u00e1vel pelo aumento na explora\u00e7\u00e3o madeireira no estado.<\/p>\n<p>O n\u00famero foi resultante de maior celeridade nos processos internos da Sema e da implementa\u00e7\u00e3o do Sistema Mato-grossense de Cadastro Ambiental Rural (SIMCAR), em 2017.<\/p>\n<p>\u201cEsse aumento nas autoriza\u00e7\u00f5es deve vir acompanhado da implementa\u00e7\u00e3o das atualiza\u00e7\u00f5es e corre\u00e7\u00f5es das fragilidades que ainda persistem nos sistemas de monitoramento e controle florestal\u201d, aponta o estudo.<\/p>\n<p>Para a an\u00e1lise da legalidade da atividade madeireira no estado foram verificadas 829 autoriza\u00e7\u00f5es de explora\u00e7\u00e3o florestal emitidas pela secretaria e v\u00e1lidas no per\u00edodo.<\/p>\n<p>No estudo, tamb\u00e9m foram identificadas inconsist\u00eancias em informa\u00e7\u00f5es de 22% das 686 autoriza\u00e7\u00f5es de explora\u00e7\u00e3o florestal de \u00e1reas com atividade madeireira regularizada, o que representa 149 autoriza\u00e7\u00f5es.<\/p>\n<p>As solu\u00e7\u00f5es para contornar esse cen\u00e1rio, afirmam os autores, perpassa por aprimoramentos nos sistemas de monitoramento e controle florestal e pela total integra\u00e7\u00e3o ao sistema federal, o Sinaflor.<\/p>\n<p>\u201cComo caminho para garantir a rastreabilidade da produ\u00e7\u00e3o madeireira em Mato Grosso\u201d, concluem.<\/p>\n<p>Na publica\u00e7\u00e3o, os especialistas realizam uma s\u00e9rie de recomenda\u00e7\u00f5es como a implementa\u00e7\u00e3o de uma rotina de monitoramento em tempo real contemplando tamb\u00e9m a verifica\u00e7\u00e3o da movimenta\u00e7\u00e3o dos cr\u00e9ditos florestais, a amplia\u00e7\u00e3o da fiscaliza\u00e7\u00e3o nas ind\u00fastrias em \u00e1reas cr\u00edticas de explora\u00e7\u00e3o ilegal e a autua\u00e7\u00e3o e responsabiliza\u00e7\u00e3o dos respons\u00e1veis pela explora\u00e7\u00e3o ilegal.<\/p>\n<\/div>\n<div class=\"noticia-share bottom\">\n<div class=\"tags\"><small>Tags:\u00a0<\/small><a href=\"https:\/\/www.icv.org.br\/tag\/amazonia\/\">Amaz\u00f4nia<\/a>\u00a0<a href=\"https:\/\/www.icv.org.br\/tag\/desmatamento\/\">desmatamento<\/a>\u00a0<a href=\"https:\/\/www.icv.org.br\/tag\/exploracao-madeireira\/\">explora\u00e7\u00e3o madeireira<\/a>\u00a0<a href=\"https:\/\/www.icv.org.br\/tag\/manejo-florestal\/\">manejo florestal<\/a>\u00a0<a href=\"https:\/\/www.icv.org.br\/tag\/mato-grosso\/\">Mato Grosso<\/a><\/div>\n<div class=\"linha-sociais\">\n<div class=\"ssba-classic-2 ssba ssbp-wrap left ssbp--theme-1\">\n<div><a class=\"ssba_facebook_share\" href=\"http:\/\/www.facebook.com\/sharer.php?u=https:\/\/www.icv.org.br\/2021\/03\/mato-grosso-registrou-60-de-aumento-na-exploracao-madeireira-em-2018-e-2019-e-ilegalidade-diminui\/\" target=\"_blank\" rel=\"noopener noreferrer\" data-site=\"\"><img decoding=\"async\" class=\"ssba ssba-img\" title=\"Facebook\" src=\"http:\/\/pcimt.org\/wp-content\/uploads\/2021\/03\/facebook-867.png\" alt=\"Share on Facebook\" \/><\/a><a class=\"ssba_pinterest_share\" data-site=\"pinterest\"><img decoding=\"async\" class=\"ssba ssba-img\" title=\"Pinterest\" src=\"http:\/\/pcimt.org\/wp-content\/uploads\/2021\/03\/pinterest-cab.png\" alt=\"Pin on Pinterest\" \/><\/a><a class=\"ssba_twitter_share\" href=\"http:\/\/twitter.com\/share?url=https:\/\/www.icv.org.br\/2021\/03\/mato-grosso-registrou-60-de-aumento-na-exploracao-madeireira-em-2018-e-2019-e-ilegalidade-diminui\/&amp;text=Mato%20Grosso%20registrou%2060%25%20de%20aumento%20na%20explora%C3%A7%C3%A3o%20madeireira%20em%202018%20e%202019%20e%20ilegalidade%20diminui%20\" target=\"&quot;_blank&quot;\" rel=\"noopener\" data-site=\"\"><img decoding=\"async\" class=\"ssba ssba-img\" title=\"Twitter\" src=\"http:\/\/pcimt.org\/wp-content\/uploads\/2021\/03\/twitter-041.png\" alt=\"Tweet about this on Twitter\" \/><\/a><a class=\"ssba_linkedin_share ssba_share_link\" href=\"http:\/\/www.linkedin.com\/shareArticle?mini=true&amp;url=https:\/\/www.icv.org.br\/2021\/03\/mato-grosso-registrou-60-de-aumento-na-exploracao-madeireira-em-2018-e-2019-e-ilegalidade-diminui\/\" target=\"&quot;_blank&quot;\" rel=\"noopener\" data-site=\"linkedin\"><img decoding=\"async\" class=\"ssba ssba-img\" title=\"LinkedIn\" src=\"http:\/\/pcimt.org\/wp-content\/uploads\/2021\/03\/linkedin-fdc.png\" alt=\"Share on LinkedIn\" \/><\/a><\/div>\n<\/div>\n<\/div>\n<\/div>\n<\/div>\n<div class=\"noticia-lateral\"><button class=\"search-submit\" type=\"submit\">BUSCAR<\/button><\/p>\n<div class=\"noticia-maisvistos\">\n<h3 class=\"titulo-sidebar\">Mais\u00a0lidos<\/h3>\n<ul class=\"lista-posts-sidebar\">\n<li class=\"item-post\">\n<div class=\"imagem\">\n<div class=\"data\">29<small>OUT<\/small><em>2019<\/em><\/div>\n<\/div>\n<div class=\"dados\">\n<h3><a href=\"https:\/\/www.icv.org.br\/2019\/10\/queimadasmt2019\/\">Queimadas em Mato Grosso em 2019 \u2013 situa\u00e7\u00e3o em outubro<\/a><\/h3>\n<p><small>NOT\u00cdCIAS<\/small><\/p>\n<\/div>\n<\/li>\n<li class=\"item-post\">\n<div class=\"imagem\">\n<div class=\"data\">03<small>MAIO<\/small><em>2019<\/em><\/div>\n<\/div>\n<div class=\"dados\">\n<h3><a href=\"https:\/\/www.icv.org.br\/2019\/05\/agricultores-transformam-em-adubo-organico-galhos-e-folhas-que-sobram-das-podas-de-arvores-nas-cidades\/\">Agricultores transformam em adubo org\u00e2nico galhos e folhas que sobram das podas de \u00e1rvores nas cidades<\/a><\/h3>\n<p><small>NOT\u00cdCIAS<\/small><\/p>\n<\/div>\n<\/li>\n<li class=\"item-post\">\n<div class=\"imagem\">\n<div class=\"data\">14<small>SET<\/small><em>2020<\/em><\/div>\n<\/div>\n<div class=\"dados\">\n<h3><a href=\"https:\/\/www.icv.org.br\/2020\/09\/avanco-do-fogo-no-pantanal-ameaca-indigenas-em-mato-grosso\/\">Avan\u00e7o do fogo no Pantanal amea\u00e7a ind\u00edgenas em Mato Grosso<\/a><\/h3>\n<p><small>NOT\u00cdCIAS<\/small><\/p>\n<\/div>\n<\/li>\n<li class=\"item-post\">\n<div class=\"imagem\">\n<div class=\"data\">22<small>DEZ<\/small><em>2020<\/em><\/div>\n<\/div>\n<div class=\"dados\">\n<h3><a href=\"https:\/\/www.icv.org.br\/2020\/12\/icv-lanca-edital-para-contratar-analista-em-gestao-ambiental-e-politicas-publicas\/\">ICV lan\u00e7a edital para contratar analista em gest\u00e3o ambiental e pol\u00edticas p\u00fablicas<\/a><\/h3>\n<\/div>\n<\/li>\n<\/ul>\n<\/div>\n<\/div>","protected":false},"excerpt":{"rendered":"<p>Entre 2018 e 2019, o estado de Mato Grosso contabilizou um aumento de 60% na \u00e1rea de explora\u00e7\u00e3o madeireira em rela\u00e7\u00e3o ao per\u00edodo avaliado anteriormente, entre 2016 e 2017. Foram 457 mil hectares de florestas nativas exploradas no estado no per\u00edodo, que vai de agosto de 2017 a julho de 2019. O mapeamento anterior, de [&hellip;]<\/p>\n","protected":false},"author":2,"featured_media":1768,"comment_status":"closed","ping_status":"closed","sticky":false,"template":"","format":"standard","meta":{"ocean_post_layout":"","ocean_both_sidebars_style":"","ocean_both_sidebars_content_width":0,"ocean_both_sidebars_sidebars_width":0,"ocean_sidebar":"","ocean_second_sidebar":"","ocean_disable_margins":"enable","ocean_add_body_class":"","ocean_shortcode_before_top_bar":"","ocean_shortcode_after_top_bar":"","ocean_shortcode_before_header":"","ocean_shortcode_after_header":"","ocean_has_shortcode":"","ocean_shortcode_after_title":"","ocean_shortcode_before_footer_widgets":"","ocean_shortcode_after_footer_widgets":"","ocean_shortcode_before_footer_bottom":"","ocean_shortcode_after_footer_bottom":"","ocean_display_top_bar":"default","ocean_display_header":"default","ocean_header_style":"","ocean_center_header_left_menu":"","ocean_custom_header_template":"","ocean_custom_logo":0,"ocean_custom_retina_logo":0,"ocean_custom_logo_max_width":0,"ocean_custom_logo_tablet_max_width":0,"ocean_custom_logo_mobile_max_width":0,"ocean_custom_logo_max_height":0,"ocean_custom_logo_tablet_max_height":0,"ocean_custom_logo_mobile_max_height":0,"ocean_header_custom_menu":"","ocean_menu_typo_font_family":"","ocean_menu_typo_font_subset":"","ocean_menu_typo_font_size":0,"ocean_menu_typo_font_size_tablet":0,"ocean_menu_typo_font_size_mobile":0,"ocean_menu_typo_font_size_unit":"px","ocean_menu_typo_font_weight":"","ocean_menu_typo_font_weight_tablet":"","ocean_menu_typo_font_weight_mobile":"","ocean_menu_typo_transform":"","ocean_menu_typo_transform_tablet":"","ocean_menu_typo_transform_mobile":"","ocean_menu_typo_line_height":0,"ocean_menu_typo_line_height_tablet":0,"ocean_menu_typo_line_height_mobile":0,"ocean_menu_typo_line_height_unit":"","ocean_menu_typo_spacing":0,"ocean_menu_typo_spacing_tablet":0,"ocean_menu_typo_spacing_mobile":0,"ocean_menu_typo_spacing_unit":"","ocean_menu_link_color":"","ocean_menu_link_color_hover":"","ocean_menu_link_color_active":"","ocean_menu_link_background":"","ocean_menu_link_hover_background":"","ocean_menu_link_active_background":"","ocean_menu_social_links_bg":"","ocean_menu_social_hover_links_bg":"","ocean_menu_social_links_color":"","ocean_menu_social_hover_links_color":"","ocean_disable_title":"default","ocean_disable_heading":"default","ocean_post_title":"","ocean_post_subheading":"","ocean_post_title_style":"","ocean_post_title_background_color":"","ocean_post_title_background":0,"ocean_post_title_bg_image_position":"","ocean_post_title_bg_image_attachment":"","ocean_post_title_bg_image_repeat":"","ocean_post_title_bg_image_size":"","ocean_post_title_height":0,"ocean_post_title_bg_overlay":0.5,"ocean_post_title_bg_overlay_color":"","ocean_disable_breadcrumbs":"default","ocean_breadcrumbs_color":"","ocean_breadcrumbs_separator_color":"","ocean_breadcrumbs_links_color":"","ocean_breadcrumbs_links_hover_color":"","ocean_display_footer_widgets":"default","ocean_display_footer_bottom":"default","ocean_custom_footer_template":"","ocean_post_oembed":"","ocean_post_self_hosted_media":"","ocean_post_video_embed":"","ocean_link_format":"","ocean_link_format_target":"self","ocean_quote_format":"","ocean_quote_format_link":"post","ocean_gallery_link_images":"on","ocean_gallery_id":[],"footnotes":""},"categories":[26],"tags":[],"class_list":["post-1770","post","type-post","status-publish","format-standard","has-post-thumbnail","hentry","category-noticias-pci","entry","has-media"],"yoast_head":"<!-- This site is optimized with the Yoast SEO plugin v27.1.1 - https:\/\/yoast.com\/product\/yoast-seo-wordpress\/ -->\n<title>Aumento da Explora\u00e7\u00e3o Madeireira em MT: Mais de 60%<\/title>\n<meta name=\"description\" content=\"Houve um aumento significativo da explora\u00e7\u00e3o madeireira no Mato Grosso, chegando at\u00e9 60%. Entenda mais sobre o assunto a seguir!\" \/>\n<meta name=\"robots\" content=\"index, follow, max-snippet:-1, max-image-preview:large, max-video-preview:-1\" \/>\n<link rel=\"canonical\" href=\"https:\/\/pcimt.org\/en\/mato-grosso-registrou-60-de-aumento-na-exploracao-madeireira-em-2018-e-2019-e-ilegalidade-diminui\/\" \/>\n<meta property=\"og:locale\" content=\"en_US\" \/>\n<meta property=\"og:type\" content=\"article\" \/>\n<meta property=\"og:title\" content=\"Aumento da Explora\u00e7\u00e3o Madeireira em MT: Mais de 60%\" \/>\n<meta property=\"og:description\" content=\"Houve um aumento significativo da explora\u00e7\u00e3o madeireira no Mato Grosso, chegando at\u00e9 60%. Entenda mais sobre o assunto a seguir!\" \/>\n<meta property=\"og:url\" content=\"https:\/\/pcimt.org\/en\/mato-grosso-registrou-60-de-aumento-na-exploracao-madeireira-em-2018-e-2019-e-ilegalidade-diminui\/\" \/>\n<meta property=\"og:site_name\" content=\"PCI\" \/>\n<meta property=\"article:published_time\" content=\"2020-06-24T22:21:25+00:00\" \/>\n<meta property=\"article:modified_time\" content=\"2025-03-14T15:44:27+00:00\" \/>\n<meta property=\"og:image\" content=\"https:\/\/pcimt.org\/wp-content\/uploads\/2021\/03\/whatsapp-image-2021-03-16-at-123155-40b.jpeg\" \/>\n\t<meta property=\"og:image:width\" content=\"1600\" \/>\n\t<meta property=\"og:image:height\" content=\"1059\" \/>\n\t<meta property=\"og:image:type\" content=\"image\/jpeg\" \/>\n<meta name=\"author\" content=\"Nvlo\" \/>\n<meta name=\"twitter:card\" content=\"summary_large_image\" \/>\n<meta name=\"twitter:label1\" content=\"Written by\" \/>\n\t<meta name=\"twitter:data1\" content=\"Nvlo\" \/>\n\t<meta name=\"twitter:label2\" content=\"Est. reading time\" \/>\n\t<meta name=\"twitter:data2\" content=\"7 minutes\" \/>\n<script type=\"application\/ld+json\" class=\"yoast-schema-graph\">{\"@context\":\"https:\/\/schema.org\",\"@graph\":[{\"@type\":\"Article\",\"@id\":\"https:\/\/pcimt.org\/en\/mato-grosso-registrou-60-de-aumento-na-exploracao-madeireira-em-2018-e-2019-e-ilegalidade-diminui\/#article\",\"isPartOf\":{\"@id\":\"https:\/\/pcimt.org\/en\/mato-grosso-registrou-60-de-aumento-na-exploracao-madeireira-em-2018-e-2019-e-ilegalidade-diminui\/\"},\"author\":{\"name\":\"Nvlo\",\"@id\":\"https:\/\/pcimt.org\/#\/schema\/person\/0157b9ecd4b40c936045ea21257e1ba2\"},\"headline\":\"Mato Grosso registrou 60% de aumento na explora\u00e7\u00e3o madeireira em 2018 e 2019 e ilegalidade diminui\",\"datePublished\":\"2020-06-24T22:21:25+00:00\",\"dateModified\":\"2025-03-14T15:44:27+00:00\",\"mainEntityOfPage\":{\"@id\":\"https:\/\/pcimt.org\/en\/mato-grosso-registrou-60-de-aumento-na-exploracao-madeireira-em-2018-e-2019-e-ilegalidade-diminui\/\"},\"wordCount\":1100,\"image\":{\"@id\":\"https:\/\/pcimt.org\/en\/mato-grosso-registrou-60-de-aumento-na-exploracao-madeireira-em-2018-e-2019-e-ilegalidade-diminui\/#primaryimage\"},\"thumbnailUrl\":\"https:\/\/pcimt.org\/wp-content\/uploads\/2021\/03\/whatsapp-image-2021-03-16-at-123155-40b.jpeg\",\"articleSection\":[\"Noticias-PCI\"],\"inLanguage\":\"en-US\"},{\"@type\":\"WebPage\",\"@id\":\"https:\/\/pcimt.org\/en\/mato-grosso-registrou-60-de-aumento-na-exploracao-madeireira-em-2018-e-2019-e-ilegalidade-diminui\/\",\"url\":\"https:\/\/pcimt.org\/en\/mato-grosso-registrou-60-de-aumento-na-exploracao-madeireira-em-2018-e-2019-e-ilegalidade-diminui\/\",\"name\":\"Aumento da Explora\u00e7\u00e3o Madeireira em MT: Mais de 60%\",\"isPartOf\":{\"@id\":\"https:\/\/pcimt.org\/#website\"},\"primaryImageOfPage\":{\"@id\":\"https:\/\/pcimt.org\/en\/mato-grosso-registrou-60-de-aumento-na-exploracao-madeireira-em-2018-e-2019-e-ilegalidade-diminui\/#primaryimage\"},\"image\":{\"@id\":\"https:\/\/pcimt.org\/en\/mato-grosso-registrou-60-de-aumento-na-exploracao-madeireira-em-2018-e-2019-e-ilegalidade-diminui\/#primaryimage\"},\"thumbnailUrl\":\"https:\/\/pcimt.org\/wp-content\/uploads\/2021\/03\/whatsapp-image-2021-03-16-at-123155-40b.jpeg\",\"datePublished\":\"2020-06-24T22:21:25+00:00\",\"dateModified\":\"2025-03-14T15:44:27+00:00\",\"author\":{\"@id\":\"https:\/\/pcimt.org\/#\/schema\/person\/0157b9ecd4b40c936045ea21257e1ba2\"},\"description\":\"Houve um aumento significativo da explora\u00e7\u00e3o madeireira no Mato Grosso, chegando at\u00e9 60%. Entenda mais sobre o assunto a seguir!\",\"breadcrumb\":{\"@id\":\"https:\/\/pcimt.org\/en\/mato-grosso-registrou-60-de-aumento-na-exploracao-madeireira-em-2018-e-2019-e-ilegalidade-diminui\/#breadcrumb\"},\"inLanguage\":\"en-US\",\"potentialAction\":[{\"@type\":\"ReadAction\",\"target\":[\"https:\/\/pcimt.org\/en\/mato-grosso-registrou-60-de-aumento-na-exploracao-madeireira-em-2018-e-2019-e-ilegalidade-diminui\/\"]}]},{\"@type\":\"ImageObject\",\"inLanguage\":\"en-US\",\"@id\":\"https:\/\/pcimt.org\/en\/mato-grosso-registrou-60-de-aumento-na-exploracao-madeireira-em-2018-e-2019-e-ilegalidade-diminui\/#primaryimage\",\"url\":\"https:\/\/pcimt.org\/wp-content\/uploads\/2021\/03\/whatsapp-image-2021-03-16-at-123155-40b.jpeg\",\"contentUrl\":\"https:\/\/pcimt.org\/wp-content\/uploads\/2021\/03\/whatsapp-image-2021-03-16-at-123155-40b.jpeg\",\"width\":1600,\"height\":1059},{\"@type\":\"BreadcrumbList\",\"@id\":\"https:\/\/pcimt.org\/en\/mato-grosso-registrou-60-de-aumento-na-exploracao-madeireira-em-2018-e-2019-e-ilegalidade-diminui\/#breadcrumb\",\"itemListElement\":[{\"@type\":\"ListItem\",\"position\":1,\"name\":\"In\u00edcio\",\"item\":\"https:\/\/pcimt.org\/\"},{\"@type\":\"ListItem\",\"position\":2,\"name\":\"Mato Grosso registrou 60% de aumento na explora\u00e7\u00e3o madeireira em 2018 e 2019 e ilegalidade diminui\"}]},{\"@type\":\"WebSite\",\"@id\":\"https:\/\/pcimt.org\/#website\",\"url\":\"https:\/\/pcimt.org\/\",\"name\":\"PCI\",\"description\":\"Produzir, Conservar e Incluir\",\"potentialAction\":[{\"@type\":\"SearchAction\",\"target\":{\"@type\":\"EntryPoint\",\"urlTemplate\":\"https:\/\/pcimt.org\/?s={search_term_string}\"},\"query-input\":{\"@type\":\"PropertyValueSpecification\",\"valueRequired\":true,\"valueName\":\"search_term_string\"}}],\"inLanguage\":\"en-US\"},{\"@type\":\"Person\",\"@id\":\"https:\/\/pcimt.org\/#\/schema\/person\/0157b9ecd4b40c936045ea21257e1ba2\",\"name\":\"Nvlo\",\"url\":\"https:\/\/pcimt.org\/en\/author\/nvlo\/\"}]}<\/script>\n<!-- \/ Yoast SEO plugin. -->","yoast_head_json":{"title":"Aumento da Explora\u00e7\u00e3o Madeireira em MT: Mais de 60%","description":"Houve um aumento significativo da explora\u00e7\u00e3o madeireira no Mato Grosso, chegando at\u00e9 60%. Entenda mais sobre o assunto a seguir!","robots":{"index":"index","follow":"follow","max-snippet":"max-snippet:-1","max-image-preview":"max-image-preview:large","max-video-preview":"max-video-preview:-1"},"canonical":"https:\/\/pcimt.org\/en\/mato-grosso-registrou-60-de-aumento-na-exploracao-madeireira-em-2018-e-2019-e-ilegalidade-diminui\/","og_locale":"en_US","og_type":"article","og_title":"Aumento da Explora\u00e7\u00e3o Madeireira em MT: Mais de 60%","og_description":"Houve um aumento significativo da explora\u00e7\u00e3o madeireira no Mato Grosso, chegando at\u00e9 60%. Entenda mais sobre o assunto a seguir!","og_url":"https:\/\/pcimt.org\/en\/mato-grosso-registrou-60-de-aumento-na-exploracao-madeireira-em-2018-e-2019-e-ilegalidade-diminui\/","og_site_name":"PCI","article_published_time":"2020-06-24T22:21:25+00:00","article_modified_time":"2025-03-14T15:44:27+00:00","og_image":[{"width":1600,"height":1059,"url":"https:\/\/pcimt.org\/wp-content\/uploads\/2021\/03\/whatsapp-image-2021-03-16-at-123155-40b.jpeg","type":"image\/jpeg"}],"author":"Nvlo","twitter_card":"summary_large_image","twitter_misc":{"Written by":"Nvlo","Est. reading time":"7 minutes"},"schema":{"@context":"https:\/\/schema.org","@graph":[{"@type":"Article","@id":"https:\/\/pcimt.org\/en\/mato-grosso-registrou-60-de-aumento-na-exploracao-madeireira-em-2018-e-2019-e-ilegalidade-diminui\/#article","isPartOf":{"@id":"https:\/\/pcimt.org\/en\/mato-grosso-registrou-60-de-aumento-na-exploracao-madeireira-em-2018-e-2019-e-ilegalidade-diminui\/"},"author":{"name":"Nvlo","@id":"https:\/\/pcimt.org\/#\/schema\/person\/0157b9ecd4b40c936045ea21257e1ba2"},"headline":"Mato Grosso registrou 60% de aumento na explora\u00e7\u00e3o madeireira em 2018 e 2019 e ilegalidade diminui","datePublished":"2020-06-24T22:21:25+00:00","dateModified":"2025-03-14T15:44:27+00:00","mainEntityOfPage":{"@id":"https:\/\/pcimt.org\/en\/mato-grosso-registrou-60-de-aumento-na-exploracao-madeireira-em-2018-e-2019-e-ilegalidade-diminui\/"},"wordCount":1100,"image":{"@id":"https:\/\/pcimt.org\/en\/mato-grosso-registrou-60-de-aumento-na-exploracao-madeireira-em-2018-e-2019-e-ilegalidade-diminui\/#primaryimage"},"thumbnailUrl":"https:\/\/pcimt.org\/wp-content\/uploads\/2021\/03\/whatsapp-image-2021-03-16-at-123155-40b.jpeg","articleSection":["Noticias-PCI"],"inLanguage":"en-US"},{"@type":"WebPage","@id":"https:\/\/pcimt.org\/en\/mato-grosso-registrou-60-de-aumento-na-exploracao-madeireira-em-2018-e-2019-e-ilegalidade-diminui\/","url":"https:\/\/pcimt.org\/en\/mato-grosso-registrou-60-de-aumento-na-exploracao-madeireira-em-2018-e-2019-e-ilegalidade-diminui\/","name":"Aumento da Explora\u00e7\u00e3o Madeireira em MT: Mais de 60%","isPartOf":{"@id":"https:\/\/pcimt.org\/#website"},"primaryImageOfPage":{"@id":"https:\/\/pcimt.org\/en\/mato-grosso-registrou-60-de-aumento-na-exploracao-madeireira-em-2018-e-2019-e-ilegalidade-diminui\/#primaryimage"},"image":{"@id":"https:\/\/pcimt.org\/en\/mato-grosso-registrou-60-de-aumento-na-exploracao-madeireira-em-2018-e-2019-e-ilegalidade-diminui\/#primaryimage"},"thumbnailUrl":"https:\/\/pcimt.org\/wp-content\/uploads\/2021\/03\/whatsapp-image-2021-03-16-at-123155-40b.jpeg","datePublished":"2020-06-24T22:21:25+00:00","dateModified":"2025-03-14T15:44:27+00:00","author":{"@id":"https:\/\/pcimt.org\/#\/schema\/person\/0157b9ecd4b40c936045ea21257e1ba2"},"description":"Houve um aumento significativo da explora\u00e7\u00e3o madeireira no Mato Grosso, chegando at\u00e9 60%. Entenda mais sobre o assunto a seguir!","breadcrumb":{"@id":"https:\/\/pcimt.org\/en\/mato-grosso-registrou-60-de-aumento-na-exploracao-madeireira-em-2018-e-2019-e-ilegalidade-diminui\/#breadcrumb"},"inLanguage":"en-US","potentialAction":[{"@type":"ReadAction","target":["https:\/\/pcimt.org\/en\/mato-grosso-registrou-60-de-aumento-na-exploracao-madeireira-em-2018-e-2019-e-ilegalidade-diminui\/"]}]},{"@type":"ImageObject","inLanguage":"en-US","@id":"https:\/\/pcimt.org\/en\/mato-grosso-registrou-60-de-aumento-na-exploracao-madeireira-em-2018-e-2019-e-ilegalidade-diminui\/#primaryimage","url":"https:\/\/pcimt.org\/wp-content\/uploads\/2021\/03\/whatsapp-image-2021-03-16-at-123155-40b.jpeg","contentUrl":"https:\/\/pcimt.org\/wp-content\/uploads\/2021\/03\/whatsapp-image-2021-03-16-at-123155-40b.jpeg","width":1600,"height":1059},{"@type":"BreadcrumbList","@id":"https:\/\/pcimt.org\/en\/mato-grosso-registrou-60-de-aumento-na-exploracao-madeireira-em-2018-e-2019-e-ilegalidade-diminui\/#breadcrumb","itemListElement":[{"@type":"ListItem","position":1,"name":"In\u00edcio","item":"https:\/\/pcimt.org\/"},{"@type":"ListItem","position":2,"name":"Mato Grosso registrou 60% de aumento na explora\u00e7\u00e3o madeireira em 2018 e 2019 e ilegalidade diminui"}]},{"@type":"WebSite","@id":"https:\/\/pcimt.org\/#website","url":"https:\/\/pcimt.org\/","name":"The PCI","description":"Produce, Conserve and Include","potentialAction":[{"@type":"SearchAction","target":{"@type":"EntryPoint","urlTemplate":"https:\/\/pcimt.org\/?s={search_term_string}"},"query-input":{"@type":"PropertyValueSpecification","valueRequired":true,"valueName":"search_term_string"}}],"inLanguage":"en-US"},{"@type":"Person","@id":"https:\/\/pcimt.org\/#\/schema\/person\/0157b9ecd4b40c936045ea21257e1ba2","name":"Nvlo","url":"https:\/\/pcimt.org\/en\/author\/nvlo\/"}]}},"_links":{"self":[{"href":"https:\/\/pcimt.org\/en\/wp-json\/wp\/v2\/posts\/1770","targetHints":{"allow":["GET"]}}],"collection":[{"href":"https:\/\/pcimt.org\/en\/wp-json\/wp\/v2\/posts"}],"about":[{"href":"https:\/\/pcimt.org\/en\/wp-json\/wp\/v2\/types\/post"}],"author":[{"embeddable":true,"href":"https:\/\/pcimt.org\/en\/wp-json\/wp\/v2\/users\/2"}],"replies":[{"embeddable":true,"href":"https:\/\/pcimt.org\/en\/wp-json\/wp\/v2\/comments?post=1770"}],"version-history":[{"count":3,"href":"https:\/\/pcimt.org\/en\/wp-json\/wp\/v2\/posts\/1770\/revisions"}],"predecessor-version":[{"id":3602,"href":"https:\/\/pcimt.org\/en\/wp-json\/wp\/v2\/posts\/1770\/revisions\/3602"}],"wp:featuredmedia":[{"embeddable":true,"href":"https:\/\/pcimt.org\/en\/wp-json\/wp\/v2\/media\/1768"}],"wp:attachment":[{"href":"https:\/\/pcimt.org\/en\/wp-json\/wp\/v2\/media?parent=1770"}],"wp:term":[{"taxonomy":"category","embeddable":true,"href":"https:\/\/pcimt.org\/en\/wp-json\/wp\/v2\/categories?post=1770"},{"taxonomy":"post_tag","embeddable":true,"href":"https:\/\/pcimt.org\/en\/wp-json\/wp\/v2\/tags?post=1770"}],"curies":[{"name":"wp","href":"https:\/\/api.w.org\/{rel}","templated":true}]}}