{"id":1710,"date":"2020-06-24T19:21:24","date_gmt":"2020-06-24T22:21:24","guid":{"rendered":"https:\/\/pcimt.org\/noroeste-de-mato-grosso-tem-parecer-favoravel-para-zona-livre-de-febre-aftosa-sem-vacinacao\/"},"modified":"2024-07-02T15:30:47","modified_gmt":"2024-07-02T18:30:47","slug":"noroeste-de-mato-grosso-tem-parecer-favoravel-para-zona-livre-de-febre-aftosa-sem-vacinacao","status":"publish","type":"post","link":"https:\/\/pcimt.org\/en\/noroeste-de-mato-grosso-tem-parecer-favoravel-para-zona-livre-de-febre-aftosa-sem-vacinacao\/","title":{"rendered":"Noroeste de Mato Grosso tem parecer favor\u00e1vel para zona livre de febre aftosa sem vacina\u00e7\u00e3o"},"content":{"rendered":"<h5><span style=\"font-size: 12pt;\">A aprova\u00e7\u00e3o do parecer abre ao Estado novos mercados consumidores para a carne mato-grossense<\/span><\/h5>\n<p><span style=\"font-size: 12pt;\"><img decoding=\"async\" src=\"http:\/\/www.sedec.mt.gov.br\/documents\/195466\/15041508\/MT+come%C3%A7a+a+ser+reconhecido+pelo+MAPA+como+%C3%A1rea+livre+da+aftosa+sem+vacina%C3%A7%C3%A3o\/53686609-61af-a36c-b754-d86925163b86?t=1598298822866+&amp;imageThumbnail=3\" \/><\/span><\/p>\n<p>O munic\u00edpio de Rondol\u00e2ndia e partes de Aripuan\u00e3, Colniza, Comodoro e Ju\u00edna integram o Bloco I que recebeu, junto com outros estados brasileiros, parecer favor\u00e1vel da Organiza\u00e7\u00e3o Mundial de Sa\u00fade Animal (OIE) como zona livre de febre aftosa sem vacina\u00e7\u00e3o. Em maio,\u00a0o parecer ser\u00e1 avaliado\u00a0durante a 88\u00aa Sess\u00e3o Geral da Assembleia Mundial dos Delegados da OIE.<\/p>\n<p>A not\u00edcia foi dada pela ministra Tereza Cristina, do Minist\u00e9rio da Agricultura, Pecu\u00e1ria e Abastecimento (Mapa), em reuni\u00e3o com o Governador Mauro Mendes e governadores dos Estados do Paran\u00e1, Rio Grande do Sul, Acre, Rond\u00f4nia e Amazonas. \u201cA fase mais dif\u00edcil n\u00f3s vencemos. Estamos praticamente aprovados. Quero cumprimentar todos voc\u00eas pelo esfor\u00e7o&#8221;, disse a ministra.<\/p>\n<p>Para o secret\u00e1rio de Estado de Desenvolvimento Econ\u00f4mico, C\u00e9sar Miranda, \u201ca mudan\u00e7a de status sanit\u00e1rio para livre de febre aftosa sem vacina\u00e7\u00e3o \u00e9 um grande impulsionador econ\u00f4mico para o Estado, pois a carne mato-grossense alcan\u00e7ar\u00e1 mercados internacionais com melhores remunera\u00e7\u00f5es, que priorizam o com\u00e9rcio com \u00e1reas onde a vacina\u00e7\u00e3o contra a febre aftosa n\u00e3o \u00e9 praticada\u201d.<\/p>\n<p>O diretor t\u00e9cnico do Indea MT, Renan Tomazele, lembrou que Mato Grosso n\u00e3o tem registros da doen\u00e7a desde 1996. \u201cEsta regi\u00e3o alcan\u00e7ou o principal status que \u00e9 o de livre de febre aftosa sem vacina\u00e7\u00e3o e isto \u00e9 resultado de muitos anos de trabalho dos servidores do Indea, da iniciativa privada, do Minist\u00e9rio. \u00c9 um grande passo para Mato Grosso, que est\u00e1 avan\u00e7ando com a uni\u00e3o do Estado e dos pecuaristas\u201d, afirmou.<\/p>\n<p>Esta regi\u00e3o de Mato Grosso j\u00e1 est\u00e1 h\u00e1 quase um ano sem vacina\u00e7\u00e3o contra a febre aftosa, conforme cronograma do Plano de Erradica\u00e7\u00e3o da Febre Aftosa, do Minist\u00e9rio da Agricultura, Pecu\u00e1ria e Abastecimento. O presidente do Fundo Estadual de Sanidade Animal (Fesa), pecuarista Ant\u00f4nio Carlos Carvalho de Souza, ressaltou que o reconhecimento da OIE \u00e9 um marco hist\u00f3rico.<\/p>\n<p>\u201cAl\u00e9m da economia para os pecuaristas por n\u00e3o utilizarem mais as vacinas, temos outro ganho que \u00e9 a abertura de novos mercados consumidores da nossa carne. A meta, segundo o plano nacional, \u00e9 retirar toda a vacina\u00e7\u00e3o no Pa\u00eds em 2022\u201d, explicou.<\/p>\n<p>Segundo o coordenador de Defesa Sanit\u00e1ria Animal do Indea MT, Heitor David Medeiros, a febre aftosa \u00e9 a doen\u00e7a refer\u00eancia em termos de qualidade dos servi\u00e7os veterin\u00e1rios e, por isso, este reconhecimento \u00e9 importante.<\/p>\n<p>\u201c\u00c9 um an\u00fancio para o mundo de que o Estado est\u00e1 dentro das condi\u00e7\u00f5es sanit\u00e1rias com seu rebanho e com a qualidade que o mercado existe. H\u00e1 anos faz-se sorologia e se comprova que n\u00e3o h\u00e1 transmiss\u00e3o viral, ent\u00e3o \u00e9 resultado de uma luta de d\u00e9cadas\u201d, finalizou.<\/p>\n<p>Atualmente, no Brasil, apenas Santa Catarina possui a certifica\u00e7\u00e3o internacional como zona livre de febre aftosa sem vacina\u00e7\u00e3o.<\/p>","protected":false},"excerpt":{"rendered":"<p>A aprova\u00e7\u00e3o do parecer abre ao Estado novos mercados consumidores para a carne mato-grossense O munic\u00edpio de Rondol\u00e2ndia e partes de Aripuan\u00e3, Colniza, Comodoro e Ju\u00edna integram o Bloco I que recebeu, junto com outros estados brasileiros, parecer favor\u00e1vel da Organiza\u00e7\u00e3o Mundial de Sa\u00fade Animal (OIE) como zona livre de febre aftosa sem vacina\u00e7\u00e3o. Em [&hellip;]<\/p>\n","protected":false},"author":2,"featured_media":0,"comment_status":"open","ping_status":"open","sticky":false,"template":"","format":"standard","meta":{"ocean_post_layout":"","ocean_both_sidebars_style":"","ocean_both_sidebars_content_width":0,"ocean_both_sidebars_sidebars_width":0,"ocean_sidebar":"","ocean_second_sidebar":"","ocean_disable_margins":"enable","ocean_add_body_class":"","ocean_shortcode_before_top_bar":"","ocean_shortcode_after_top_bar":"","ocean_shortcode_before_header":"","ocean_shortcode_after_header":"","ocean_has_shortcode":"","ocean_shortcode_after_title":"","ocean_shortcode_before_footer_widgets":"","ocean_shortcode_after_footer_widgets":"","ocean_shortcode_before_footer_bottom":"","ocean_shortcode_after_footer_bottom":"","ocean_display_top_bar":"default","ocean_display_header":"default","ocean_header_style":"","ocean_center_header_left_menu":"","ocean_custom_header_template":"","ocean_custom_logo":0,"ocean_custom_retina_logo":0,"ocean_custom_logo_max_width":0,"ocean_custom_logo_tablet_max_width":0,"ocean_custom_logo_mobile_max_width":0,"ocean_custom_logo_max_height":0,"ocean_custom_logo_tablet_max_height":0,"ocean_custom_logo_mobile_max_height":0,"ocean_header_custom_menu":"","ocean_menu_typo_font_family":"","ocean_menu_typo_font_subset":"","ocean_menu_typo_font_size":0,"ocean_menu_typo_font_size_tablet":0,"ocean_menu_typo_font_size_mobile":0,"ocean_menu_typo_font_size_unit":"px","ocean_menu_typo_font_weight":"","ocean_menu_typo_font_weight_tablet":"","ocean_menu_typo_font_weight_mobile":"","ocean_menu_typo_transform":"","ocean_menu_typo_transform_tablet":"","ocean_menu_typo_transform_mobile":"","ocean_menu_typo_line_height":0,"ocean_menu_typo_line_height_tablet":0,"ocean_menu_typo_line_height_mobile":0,"ocean_menu_typo_line_height_unit":"","ocean_menu_typo_spacing":0,"ocean_menu_typo_spacing_tablet":0,"ocean_menu_typo_spacing_mobile":0,"ocean_menu_typo_spacing_unit":"","ocean_menu_link_color":"","ocean_menu_link_color_hover":"","ocean_menu_link_color_active":"","ocean_menu_link_background":"","ocean_menu_link_hover_background":"","ocean_menu_link_active_background":"","ocean_menu_social_links_bg":"","ocean_menu_social_hover_links_bg":"","ocean_menu_social_links_color":"","ocean_menu_social_hover_links_color":"","ocean_disable_title":"default","ocean_disable_heading":"default","ocean_post_title":"","ocean_post_subheading":"","ocean_post_title_style":"","ocean_post_title_background_color":"","ocean_post_title_background":0,"ocean_post_title_bg_image_position":"","ocean_post_title_bg_image_attachment":"","ocean_post_title_bg_image_repeat":"","ocean_post_title_bg_image_size":"","ocean_post_title_height":0,"ocean_post_title_bg_overlay":0.5,"ocean_post_title_bg_overlay_color":"","ocean_disable_breadcrumbs":"default","ocean_breadcrumbs_color":"","ocean_breadcrumbs_separator_color":"","ocean_breadcrumbs_links_color":"","ocean_breadcrumbs_links_hover_color":"","ocean_display_footer_widgets":"default","ocean_display_footer_bottom":"default","ocean_custom_footer_template":"","ocean_post_oembed":"","ocean_post_self_hosted_media":"","ocean_post_video_embed":"","ocean_link_format":"","ocean_link_format_target":"self","ocean_quote_format":"","ocean_quote_format_link":"post","ocean_gallery_link_images":"on","ocean_gallery_id":[],"footnotes":""},"categories":[26],"tags":[],"class_list":["post-1710","post","type-post","status-publish","format-standard","hentry","category-noticias-pci","entry"],"yoast_head":"<!-- This site is optimized with the Yoast SEO plugin v27.1.1 - https:\/\/yoast.com\/product\/yoast-seo-wordpress\/ -->\n<title>Zona livre de febre aftosa: Importante conquista para Mato Grosso<\/title>\n<meta name=\"description\" content=\"Zona livre de febre aftosa sem vacina\u00e7\u00e3o: conquista de Mato Grosso recebe parecer favor\u00e1vel da OIE, impulsionando a economia local.\" \/>\n<meta name=\"robots\" content=\"index, follow, max-snippet:-1, max-image-preview:large, max-video-preview:-1\" \/>\n<link rel=\"canonical\" href=\"https:\/\/pcimt.org\/en\/noroeste-de-mato-grosso-tem-parecer-favoravel-para-zona-livre-de-febre-aftosa-sem-vacinacao\/\" \/>\n<meta property=\"og:locale\" content=\"en_US\" \/>\n<meta property=\"og:type\" content=\"article\" \/>\n<meta property=\"og:title\" content=\"Zona livre de febre aftosa: Importante conquista para Mato Grosso\" \/>\n<meta property=\"og:description\" content=\"Zona livre de febre aftosa sem vacina\u00e7\u00e3o: conquista de Mato Grosso recebe parecer favor\u00e1vel da OIE, impulsionando a economia local.\" \/>\n<meta property=\"og:url\" content=\"https:\/\/pcimt.org\/en\/noroeste-de-mato-grosso-tem-parecer-favoravel-para-zona-livre-de-febre-aftosa-sem-vacinacao\/\" \/>\n<meta property=\"og:site_name\" content=\"PCI\" \/>\n<meta property=\"article:published_time\" content=\"2020-06-24T22:21:24+00:00\" \/>\n<meta property=\"article:modified_time\" content=\"2024-07-02T18:30:47+00:00\" \/>\n<meta property=\"og:image\" content=\"http:\/\/www.sedec.mt.gov.br\/documents\/195466\/15041508\/MT+come%C3%A7a+a+ser+reconhecido+pelo+MAPA+como+%C3%A1rea+livre+da+aftosa+sem+vacina%C3%A7%C3%A3o\/53686609-61af-a36c-b754-d86925163b86?t=1598298822866+&amp;imageThumbnail=3\" \/>\n<meta name=\"author\" content=\"Nvlo\" \/>\n<meta name=\"twitter:card\" content=\"summary_large_image\" \/>\n<meta name=\"twitter:label1\" content=\"Written by\" \/>\n\t<meta name=\"twitter:data1\" content=\"Nvlo\" \/>\n\t<meta name=\"twitter:label2\" content=\"Est. reading time\" \/>\n\t<meta name=\"twitter:data2\" content=\"3 minutes\" \/>\n<script type=\"application\/ld+json\" class=\"yoast-schema-graph\">{\"@context\":\"https:\/\/schema.org\",\"@graph\":[{\"@type\":\"Article\",\"@id\":\"https:\/\/pcimt.org\/en\/noroeste-de-mato-grosso-tem-parecer-favoravel-para-zona-livre-de-febre-aftosa-sem-vacinacao\/#article\",\"isPartOf\":{\"@id\":\"https:\/\/pcimt.org\/en\/noroeste-de-mato-grosso-tem-parecer-favoravel-para-zona-livre-de-febre-aftosa-sem-vacinacao\/\"},\"author\":{\"name\":\"Nvlo\",\"@id\":\"https:\/\/pcimt.org\/#\/schema\/person\/0157b9ecd4b40c936045ea21257e1ba2\"},\"headline\":\"Noroeste de Mato Grosso tem parecer favor\u00e1vel para zona livre de febre aftosa sem vacina\u00e7\u00e3o\",\"datePublished\":\"2020-06-24T22:21:24+00:00\",\"dateModified\":\"2024-07-02T18:30:47+00:00\",\"mainEntityOfPage\":{\"@id\":\"https:\/\/pcimt.org\/en\/noroeste-de-mato-grosso-tem-parecer-favoravel-para-zona-livre-de-febre-aftosa-sem-vacinacao\/\"},\"wordCount\":520,\"commentCount\":0,\"image\":{\"@id\":\"https:\/\/pcimt.org\/en\/noroeste-de-mato-grosso-tem-parecer-favoravel-para-zona-livre-de-febre-aftosa-sem-vacinacao\/#primaryimage\"},\"thumbnailUrl\":\"http:\/\/www.sedec.mt.gov.br\/documents\/195466\/15041508\/MT+come%C3%A7a+a+ser+reconhecido+pelo+MAPA+como+%C3%A1rea+livre+da+aftosa+sem+vacina%C3%A7%C3%A3o\/53686609-61af-a36c-b754-d86925163b86?t=1598298822866+&amp;imageThumbnail=3\",\"articleSection\":[\"Noticias-PCI\"],\"inLanguage\":\"en-US\"},{\"@type\":\"WebPage\",\"@id\":\"https:\/\/pcimt.org\/en\/noroeste-de-mato-grosso-tem-parecer-favoravel-para-zona-livre-de-febre-aftosa-sem-vacinacao\/\",\"url\":\"https:\/\/pcimt.org\/en\/noroeste-de-mato-grosso-tem-parecer-favoravel-para-zona-livre-de-febre-aftosa-sem-vacinacao\/\",\"name\":\"Zona livre de febre aftosa: Importante conquista para Mato Grosso\",\"isPartOf\":{\"@id\":\"https:\/\/pcimt.org\/#website\"},\"primaryImageOfPage\":{\"@id\":\"https:\/\/pcimt.org\/en\/noroeste-de-mato-grosso-tem-parecer-favoravel-para-zona-livre-de-febre-aftosa-sem-vacinacao\/#primaryimage\"},\"image\":{\"@id\":\"https:\/\/pcimt.org\/en\/noroeste-de-mato-grosso-tem-parecer-favoravel-para-zona-livre-de-febre-aftosa-sem-vacinacao\/#primaryimage\"},\"thumbnailUrl\":\"http:\/\/www.sedec.mt.gov.br\/documents\/195466\/15041508\/MT+come%C3%A7a+a+ser+reconhecido+pelo+MAPA+como+%C3%A1rea+livre+da+aftosa+sem+vacina%C3%A7%C3%A3o\/53686609-61af-a36c-b754-d86925163b86?t=1598298822866+&amp;imageThumbnail=3\",\"datePublished\":\"2020-06-24T22:21:24+00:00\",\"dateModified\":\"2024-07-02T18:30:47+00:00\",\"author\":{\"@id\":\"https:\/\/pcimt.org\/#\/schema\/person\/0157b9ecd4b40c936045ea21257e1ba2\"},\"description\":\"Zona livre de febre aftosa sem vacina\u00e7\u00e3o: conquista de Mato Grosso recebe parecer favor\u00e1vel da OIE, impulsionando a economia local.\",\"breadcrumb\":{\"@id\":\"https:\/\/pcimt.org\/en\/noroeste-de-mato-grosso-tem-parecer-favoravel-para-zona-livre-de-febre-aftosa-sem-vacinacao\/#breadcrumb\"},\"inLanguage\":\"en-US\",\"potentialAction\":[{\"@type\":\"ReadAction\",\"target\":[\"https:\/\/pcimt.org\/en\/noroeste-de-mato-grosso-tem-parecer-favoravel-para-zona-livre-de-febre-aftosa-sem-vacinacao\/\"]}]},{\"@type\":\"ImageObject\",\"inLanguage\":\"en-US\",\"@id\":\"https:\/\/pcimt.org\/en\/noroeste-de-mato-grosso-tem-parecer-favoravel-para-zona-livre-de-febre-aftosa-sem-vacinacao\/#primaryimage\",\"url\":\"http:\/\/www.sedec.mt.gov.br\/documents\/195466\/15041508\/MT+come%C3%A7a+a+ser+reconhecido+pelo+MAPA+como+%C3%A1rea+livre+da+aftosa+sem+vacina%C3%A7%C3%A3o\/53686609-61af-a36c-b754-d86925163b86?t=1598298822866+&amp;imageThumbnail=3\",\"contentUrl\":\"http:\/\/www.sedec.mt.gov.br\/documents\/195466\/15041508\/MT+come%C3%A7a+a+ser+reconhecido+pelo+MAPA+como+%C3%A1rea+livre+da+aftosa+sem+vacina%C3%A7%C3%A3o\/53686609-61af-a36c-b754-d86925163b86?t=1598298822866+&amp;imageThumbnail=3\"},{\"@type\":\"BreadcrumbList\",\"@id\":\"https:\/\/pcimt.org\/en\/noroeste-de-mato-grosso-tem-parecer-favoravel-para-zona-livre-de-febre-aftosa-sem-vacinacao\/#breadcrumb\",\"itemListElement\":[{\"@type\":\"ListItem\",\"position\":1,\"name\":\"In\u00edcio\",\"item\":\"https:\/\/pcimt.org\/\"},{\"@type\":\"ListItem\",\"position\":2,\"name\":\"Noroeste de Mato Grosso tem parecer favor\u00e1vel para zona livre de febre aftosa sem vacina\u00e7\u00e3o\"}]},{\"@type\":\"WebSite\",\"@id\":\"https:\/\/pcimt.org\/#website\",\"url\":\"https:\/\/pcimt.org\/\",\"name\":\"PCI\",\"description\":\"Produzir, Conservar e Incluir\",\"potentialAction\":[{\"@type\":\"SearchAction\",\"target\":{\"@type\":\"EntryPoint\",\"urlTemplate\":\"https:\/\/pcimt.org\/?s={search_term_string}\"},\"query-input\":{\"@type\":\"PropertyValueSpecification\",\"valueRequired\":true,\"valueName\":\"search_term_string\"}}],\"inLanguage\":\"en-US\"},{\"@type\":\"Person\",\"@id\":\"https:\/\/pcimt.org\/#\/schema\/person\/0157b9ecd4b40c936045ea21257e1ba2\",\"name\":\"Nvlo\",\"url\":\"https:\/\/pcimt.org\/en\/author\/nvlo\/\"}]}<\/script>\n<!-- \/ Yoast SEO plugin. -->","yoast_head_json":{"title":"Zona livre de febre aftosa: Importante conquista para Mato Grosso","description":"Zona livre de febre aftosa sem vacina\u00e7\u00e3o: conquista de Mato Grosso recebe parecer favor\u00e1vel da OIE, impulsionando a economia local.","robots":{"index":"index","follow":"follow","max-snippet":"max-snippet:-1","max-image-preview":"max-image-preview:large","max-video-preview":"max-video-preview:-1"},"canonical":"https:\/\/pcimt.org\/en\/noroeste-de-mato-grosso-tem-parecer-favoravel-para-zona-livre-de-febre-aftosa-sem-vacinacao\/","og_locale":"en_US","og_type":"article","og_title":"Zona livre de febre aftosa: Importante conquista para Mato Grosso","og_description":"Zona livre de febre aftosa sem vacina\u00e7\u00e3o: conquista de Mato Grosso recebe parecer favor\u00e1vel da OIE, impulsionando a economia local.","og_url":"https:\/\/pcimt.org\/en\/noroeste-de-mato-grosso-tem-parecer-favoravel-para-zona-livre-de-febre-aftosa-sem-vacinacao\/","og_site_name":"PCI","article_published_time":"2020-06-24T22:21:24+00:00","article_modified_time":"2024-07-02T18:30:47+00:00","og_image":[{"url":"http:\/\/www.sedec.mt.gov.br\/documents\/195466\/15041508\/MT+come%C3%A7a+a+ser+reconhecido+pelo+MAPA+como+%C3%A1rea+livre+da+aftosa+sem+vacina%C3%A7%C3%A3o\/53686609-61af-a36c-b754-d86925163b86?t=1598298822866+&amp;imageThumbnail=3","type":"","width":"","height":""}],"author":"Nvlo","twitter_card":"summary_large_image","twitter_misc":{"Written by":"Nvlo","Est. reading time":"3 minutes"},"schema":{"@context":"https:\/\/schema.org","@graph":[{"@type":"Article","@id":"https:\/\/pcimt.org\/en\/noroeste-de-mato-grosso-tem-parecer-favoravel-para-zona-livre-de-febre-aftosa-sem-vacinacao\/#article","isPartOf":{"@id":"https:\/\/pcimt.org\/en\/noroeste-de-mato-grosso-tem-parecer-favoravel-para-zona-livre-de-febre-aftosa-sem-vacinacao\/"},"author":{"name":"Nvlo","@id":"https:\/\/pcimt.org\/#\/schema\/person\/0157b9ecd4b40c936045ea21257e1ba2"},"headline":"Noroeste de Mato Grosso tem parecer favor\u00e1vel para zona livre de febre aftosa sem vacina\u00e7\u00e3o","datePublished":"2020-06-24T22:21:24+00:00","dateModified":"2024-07-02T18:30:47+00:00","mainEntityOfPage":{"@id":"https:\/\/pcimt.org\/en\/noroeste-de-mato-grosso-tem-parecer-favoravel-para-zona-livre-de-febre-aftosa-sem-vacinacao\/"},"wordCount":520,"commentCount":0,"image":{"@id":"https:\/\/pcimt.org\/en\/noroeste-de-mato-grosso-tem-parecer-favoravel-para-zona-livre-de-febre-aftosa-sem-vacinacao\/#primaryimage"},"thumbnailUrl":"http:\/\/www.sedec.mt.gov.br\/documents\/195466\/15041508\/MT+come%C3%A7a+a+ser+reconhecido+pelo+MAPA+como+%C3%A1rea+livre+da+aftosa+sem+vacina%C3%A7%C3%A3o\/53686609-61af-a36c-b754-d86925163b86?t=1598298822866+&amp;imageThumbnail=3","articleSection":["Noticias-PCI"],"inLanguage":"en-US"},{"@type":"WebPage","@id":"https:\/\/pcimt.org\/en\/noroeste-de-mato-grosso-tem-parecer-favoravel-para-zona-livre-de-febre-aftosa-sem-vacinacao\/","url":"https:\/\/pcimt.org\/en\/noroeste-de-mato-grosso-tem-parecer-favoravel-para-zona-livre-de-febre-aftosa-sem-vacinacao\/","name":"Zona livre de febre aftosa: Importante conquista para Mato Grosso","isPartOf":{"@id":"https:\/\/pcimt.org\/#website"},"primaryImageOfPage":{"@id":"https:\/\/pcimt.org\/en\/noroeste-de-mato-grosso-tem-parecer-favoravel-para-zona-livre-de-febre-aftosa-sem-vacinacao\/#primaryimage"},"image":{"@id":"https:\/\/pcimt.org\/en\/noroeste-de-mato-grosso-tem-parecer-favoravel-para-zona-livre-de-febre-aftosa-sem-vacinacao\/#primaryimage"},"thumbnailUrl":"http:\/\/www.sedec.mt.gov.br\/documents\/195466\/15041508\/MT+come%C3%A7a+a+ser+reconhecido+pelo+MAPA+como+%C3%A1rea+livre+da+aftosa+sem+vacina%C3%A7%C3%A3o\/53686609-61af-a36c-b754-d86925163b86?t=1598298822866+&amp;imageThumbnail=3","datePublished":"2020-06-24T22:21:24+00:00","dateModified":"2024-07-02T18:30:47+00:00","author":{"@id":"https:\/\/pcimt.org\/#\/schema\/person\/0157b9ecd4b40c936045ea21257e1ba2"},"description":"Zona livre de febre aftosa sem vacina\u00e7\u00e3o: conquista de Mato Grosso recebe parecer favor\u00e1vel da OIE, impulsionando a economia local.","breadcrumb":{"@id":"https:\/\/pcimt.org\/en\/noroeste-de-mato-grosso-tem-parecer-favoravel-para-zona-livre-de-febre-aftosa-sem-vacinacao\/#breadcrumb"},"inLanguage":"en-US","potentialAction":[{"@type":"ReadAction","target":["https:\/\/pcimt.org\/en\/noroeste-de-mato-grosso-tem-parecer-favoravel-para-zona-livre-de-febre-aftosa-sem-vacinacao\/"]}]},{"@type":"ImageObject","inLanguage":"en-US","@id":"https:\/\/pcimt.org\/en\/noroeste-de-mato-grosso-tem-parecer-favoravel-para-zona-livre-de-febre-aftosa-sem-vacinacao\/#primaryimage","url":"http:\/\/www.sedec.mt.gov.br\/documents\/195466\/15041508\/MT+come%C3%A7a+a+ser+reconhecido+pelo+MAPA+como+%C3%A1rea+livre+da+aftosa+sem+vacina%C3%A7%C3%A3o\/53686609-61af-a36c-b754-d86925163b86?t=1598298822866+&amp;imageThumbnail=3","contentUrl":"http:\/\/www.sedec.mt.gov.br\/documents\/195466\/15041508\/MT+come%C3%A7a+a+ser+reconhecido+pelo+MAPA+como+%C3%A1rea+livre+da+aftosa+sem+vacina%C3%A7%C3%A3o\/53686609-61af-a36c-b754-d86925163b86?t=1598298822866+&amp;imageThumbnail=3"},{"@type":"BreadcrumbList","@id":"https:\/\/pcimt.org\/en\/noroeste-de-mato-grosso-tem-parecer-favoravel-para-zona-livre-de-febre-aftosa-sem-vacinacao\/#breadcrumb","itemListElement":[{"@type":"ListItem","position":1,"name":"In\u00edcio","item":"https:\/\/pcimt.org\/"},{"@type":"ListItem","position":2,"name":"Noroeste de Mato Grosso tem parecer favor\u00e1vel para zona livre de febre aftosa sem vacina\u00e7\u00e3o"}]},{"@type":"WebSite","@id":"https:\/\/pcimt.org\/#website","url":"https:\/\/pcimt.org\/","name":"The PCI","description":"Produce, Conserve and Include","potentialAction":[{"@type":"SearchAction","target":{"@type":"EntryPoint","urlTemplate":"https:\/\/pcimt.org\/?s={search_term_string}"},"query-input":{"@type":"PropertyValueSpecification","valueRequired":true,"valueName":"search_term_string"}}],"inLanguage":"en-US"},{"@type":"Person","@id":"https:\/\/pcimt.org\/#\/schema\/person\/0157b9ecd4b40c936045ea21257e1ba2","name":"Nvlo","url":"https:\/\/pcimt.org\/en\/author\/nvlo\/"}]}},"_links":{"self":[{"href":"https:\/\/pcimt.org\/en\/wp-json\/wp\/v2\/posts\/1710","targetHints":{"allow":["GET"]}}],"collection":[{"href":"https:\/\/pcimt.org\/en\/wp-json\/wp\/v2\/posts"}],"about":[{"href":"https:\/\/pcimt.org\/en\/wp-json\/wp\/v2\/types\/post"}],"author":[{"embeddable":true,"href":"https:\/\/pcimt.org\/en\/wp-json\/wp\/v2\/users\/2"}],"replies":[{"embeddable":true,"href":"https:\/\/pcimt.org\/en\/wp-json\/wp\/v2\/comments?post=1710"}],"version-history":[{"count":1,"href":"https:\/\/pcimt.org\/en\/wp-json\/wp\/v2\/posts\/1710\/revisions"}],"predecessor-version":[{"id":2099,"href":"https:\/\/pcimt.org\/en\/wp-json\/wp\/v2\/posts\/1710\/revisions\/2099"}],"wp:attachment":[{"href":"https:\/\/pcimt.org\/en\/wp-json\/wp\/v2\/media?parent=1710"}],"wp:term":[{"taxonomy":"category","embeddable":true,"href":"https:\/\/pcimt.org\/en\/wp-json\/wp\/v2\/categories?post=1710"},{"taxonomy":"post_tag","embeddable":true,"href":"https:\/\/pcimt.org\/en\/wp-json\/wp\/v2\/tags?post=1710"}],"curies":[{"name":"wp","href":"https:\/\/api.w.org\/{rel}","templated":true}]}}